{"id":18680,"date":"2021-03-05T10:07:29","date_gmt":"2021-03-05T09:07:29","guid":{"rendered":"https:\/\/kuebler.werbe-sofa.de\/heizkosten-einsparen-bei-offenen-toren-in-hallen-kuebler\/"},"modified":"2024-10-31T11:07:46","modified_gmt":"2024-10-31T10:07:46","slug":"spar-pa-varmeudgifterne-med-abne-dore-i-hallerne-kuebler","status":"publish","type":"post","link":"https:\/\/www.kuebler-hallenheizungen.de\/da\/heizkosten-einsparen-bei-offenen-toren-in-hallen-kuebler\/","title":{"rendered":"Fokus p\u00e5 \"\u00e5bne hal-d\u00f8re\""},"content":{"rendered":"<p>Men sp\u00f8rgsm\u00e5let er, om vi har r\u00e5d til bare at br\u00e6nde dyr varme af gennem \u00e5bne hall-d\u00f8re om vinteren?<\/p>\n<p>Det varme emne \"\u00e5bne lagerd\u00f8re\" er meget omdiskuteret. Mest af alt mellem dem, der er ansvarlige for at reducere driftsomkostningerne i virksomhederne, og dem, der er ansvarlige for at sikre, at produktions- og leveringsprocesserne k\u00f8rer s\u00e5 gnidningsl\u00f8st som muligt. Hvem t\u00e6nker p\u00e5 at lukke d\u00f8re i den daglige drift, hvis de alligevel skal \u00e5bnes igen kort tid efter?<\/p>\n<p>Gennempr\u00f8vede l\u00f8sninger p\u00e5 dette problem bygger p\u00e5 digital intelligens til at styre hallens varmesystemer. S\u00e6rlige v\u00e6rkt\u00f8jer registrerer processerne ved d\u00f8rene og slukker for varmeapparaterne specifikt i den tid, de er \u00e5bne. I l\u00f8bet af opvarmningsperioden sikrer dette en betydelig reduktion af energiforbruget og omkostningerne. Hos en virksomhed i Laubach blev d\u00f8r\u00e5bningstiderne registreret og optimeret p\u00e5 denne m\u00e5de - alene dette reducerede driftsomkostningerne betydeligt. Interessant nok kan disse l\u00f8sninger nemt eftermonteres som moduler i eksisterende kontrolsystemer.<\/p>\n<p>Vil du gerne vide mere om disse kontroll\u00f8sninger? Det er ikke noget problem! Du kan kontakte halvarmespecialisterne hos K\u00dcBLER under Kontakt.<\/p>\n<p>Forresten: Vi afsl\u00f8rer det n\u00e6ste hotte tip om emnet ENERGIEFFEKTIVITET &amp; HALBYGNINGER om en uge.<\/p>","protected":false},"excerpt":{"rendered":"<p>\"Opvarmning med \u00e5bne vinduer\" i private husholdninger er som \"opvarmning med \u00e5bne d\u00f8re\" i produktionshaller og lagerbygninger. Det er dejligt, hvis man har r\u00e5d til det i industri og handel, fordi produktionen og forretningen naturligvis k\u00f8rer - desv\u00e6rre er det ikke en selvf\u00f8lge for mange virksomheder i tider med coronavirus.<\/p>","protected":false},"author":15,"featured_media":17688,"comment_status":"open","ping_status":"open","sticky":false,"template":"","format":"standard","meta":{"_acf_changed":false,"_seopress_robots_primary_cat":"none","_seopress_titles_title":"Mit K\u00dcBLER: Heizkosten sparen bei offenen Hallentoren","_seopress_titles_desc":"Will und kann man es sich leisten, im Winter teure W\u00e4rme einfach durch ge\u00f6ffnete Hallentore zu verheizen? So heizen Sie clever!","_seopress_robots_index":"","footnotes":""},"categories":[1],"tags":[89,386,396],"class_list":["post-18680","post","type-post","status-publish","format-standard","has-post-thumbnail","hentry","category-allgemein","tag-heizkosten-einsparen","tag-hohe-heizkosten","tag-reduktion-von-betriebskosten"],"acf":[],"_links":{"self":[{"href":"https:\/\/www.kuebler-hallenheizungen.de\/da\/wp-json\/wp\/v2\/posts\/18680","targetHints":{"allow":["GET"]}}],"collection":[{"href":"https:\/\/www.kuebler-hallenheizungen.de\/da\/wp-json\/wp\/v2\/posts"}],"about":[{"href":"https:\/\/www.kuebler-hallenheizungen.de\/da\/wp-json\/wp\/v2\/types\/post"}],"author":[{"embeddable":true,"href":"https:\/\/www.kuebler-hallenheizungen.de\/da\/wp-json\/wp\/v2\/users\/15"}],"replies":[{"embeddable":true,"href":"https:\/\/www.kuebler-hallenheizungen.de\/da\/wp-json\/wp\/v2\/comments?post=18680"}],"version-history":[{"count":0,"href":"https:\/\/www.kuebler-hallenheizungen.de\/da\/wp-json\/wp\/v2\/posts\/18680\/revisions"}],"wp:featuredmedia":[{"embeddable":true,"href":"https:\/\/www.kuebler-hallenheizungen.de\/da\/wp-json\/wp\/v2\/media\/17688"}],"wp:attachment":[{"href":"https:\/\/www.kuebler-hallenheizungen.de\/da\/wp-json\/wp\/v2\/media?parent=18680"}],"wp:term":[{"taxonomy":"category","embeddable":true,"href":"https:\/\/www.kuebler-hallenheizungen.de\/da\/wp-json\/wp\/v2\/categories?post=18680"},{"taxonomy":"post_tag","embeddable":true,"href":"https:\/\/www.kuebler-hallenheizungen.de\/da\/wp-json\/wp\/v2\/tags?post=18680"}],"curies":[{"name":"wp","href":"https:\/\/api.w.org\/{rel}","templated":true}]}}