{"id":18750,"date":"2024-03-06T06:54:41","date_gmt":"2024-03-06T05:54:41","guid":{"rendered":"https:\/\/kuebler.werbe-sofa.de\/die-wirtschaft-spricht-esg-und-heizt-multi-energie-flexibel\/"},"modified":"2024-10-31T10:25:33","modified_gmt":"2024-10-31T09:25:33","slug":"okonomien-taler-esg-og-opvarmer-multi-energi-fleksibelt","status":"publish","type":"post","link":"https:\/\/www.kuebler-hallenheizungen.de\/da\/die-wirtschaft-spricht-esg-und-heizt-multi-energie-flexibel\/","title":{"rendered":"\u00d8konomien taler ESG og opvarmer multi-energi fleksibelt."},"content":{"rendered":"<div>\n<div>Svaret er: en hel del. For afh\u00e6ngigt af hvilken teknologi og energikilde du bruger til opvarmning, kan du have en betydelig indflydelse p\u00e5 din virksomheds ESG-rating.<\/div>\n<p>&nbsp;<\/p>\n<div>S\u00f8rg for positive vurderinger med FUTURAs multi-energi-kompatible IR-indend\u00f8rs varmesystem. For nylig anerkendt som<strong> \"Mesterv\u00e6rk inden for opvarmningsteknologi\"<\/strong> og allerede har vundet fem priser, yder denne varmeinnovation et v\u00e6sentligt bidrag til energiomstillingen og spiller ind p\u00e5 dine ESG-kort p\u00e5 flere m\u00e5der:<\/div>\n<p>&nbsp;<\/p>\n<ol>\n<li>De reducerer CO\u2082-udledningen skalerbart til 0. Det g\u00f8r De ganske enkelt ved at drive FUTURA med str\u00f8m, brint, biogas eller en blanding af det hele.<\/li>\n<li>Med FUTURA \u00f8ger du energieffektiviteten betydeligt. Det skyldes, at den nye teknologi kun bruger 30 til 50 af de tidligere 100 % energi. Uanset hvilken energikilde du bruger.<\/li>\n<li>Du kan ogs\u00e5 reducere energiforbruget betydeligt ved kun at opvarme, hvor der rent faktisk er brug for varme. S\u00f8geord: \"lokalt og tidsm\u00e6ssigt fleksibel zoneopvarmning\".<\/li>\n<li>Du \u00f8ger b\u00e6redygtigheden ved ogs\u00e5 at bruge det innovative 2-i-1-system til halbelysning, hvilket reducerer den n\u00f8dvendige m\u00e6ngde kabler og styring betydeligt.<\/li>\n<li>Takket v\u00e6re den j\u00e6vne og tr\u00e6kfri varme sikrer de en h\u00f8j medarbejdertilfredshed og reducerer samtidig sygefrav\u00e6ret.<\/li>\n<\/ol>\n<div>Dette er blot fem af flere store plusser for din ESG-rating p\u00e5 de milj\u00f8m\u00e6ssige og sociale omr\u00e5der. I scorer ogs\u00e5 h\u00f8jt inden for corporate governance takket v\u00e6re jeres overholdelse af de nye GEG-krav, jeres betydelige bidrag til b\u00e6redygtighed og jeres forbedrede driftsresultat takket v\u00e6re de betydelige besparelser p\u00e5 varmeudgifterne.<\/div>\n<div><\/div>\n<p>&nbsp;<\/p>\n<div>Er det interessant for dig? Ring til os p\u00e5 +49 621 57000-0 eller send os en e-mail til <a href=\"mailto:kontakt@kuebler-hallenheizungen.de\">kontakt@kuebler-hallenheizungen.de<\/a><\/div>\n<p>&nbsp;<\/p>\n<div>Vi ser frem til dine sp\u00f8rgsm\u00e5l!<\/div>\n<\/div>","protected":false},"excerpt":{"rendered":"<p>ESG st\u00e5r for Environmental, Social and Corporate Governance og henviser til de tre n\u00f8gleomr\u00e5der inden for b\u00e6redygtig virksomhedsledelse: milj\u00f8, sociale anliggender og virksomhedsledelse.<\/p>\n<p>Men hvad har det at g\u00f8re med dig og den m\u00e5de, du opvarmer dine produktionshaller og lagerbygninger p\u00e5?<\/p>","protected":false},"author":3,"featured_media":18047,"comment_status":"open","ping_status":"open","sticky":false,"template":"","format":"standard","meta":{"_acf_changed":false,"_seopress_robots_primary_cat":"none","_seopress_titles_title":"Die Wirtschaft spricht ESG & heizt Multi-Energie-flexibel","_seopress_titles_desc":"Die Wirtschaft spricht ESG und heizt multi-energie-flexibel: Erfahren Sie, wie K\u00dcBLER innovative L\u00f6sungen f\u00fcr eine nachhaltige W\u00e4rmeversorgung bietet.","_seopress_robots_index":"","footnotes":""},"categories":[1],"tags":[],"class_list":["post-18750","post","type-post","status-publish","format-standard","has-post-thumbnail","hentry","category-allgemein"],"acf":[],"_links":{"self":[{"href":"https:\/\/www.kuebler-hallenheizungen.de\/da\/wp-json\/wp\/v2\/posts\/18750","targetHints":{"allow":["GET"]}}],"collection":[{"href":"https:\/\/www.kuebler-hallenheizungen.de\/da\/wp-json\/wp\/v2\/posts"}],"about":[{"href":"https:\/\/www.kuebler-hallenheizungen.de\/da\/wp-json\/wp\/v2\/types\/post"}],"author":[{"embeddable":true,"href":"https:\/\/www.kuebler-hallenheizungen.de\/da\/wp-json\/wp\/v2\/users\/3"}],"replies":[{"embeddable":true,"href":"https:\/\/www.kuebler-hallenheizungen.de\/da\/wp-json\/wp\/v2\/comments?post=18750"}],"version-history":[{"count":0,"href":"https:\/\/www.kuebler-hallenheizungen.de\/da\/wp-json\/wp\/v2\/posts\/18750\/revisions"}],"wp:featuredmedia":[{"embeddable":true,"href":"https:\/\/www.kuebler-hallenheizungen.de\/da\/wp-json\/wp\/v2\/media\/18047"}],"wp:attachment":[{"href":"https:\/\/www.kuebler-hallenheizungen.de\/da\/wp-json\/wp\/v2\/media?parent=18750"}],"wp:term":[{"taxonomy":"category","embeddable":true,"href":"https:\/\/www.kuebler-hallenheizungen.de\/da\/wp-json\/wp\/v2\/categories?post=18750"},{"taxonomy":"post_tag","embeddable":true,"href":"https:\/\/www.kuebler-hallenheizungen.de\/da\/wp-json\/wp\/v2\/tags?post=18750"}],"curies":[{"name":"wp","href":"https:\/\/api.w.org\/{rel}","templated":true}]}}