{"id":19295,"date":"2017-11-01T11:54:39","date_gmt":"2017-11-01T10:54:39","guid":{"rendered":"https:\/\/kuebler.werbe-sofa.de\/presse\/pressemitteilungen\/preis-leistung-prima\/"},"modified":"2024-10-31T10:18:25","modified_gmt":"2024-10-31T09:18:25","slug":"fremragende-forhold-mellem-pris-og-ydelse","status":"publish","type":"pressemitteilungen","link":"https:\/\/www.kuebler-hallenheizungen.de\/da\/presse\/pressemitteilungen\/preis-leistung-prima\/","title":{"rendered":"Pris. Pr\u00e6station. PRIMA."},"content":{"rendered":"<p>Hallerne kan opvarmes p\u00e5 begge m\u00e5der. Enten s\u00e6rligt billigt. Eller s\u00e6rligt energieffektivt. Men hvad nu, hvis du vil have det ene og ikke kan undv\u00e6re det andet? Simpelthen p\u00e5 grund af lovkravene? Svaret kommer nu fra K\u00dcBLER og hedder PRIMA. Den seneste udvikling fra den infrar\u00f8de varmespecialists innovationscenter.<\/p>\n<p>Hvad ligger der helt pr\u00e6cist bag denne nye serie, vil vi gerne vide og sp\u00f8rger Dr. Jens Findeisen, udviklingschef hos K\u00dcBLER. \"PRIMA er vores seneste serie af standardapparater - skr\u00e6ddersyet til et mere prisf\u00f8lsomt marked. Men udstyret med alle de fordele, du kan forvente af K\u00dcBLER-m\u00e6rket,\" siger Dr. Findeisen. Alle, der kender til den infrar\u00f8de varmespecialists m\u00f8rke radiatorteknologier, ved, hvad de kan regne med. Robust udf\u00f8relse, lang levetid, enkle installations- og vedligeholdelsesforhold, intelligente tilslutningskoncepter og meget mere. Men det vigtigste er: K\u00dcBLERs produkter er kendt for deres enest\u00e5ende energieffektivitet*.<\/p>\n<p>\"Pris, ydeevne og et h\u00f8jt milj\u00f8bidrag var de prim\u00e6re m\u00e5l, da vi udviklede den nye PRIMA-produktlinje,\" siger Dr. Findeisen og forklarer: \"Med PRIMA bruger vi vores bedste br\u00e6nderteknologi, som oprindeligt blev udviklet til den avancerede MAXIMA-serie.\" Resultatet er bem\u00e6rkelsesv\u00e6rdigt for varmeapparater i standardklassen. Den nye serie bringer omkring 60 % str\u00e5lingseffektivitet ind i hallen i form af behagelig infrar\u00f8d varme, der kan bruges direkte i arbejdsomr\u00e5det. Apparatvarianten PRIMA plus opn\u00e5r endda omkring 70 %. Dette kan ogs\u00e5 udtrykkes i omkostningsbesparelser: omkring 10 % reduktion i forbrug og omkostninger pr. \u00e5r sammenlignet med konventionelle standardapparater. Det betaler sig direkte for brugerne af denne nye teknologi. Og giver et betydeligt bidrag til milj\u00f8et.<\/p>\n<p>Apropos milj\u00f8: Alle, der t\u00e6nker p\u00e5 ISO 50001-certificering eller kravene i EnEV, EEW\u00e4rmeG og lignende, er p\u00e5 den sikre side med det nye PRIMA-standardprogram. Dr. Findeisen: \"Den h\u00f8je energieffektivitet giver endda plads til fremtidige stramninger. Og giver dig mere man\u00f8vrerum, n\u00e5r du planl\u00e6gger det energieffektive design af halbygninger\".<\/p>\n<p>PRIMA-seriens halvarmere er universalister. Anvendelsesomr\u00e5det d\u00e6kker b\u00e5de nybyggeri af haller og renoveringsprojekter. Der er stort set ingen begr\u00e6nsninger med hensyn til hallens type. Det eneste, der er vigtigt, er loftsh\u00f8jden. Den b\u00f8r v\u00e6re mindst 4 meter. PRIMA f\u00e5s i et bredt ydelsesomr\u00e5de og i forskellige versioner - ud over basisversionen er der ogs\u00e5 PRIMA plus-versionen med ekstra isolering. Eller i en version i rustfrit st\u00e5l til fugtige omr\u00e5der. PRIMA-enhedens arkitektur er pr\u00e6cis, som du ville forvente af andre m\u00f8rke K\u00dcBLER-radiatorer: modul\u00e6r. Det g\u00f8r det muligt at implementere skr\u00e6ddersyede varmekoncepter, som til enhver tid kan tilpasses eller udvides, s\u00e5 de passer til \u00e6ndrede brugsforhold.<\/p>\n<p>\"N\u00e5r det drejer sig om energieffektivitet, er det ogs\u00e5 vigtigt, at alle vores varme- og softwarel\u00f8sninger er kompatible med hinanden. Det g\u00e6lder naturligvis ogs\u00e5 PRIMA,\" tilf\u00f8jer Dr. Findeisen. Det betyder, at den nye apparatserie kan integreres problemfrit i eksisterende systemer. Den kan designes som et H.Y.B.R.I.D.- eller Helio.B.R.I.D.-system. Det kommunikerer med alle K\u00dcBLERs kontrolmoduler. Og kan naturligvis ogs\u00e5 v\u00e6re en komponent i den banebrydende W\u00c4RME 4.0-varmestrategi, hvormed K\u00dcBLER bringer halopvarmning ind i digitale og netv\u00e6rksbaserede effektivitetsdimensioner.<\/p>\n<p>Infrar\u00f8d varme opfattes som s\u00e6rlig behagelig, fordi den ligner solens naturlige opvarmningsprincip. Den opvarmer hovedsageligt gulve, kroppe og genstande uden at generere n\u00e6vnev\u00e6rdige m\u00e6ngder varm luft. Det er i \u00f8vrigt ogs\u00e5 en vigtig \u00e5rsag til den h\u00f8je effektivitet i K\u00dcBLERs varmeteknologi. For uden varm luft kan ingen opstigende varmluftsfaner fise ubrugte ud under hallens loft. Med dette princip sikrer PRIMA j\u00e6vne, behagelige temperaturforhold i hallen. Uden st\u00f8vturbulens og tr\u00e6k.<\/p>\n<p>\"Med PRIMA l\u00f8fter vi vores standardportef\u00f8lje op p\u00e5 et helt nyt pr\u00e6stationsniveau,\" siger den tekniske doktor som svar p\u00e5 vores sp\u00f8rgsm\u00e5l om, hvordan den nye serie passer ind i K\u00dcBLERs produktstrategi. \"Men det vigtigste er, at vi med PRIMA ogs\u00e5 \u00e5bner op for emnet h\u00f8jeffektivitet for brugergrupper, for hvem det tidligere var for dyrt at spare p\u00e5 energien.\"<\/p>\n<p>* K\u00dcBLER har modtaget flere priser for sine energibesparende l\u00f8sninger til opvarmning af haller, herunder den tyske b\u00e6redygtighedspris for H.Y.B.R. I.D.-systemets s\u00e6rlige energieffektivitet, senest som Hidden Champion af det pfalziske industri- og handelskammer.<\/p>","protected":false},"featured_media":2530,"template":"","categories":[],"class_list":["post-19295","pressemitteilungen","type-pressemitteilungen","status-publish","has-post-thumbnail","hentry"],"acf":[],"_links":{"self":[{"href":"https:\/\/www.kuebler-hallenheizungen.de\/da\/wp-json\/wp\/v2\/pressemitteilungen\/19295","targetHints":{"allow":["GET"]}}],"collection":[{"href":"https:\/\/www.kuebler-hallenheizungen.de\/da\/wp-json\/wp\/v2\/pressemitteilungen"}],"about":[{"href":"https:\/\/www.kuebler-hallenheizungen.de\/da\/wp-json\/wp\/v2\/types\/pressemitteilungen"}],"wp:featuredmedia":[{"embeddable":true,"href":"https:\/\/www.kuebler-hallenheizungen.de\/da\/wp-json\/wp\/v2\/media\/2530"}],"wp:attachment":[{"href":"https:\/\/www.kuebler-hallenheizungen.de\/da\/wp-json\/wp\/v2\/media?parent=19295"}],"wp:term":[{"taxonomy":"category","embeddable":true,"href":"https:\/\/www.kuebler-hallenheizungen.de\/da\/wp-json\/wp\/v2\/categories?post=19295"}],"curies":[{"name":"wp","href":"https:\/\/api.w.org\/{rel}","templated":true}]}}