{"id":28686,"date":"2024-11-25T11:00:11","date_gmt":"2024-11-25T10:00:11","guid":{"rendered":"https:\/\/www.kuebler-hallenheizungen.de\/?post_type=pressemitteilungen&#038;p=28686"},"modified":"2024-11-28T21:48:57","modified_gmt":"2024-11-28T20:48:57","slug":"sporgsmalet-er-hvordan-vi-bevarer-industrierne-og-bliver-klimavenlige-pa-samme-tid","status":"publish","type":"pressemitteilungen","link":"https:\/\/www.kuebler-hallenheizungen.de\/da\/presse\/pressemitteilungen\/es-geht-um-die-frage-wie-erhalten-wir-die-industrien-und-werden-gleichzeitig-klimafreundlich\/","title":{"rendered":"\"Sp\u00f8rgsm\u00e5let er: Hvordan bevarer vi industrierne og bliver klimavenlige p\u00e5 samme tid?\""},"content":{"rendered":"<p>Industriomr\u00e5det p\u00e5 Alusingen-Platz 1 har en lang tradition. Her er der blevet forarbejdet aluminium siden 1912. I dag har internationalt aktive virksomheder som Amcor Flexibles Singen GmbH, Constellium og 3A Composites til huse p\u00e5 aluminiumsv\u00e6rkets omr\u00e5de. Hvad der ikke har \u00e6ndret sig, er stedets store betydning for regionen. Alene de tre virksomheder besk\u00e6ftiger over 3.000 mennesker.<\/p>\n<p>For klima- og energipolitisk ordf\u00f8rer Andreas Jung stod to sp\u00f8rgsm\u00e5l i centrum i hans hjemlige valgkreds i dag: Hvilke teknologier kan bruges til at opvarme de gigantiske produktionshaller og lagerbygninger p\u00e5 stedet p\u00e5 en klimavenlig m\u00e5de? Og hvad har virksomhederne brug for for at sikre deres placering og arbejdspladser? Andreas Jung:<\/p>\n<p><em>\"Sp\u00f8rgsm\u00e5let er: Hvordan bevarer vi industrierne og bliver klimavenlige p\u00e5 samme tid?\"<\/em><\/p>\n<p>At der er et svar p\u00e5 begge sp\u00f8rgsm\u00e5l, blev klart under bes\u00f8get p\u00e5 stedet. Den gamle varmeforsyning til stedet via dampdrevne varmluftsystemer blev stort set afmonteret. Ikke kun for at st\u00f8tte udfasningen af kul, men ogs\u00e5 fordi denne type opvarmning var blevet alt for energikr\u00e6vende og dyr i h\u00f8je haller. Thomas K\u00fcbler, der er specialist i klimavenlig halopvarmning, forklarer, hvorfor det bogstaveligt talt ligger i sagens natur: \"Det er ret enkelt. Af fysiske \u00e5rsager stiger varm luft op, hvor der ikke er brug for den i haller: op under taget. Og det koster un\u00f8digt meget energi\".<\/p>\n<p>Ingen af operat\u00f8rerne p\u00e5 Alusingenplatz har fortrudt deres beslutning om at modernisere varmesystemet med h\u00f8jeffektive decentrale infrar\u00f8de m\u00f8rkeradiatorer. I stedet for varm luft udnytter disse infrar\u00f8de systemer solens naturlige varmeprincip. De udvikler kun deres varmeeffekt, n\u00e5r de infrar\u00f8de str\u00e5ler rammer gulve eller genstande, dvs. netop i de omr\u00e5der, hvor folk arbejder. Det reducerer energiforbruget med op til 70 procent eller mere. Takket v\u00e6re de enorme omkostningsbesparelser er investeringen tjent hjem p\u00e5 meget kort tid, og selv de seneste \u00e5rs energiprisstigninger g\u00f8r ikke l\u00e6ngere helt s\u00e5 ondt. I sidste ende hj\u00e6lper det begge parter: milj\u00f8et og virksomheden.<\/p>\n<p><em>\"Jeg fik et indtryk af, hvordan effektive varmesystemer kan yde et v\u00e6rdifuldt bidrag til \u00f8konomisk effektivitet og milj\u00f8et.\"<\/em><\/p>\n<p>sagde Andreas Jung efter rundvisningen p\u00e5 stedet. P\u00e5 sp\u00f8rgsm\u00e5let om, hvordan han kan st\u00f8tte industrien i at sikre, at fornuftige tekniske l\u00f8sninger, snarere end ideologisk drevne love, er afg\u00f8rende i fremtiden, svarede viceforbundsformanden: \"Vi er n\u00f8dt til at s\u00e6tte de rigtige rammebetingelser nu, og det betyder CO<sub>2 <\/sub>reduceres, og ikke at der skal indf\u00f8res obligatoriske teknologier. N\u00e5r det g\u00e6lder klimabeskyttelse, er det netop det, der er afg\u00f8rende: at vi reducerer CO\u2082-udledningen. Der er ikke \u00e9n vej til dette m\u00e5l, men der er forskellige veje. Og netop derfor skal rammerne fastl\u00e6gges p\u00e5 en s\u00e5dan m\u00e5de, at den mest effektive teknologi vinder frem.\u201c<\/p>","protected":false},"featured_media":28788,"template":"","categories":[1],"class_list":["post-28686","pressemitteilungen","type-pressemitteilungen","status-publish","has-post-thumbnail","hentry","category-allgemein"],"acf":[],"_links":{"self":[{"href":"https:\/\/www.kuebler-hallenheizungen.de\/da\/wp-json\/wp\/v2\/pressemitteilungen\/28686","targetHints":{"allow":["GET"]}}],"collection":[{"href":"https:\/\/www.kuebler-hallenheizungen.de\/da\/wp-json\/wp\/v2\/pressemitteilungen"}],"about":[{"href":"https:\/\/www.kuebler-hallenheizungen.de\/da\/wp-json\/wp\/v2\/types\/pressemitteilungen"}],"wp:featuredmedia":[{"embeddable":true,"href":"https:\/\/www.kuebler-hallenheizungen.de\/da\/wp-json\/wp\/v2\/media\/28788"}],"wp:attachment":[{"href":"https:\/\/www.kuebler-hallenheizungen.de\/da\/wp-json\/wp\/v2\/media?parent=28686"}],"wp:term":[{"taxonomy":"category","embeddable":true,"href":"https:\/\/www.kuebler-hallenheizungen.de\/da\/wp-json\/wp\/v2\/categories?post=28686"}],"curies":[{"name":"wp","href":"https:\/\/api.w.org\/{rel}","templated":true}]}}