{"id":157597,"date":"2026-04-26T18:54:55","date_gmt":"2026-04-26T16:54:55","guid":{"rendered":"https:\/\/www.kuebler-hallenheizungen.de\/?post_type=shortnews&#038;p=157597"},"modified":"2026-04-26T19:03:30","modified_gmt":"2026-04-26T17:03:30","slug":"sondagstanker-26-04-2026","status":"publish","type":"shortnews","link":"https:\/\/www.kuebler-hallenheizungen.de\/da\/kurznews\/sonntagsgedanken-26-04-2026\/","title":{"rendered":"S\u00f8ndagens tanker"},"content":{"rendered":"<p>Det er s\u00f8ndag. Den ideelle dag til at stoppe op et \u00f8jeblik - og se frem mod i morgen.<br \/>Senest i 2045 vil Tyskland have klimaneutral opvarmning. Selv i produktionshaller og lagerbygninger.<\/p>\r\n\r\n\r\n\r\n<p>Den gode nyhed: <strong>Teknologien til dette findes allerede i dag.<\/strong><br \/>Energifleksible infrar\u00f8de halopvarmningssystemer fra K\u00dcBLER arbejder allerede 50 til 70 procent mere effektivt end konventionelle systemer. FUTURA skifter problemfrit mellem elektricitet, biogas, brint, naturgas eller metan - altid den energikilde, der er tilg\u00e6ngelig p\u00e5 daglig basis, og som er billigst.<\/p>\r\n\r\n\r\n\r\n<p><strong>Mindre energi. Mindre CO\u2082. F\u00e6rre omkostninger.<\/strong><\/p>\r\n\r\n\r\n\r\n\r\n\r\n<p>Og uden at g\u00e5 p\u00e5 kompromis - ikke engang i arbejdsomr\u00e5det i din hal.<br \/>Fordi solens naturlige varmestr\u00e5ling varmer pr\u00e6cis der, hvor dine medarbejdere har brug for det: nedenunder, p\u00e5 halgulvet. Ikke under hallens tag.<\/p>\r\n\r\n\r\n\r\n<p>Den, der planl\u00e6gger i dag, bestemmer morgendagens energiomkostninger<br \/>og hvor konkurrencedygtig hans hal stadig vil v\u00e6re i 2045.<\/p>\r\n\r\n\r\n\r\n<p>K\u00dcBLER \u00f8nsker dig en afslappende s\u00f8ndag.<\/p>\r\n\r\n\r\n\r\n<p>#Sundaythought #energyturnaround #Hallheating #Infraredheating #FUTURA #Decarbonisation #ClimateNeutral2045 #Energyefficiency #CO2reduction #Competitiveadvantage<\/p>","protected":false},"featured_media":157601,"template":"","class_list":["post-157597","shortnews","type-shortnews","status-publish","has-post-thumbnail","hentry"],"acf":[],"_links":{"self":[{"href":"https:\/\/www.kuebler-hallenheizungen.de\/da\/wp-json\/wp\/v2\/shortnews\/157597","targetHints":{"allow":["GET"]}}],"collection":[{"href":"https:\/\/www.kuebler-hallenheizungen.de\/da\/wp-json\/wp\/v2\/shortnews"}],"about":[{"href":"https:\/\/www.kuebler-hallenheizungen.de\/da\/wp-json\/wp\/v2\/types\/shortnews"}],"wp:featuredmedia":[{"embeddable":true,"href":"https:\/\/www.kuebler-hallenheizungen.de\/da\/wp-json\/wp\/v2\/media\/157601"}],"wp:attachment":[{"href":"https:\/\/www.kuebler-hallenheizungen.de\/da\/wp-json\/wp\/v2\/media?parent=157597"}],"curies":[{"name":"wp","href":"https:\/\/api.w.org\/{rel}","templated":true}]}}