{"id":157790,"date":"2026-04-28T22:10:55","date_gmt":"2026-04-28T20:10:55","guid":{"rendered":"https:\/\/www.kuebler-hallenheizungen.de\/kurznews\/waermewende-2030-weichen-stellen\/"},"modified":"2026-04-28T22:18:29","modified_gmt":"2026-04-28T20:18:29","slug":"baner-vejen-for-turnaround-i-2030","status":"publish","type":"shortnews","link":"https:\/\/www.kuebler-hallenheizungen.de\/da\/kurznews\/waermewende-2030-weichen-stellen\/","title":{"rendered":"Hvordan virksomheder s\u00e6tter den rigtige kurs i dag"},"content":{"rendered":"<p>Varmeomstillingen er ikke l\u00e6ngere et fremtidigt emne for SMV'er - men en aktuel strategisk opgave. Dette blev understreget under webinaret \u201e<strong>Varmeomstilling 2030: S\u00e5dan s\u00e6tter du kursen i dag for en effektiv og lovmedholdelig fremtid<\/strong>\", som blev arrangeret af IHK Trier sammen med IHK-Arbeitsgemeinschaft Rheinland-Pfalz. I sin pr\u00e6sentation <a href=\"https:\/\/www.linkedin.com\/in\/thomas-k%C3%BCbler-2a391a57\/\" target=\"_blank\" rel=\"noopener\">Thomas K\u00fcbler<\/a> (K\u00dcBLER GmbH Energiesparende Hallenheizungen) gav praktisk indsigt i de politiske rammer og viste, hvordan virksomheder kan gennemf\u00f8re varmeomstillingen \u00f8konomisk - is\u00e6r i indend\u00f8rs- og erhvervsbygninger.<\/p>\r\n\r\n\r\n\r\n<p>Den erfarne iv\u00e6rks\u00e6tter var en vigtig drivkraft:<\/p>\r\n\r\n\r\n\r\n<p><strong>\u2192 Varme er n\u00f8glen til energiomstillingen<\/strong><br \/>Varme st\u00e5r for op til 70 % af energiforbruget i virksomheder - det er her, den st\u00f8rste l\u00f8ftestang ligger.<\/p>\r\n\r\n\r\n\r\n<p><strong>\u2192 Effektivitet f\u00f8r energikilder<\/strong><br \/>Sp\u00f8rgsm\u00e5let om gas, elektricitet eller brint er ikke udgangspunktet, men snarere optimeringen af det eksisterende system.<\/p>\r\n\r\n\r\n\r\n<p><strong>\u2192 Specifikke krav til haller<\/strong><br \/>H\u00f8je rum, luftlagdeling og korte brugstider g\u00f8r ofte klassiske varmluftl\u00f8sninger ineffektive.<\/p>\r\n\r\n\r\n\r\n<p><strong>\u2192 Teknologisk \u00e5benhed i stedet for teknologiske begr\u00e6nsninger<\/strong><br \/>Den afg\u00f8rende faktor er CO\u2082-reduktion - ikke forpligtelsen til en enkelt l\u00f8sning.<\/p>\r\n\r\n\r\n\r\n<p><strong>\u2192 Infrar\u00f8d som en effektiv tilgang<\/strong><br \/>Rettet varme reducerer tab, muligg\u00f8r hurtig opvarmning og \u00f8ger brugernes accept.<\/p>\r\n\r\n\r\n\r\n<p><strong>\u2192 Energifleksibilitet skaber fremtidssikring<\/strong><br \/>Systemer, der integrerer forskellige energikilder, \u00f8ger modstandsdygtigheden og effektiviteten.<\/p>\r\n\r\n\r\n\r\n<p><strong>\u2192 Digitalisering som drivkraft<\/strong><br \/>M\u00e5lbarhed og styrbarhed er vigtige foruds\u00e6tninger for effektiv varmestyring.<\/p>\r\n\r\n\r\n\r\n\r\n\r\n<p>Modereret af <a href=\"https:\/\/www.linkedin.com\/in\/sarahsousa71918121b\/\" target=\"_blank\" rel=\"noopener\">Sarah Sousa<\/a>, I det andet opl\u00e6g af Nicola Kimiaie fra Mittelstand-Digital Zentrum Franken var webseminaret ogs\u00e5 rettet mod medarbejdere og beslutningstagere fra sm\u00e5 og mellemstore virksomheder, fort\u00e6ller Nicola Kimiaie, der er energi- og milj\u00f8ansvarlig i industri- og handelskammeret i Pfalz. For is\u00e6r sm\u00e5 og mellemstore virksomheder st\u00e5r over for nye tekniske, \u00f8konomiske og lovgivningsm\u00e6ssige udfordringer som f\u00f8lge af varmeomstillingen. Men samtidig kan det \u00e5bne op for store muligheder for at udnytte energien mere effektivt, reducere omkostningerne og udvikle nye former for varmeforsyning.<\/p>\r\n\r\n\r\n\r\n<p><strong>Konklusion:<\/strong><br \/>Varmeomstillingen starter med effektivitet - og kan i mange tilf\u00e6lde realiseres \u00f8konomisk hurtigere end antaget (ofte inden for 5-7 \u00e5r). For SMV'er betyder det, at de, der handler i dag, ikke kun kan opfylde lovkrav, men ogs\u00e5 reducere omkostningerne og sikre konkurrencefordele p\u00e5 lang sigt.<\/p>\r\n\r\n\r\n\r\n\r\n\r\n<p>#Heat transition #Energy efficiency #SMEs #Energy transition #Sustainability #Industry #TTransformation #Digitalisation<\/p>","protected":false},"featured_media":157791,"template":"","class_list":["post-157790","shortnews","type-shortnews","status-publish","has-post-thumbnail","hentry"],"acf":[],"_links":{"self":[{"href":"https:\/\/www.kuebler-hallenheizungen.de\/da\/wp-json\/wp\/v2\/shortnews\/157790","targetHints":{"allow":["GET"]}}],"collection":[{"href":"https:\/\/www.kuebler-hallenheizungen.de\/da\/wp-json\/wp\/v2\/shortnews"}],"about":[{"href":"https:\/\/www.kuebler-hallenheizungen.de\/da\/wp-json\/wp\/v2\/types\/shortnews"}],"wp:featuredmedia":[{"embeddable":true,"href":"https:\/\/www.kuebler-hallenheizungen.de\/da\/wp-json\/wp\/v2\/media\/157791"}],"wp:attachment":[{"href":"https:\/\/www.kuebler-hallenheizungen.de\/da\/wp-json\/wp\/v2\/media?parent=157790"}],"curies":[{"name":"wp","href":"https:\/\/api.w.org\/{rel}","templated":true}]}}