{"id":32410,"date":"2025-09-09T19:44:32","date_gmt":"2025-09-09T17:44:32","guid":{"rendered":"https:\/\/www.kuebler-hallenheizungen.de\/?post_type=shortnews&#038;p=32410"},"modified":"2025-09-09T19:44:32","modified_gmt":"2025-09-09T17:44:32","slug":"eu-ets-co2-prissaetning","status":"publish","type":"shortnews","link":"https:\/\/www.kuebler-hallenheizungen.de\/da\/kurznews\/eu-ets-co2-bepreisung\/","title":{"rendered":"EU-ETS &amp; CO\u2082-PRISFAST\u00c6GGELSE"},"content":{"rendered":"<p>I 2027 tr\u00e6der endnu et emissionshandelssystem i kraft med EU ETS 2, og det vil f\u00e5 vidtr\u00e6kkende konsekvenser for hele den europ\u00e6iske \u00f8konomi. Mange mennesker er m\u00e5ske endnu ikke klar over den eksplosive kraft, som det nye system kan have p\u00e5 prisudviklingen for fossile br\u00e6ndstoffer, if\u00f8lge eksperter. Men nu er det tid til at handle!<\/p>\n<p>P\u00e5 dette webseminar f\u00e5r du et indblik i de nye udfordringer, der vil p\u00e5virke den private sektor og i endnu h\u00f8jere grad n\u00e6sten alle virksomheder i EU. Find ud af, hvilke smarte energi- og varmestrategier du kan bruge til at mestre udfordringerne og forvandle dem til overskud for din virksomhed. Med<br \/>\n-Jochen Sch\u00e4fer, CEO hos Cube Concepts<br \/>\n-Kai-Uwe Gr\u00fctter, tegningsberettiget hos K\u00dcBLER<\/p>\n<p>To anerkendte eksperter vil guide dig gennem dette webseminar. Stil dine sp\u00f8rgsm\u00e5l, deltag i diskussionen og f\u00e5 v\u00e6rdifulde tips og r\u00e5d om, hvordan du p\u00e5 en pragmatisk og \u00f8konomisk m\u00e5de kan afv\u00e6rge omkostningsbomben for din virksomhed.<\/p>\n<p>Webseminaret finder sted online via Microsoft Teams. Vi ser frem til din deltagelse!<\/p>\n<p>EU ETS &amp; CO\u2082-PRISER - S\u00e5dan desarmerer du omkostningsbomben<br \/>\nTirsdag, 23.09.2025 | 11:00 \u2013 12:00 | Microsoft Teams<\/p>\n<blockquote class=\"wp-embedded-content\" data-secret=\"Dmx6lovx8z\"><p><a href=\"https:\/\/www.kuebler-hallenheizungen.de\/da\/produkter\/kuebler-academy\/\">begivenheder<\/a><\/p><\/blockquote>\n<p><iframe class=\"wp-embedded-content\" sandbox=\"allow-scripts\" security=\"restricted\" style=\"position: absolute; visibility: hidden;\" title=\"\u201eEvents\u201c - K\u00dcBLER Energibesparende systemer til opvarmning af haller\" src=\"https:\/\/www.kuebler-hallenheizungen.de\/produkte\/kuebler-akademie\/embed\/#?secret=kZix76R5pN#?secret=Dmx6lovx8z\" data-secret=\"Dmx6lovx8z\" width=\"500\" height=\"282\" frameborder=\"0\" marginwidth=\"0\" marginheight=\"0\" scrolling=\"no\"><\/iframe><\/p>\n<p>#EUETS #CO\u2082-priss\u00e6tning 1TP5Energipolitik 1TP5Klimabeskyttelse 1TP5B\u00e6redygtighed 1TP5Energiovergang 1TP5\u00d8konomi 1TP5Omkostningsbremse 1TP5Emissioner #Webseminar<\/p>\n<p>&nbsp;<\/p>","protected":false},"featured_media":32414,"template":"","class_list":["post-32410","shortnews","type-shortnews","status-publish","has-post-thumbnail","hentry"],"acf":[],"_links":{"self":[{"href":"https:\/\/www.kuebler-hallenheizungen.de\/da\/wp-json\/wp\/v2\/shortnews\/32410","targetHints":{"allow":["GET"]}}],"collection":[{"href":"https:\/\/www.kuebler-hallenheizungen.de\/da\/wp-json\/wp\/v2\/shortnews"}],"about":[{"href":"https:\/\/www.kuebler-hallenheizungen.de\/da\/wp-json\/wp\/v2\/types\/shortnews"}],"wp:featuredmedia":[{"embeddable":true,"href":"https:\/\/www.kuebler-hallenheizungen.de\/da\/wp-json\/wp\/v2\/media\/32414"}],"wp:attachment":[{"href":"https:\/\/www.kuebler-hallenheizungen.de\/da\/wp-json\/wp\/v2\/media?parent=32410"}],"curies":[{"name":"wp","href":"https:\/\/api.w.org\/{rel}","templated":true}]}}