{"id":37667,"date":"2025-10-03T16:57:05","date_gmt":"2025-10-03T14:57:05","guid":{"rendered":"https:\/\/www.kuebler-hallenheizungen.de\/?post_type=shortnews&#038;p=37667"},"modified":"2025-10-05T20:03:00","modified_gmt":"2025-10-05T18:03:00","slug":"halleopvarmning-i-premiumkvalitet-fremstillet-i-ost-og-vesteuropa","status":"publish","type":"shortnews","link":"https:\/\/www.kuebler-hallenheizungen.de\/da\/kurznews\/hallenheizungen-in-premium-qualitaet-made-ost-und-west\/","title":{"rendered":"Halleopvarmning i premiumkvalitet \u2013 fremstillet i \u00d8st og Vest."},"content":{"rendered":"<p>Hvad forbinder K\u00dcBLER og den tyske genforening? Det er ganske enkelt: Vi var de f\u00f8rste, der byggede i Sachsen. Og vi er en af de f\u00e5 fra den f\u00f8rste time, der stadig har r\u00f8dder \u201ederovre\u201c.<\/p>\n<p>Vores produktionscenter i Dresden er blevet en succeshistorie. I dag fremstiller vi n\u00e6sten alle komponenter til vores avancerede halvarme selv. Til dette har vi investeret kraftigt: i vores medarbejderes omfattende know-how og i et topmoderne maskinpark.<\/p>\n<p>Fra begyndelsen var det vigtigste dog sammenholdet i den store K\u00dcBLER-familie. Derfor er den tyske forening ogs\u00e5 en helt s\u00e6rlig dag for os.<br \/>\nSammen er vi blevet teknologiledende og er stolte af at yde et vigtigt bidrag til b\u00e6redygtig og fremtidssikret opvarmning af erhvervshaller \u2013 \u00e6gte Made in Germany.<\/p>\n<blockquote class=\"wp-embedded-content\" data-secret=\"BosXCaPnBf\"><p><a href=\"https:\/\/www.kuebler-hallenheizungen.de\/da\/om-kuebler\/\">Om K\u00dcBLER<\/a><\/p><\/blockquote>\n<p><iframe class=\"wp-embedded-content\" sandbox=\"allow-scripts\" security=\"restricted\" style=\"position: absolute; visibility: hidden;\" title=\"\u201eOm K\u00dcBLER\u201c \u2014 K\u00dcBLER Energibesparende halvarme\" src=\"https:\/\/www.kuebler-hallenheizungen.de\/ueber-kuebler\/embed\/#?secret=sx6U3pizpg#?secret=BosXCaPnBf\" data-secret=\"BosXCaPnBf\" width=\"500\" height=\"282\" frameborder=\"0\" marginwidth=\"0\" marginheight=\"0\" scrolling=\"no\"><\/iframe><\/p>\n<p># Tysklands forening # Tysk forening # Genforening # Made in Germany # K\u00dcBLER # Halopvarmning # Energieffektivitet # Teknologileder # Varmeteknik # B\u00e6redygtige l\u00f8sninger # Premiumkvalitet #InnovationMadeInGermany<\/p>","protected":false},"featured_media":37671,"template":"","class_list":["post-37667","shortnews","type-shortnews","status-publish","has-post-thumbnail","hentry"],"acf":[],"_links":{"self":[{"href":"https:\/\/www.kuebler-hallenheizungen.de\/da\/wp-json\/wp\/v2\/shortnews\/37667","targetHints":{"allow":["GET"]}}],"collection":[{"href":"https:\/\/www.kuebler-hallenheizungen.de\/da\/wp-json\/wp\/v2\/shortnews"}],"about":[{"href":"https:\/\/www.kuebler-hallenheizungen.de\/da\/wp-json\/wp\/v2\/types\/shortnews"}],"wp:featuredmedia":[{"embeddable":true,"href":"https:\/\/www.kuebler-hallenheizungen.de\/da\/wp-json\/wp\/v2\/media\/37671"}],"wp:attachment":[{"href":"https:\/\/www.kuebler-hallenheizungen.de\/da\/wp-json\/wp\/v2\/media?parent=37667"}],"curies":[{"name":"wp","href":"https:\/\/api.w.org\/{rel}","templated":true}]}}