{"id":37837,"date":"2025-10-05T20:55:38","date_gmt":"2025-10-05T18:55:38","guid":{"rendered":"https:\/\/www.kuebler-hallenheizungen.de\/?post_type=shortnews&#038;p=37837"},"modified":"2025-10-05T20:56:01","modified_gmt":"2025-10-05T18:56:01","slug":"opvarme-haller-okonomisk-og-i-overensstemmelse-med-lovgivningen-men-hvordan","status":"publish","type":"shortnews","link":"https:\/\/www.kuebler-hallenheizungen.de\/da\/kurznews\/hallen-wirtschaftlich-und-geg-konform-heizen-aber-wie\/","title":{"rendered":"Opvarm haller \u00f8konomisk og i overensstemmelse med GEG! Men hvordan?"},"content":{"rendered":"<p>Udnyt alle fordelene ved infrar\u00f8d opvarmning i overensstemmelse med GEG. Ved det r\u00f8de bord besvarer specialister sp\u00f8rgsm\u00e5l om opvarmning af haller. Emner, der vedr\u00f8rer alle, der nu \u00f8nsker at have fokus p\u00e5 morgendagens varme- og energistrategi. I dag handler det om \u201evarmeloven\u201c GEG og sp\u00f8rgsm\u00e5let: \u201eOpvarmning af haller p\u00e5 en \u00f8konomisk og GEG-konform m\u00e5de! Men hvordan?\u201c<\/p>\n<p><iframe width=\"315\" height=\"560\" src=\"https:\/\/www.youtube.com\/embed\/diHJykwLNRM\" title=\"YouTube Shorts-afspiller\" frameborder=\"0\" allow=\"accelerometer; autoplay; clipboard-write; encrypted-media; gyroscope; picture-in-picture\" allowfullscreen><\/iframe><\/p>\n<p>#Hallopvarmning #GEG-kompatibel #Energi effektivitet #Infrar\u00f8d opvarmning #Industriopvarmning #Hallopvarmning #Opvarmningslov #Energistrategi #B\u00e6redygtighed #Ekonomisk opvarmning #R\u00f8d bord #Kuebler #EnergieMitZukunft<\/p>","protected":false},"featured_media":37842,"template":"","class_list":["post-37837","shortnews","type-shortnews","status-publish","has-post-thumbnail","hentry"],"acf":[],"_links":{"self":[{"href":"https:\/\/www.kuebler-hallenheizungen.de\/da\/wp-json\/wp\/v2\/shortnews\/37837","targetHints":{"allow":["GET"]}}],"collection":[{"href":"https:\/\/www.kuebler-hallenheizungen.de\/da\/wp-json\/wp\/v2\/shortnews"}],"about":[{"href":"https:\/\/www.kuebler-hallenheizungen.de\/da\/wp-json\/wp\/v2\/types\/shortnews"}],"wp:featuredmedia":[{"embeddable":true,"href":"https:\/\/www.kuebler-hallenheizungen.de\/da\/wp-json\/wp\/v2\/media\/37842"}],"wp:attachment":[{"href":"https:\/\/www.kuebler-hallenheizungen.de\/da\/wp-json\/wp\/v2\/media?parent=37837"}],"curies":[{"name":"wp","href":"https:\/\/api.w.org\/{rel}","templated":true}]}}