{"id":40330,"date":"2025-10-21T17:10:57","date_gmt":"2025-10-21T15:10:57","guid":{"rendered":"https:\/\/www.kuebler-hallenheizungen.de\/?post_type=shortnews&#038;p=40330"},"modified":"2025-10-21T17:11:49","modified_gmt":"2025-10-21T15:11:49","slug":"strategisk-partner-i-ostrig-kuebler-raymann-kraft-der-sonne-photovoltaikanlagen-gmbh","status":"publish","type":"shortnews","link":"https:\/\/www.kuebler-hallenheizungen.de\/da\/kurznews\/strategische-partner-in-oesterreich-kuebler-raymann-kraft-der-sonne-photovoltaikanlagen-gmbh\/","title":{"rendered":"Strategiske partnere i \u00d8strig: K\u00dcBLER &amp; Raymann Kraft der Sonne Photovoltaikanlagen GmbH"},"content":{"rendered":"<p>Vi er meget glade for det f\u00f8rste K\u00dcBLER-specialistpartnerskab i \u00d8strig!<\/p>\n<p>Hvorfor er K\u00dcBLER den rigtige partner for den anerkendte elinstallat\u00f8r? Fordi produktkvalitet og innovation er topprioriteter for den fremtidsorienterede virksomhed. Derfor vil den industrielle opvarmningssektor i fremtiden stole p\u00e5 K\u00dcBLERs innovative CO\u2082-frie, h\u00f8jeffektive og \u00f8konomiske elektriske opvarmningsl\u00f8sninger.<\/p>\n<p>Det skaber afg\u00f8rende synergier mellem solceller, lagringsteknologi og moderne halopvarmning. Forresten: Raymann har allerede realiseret det n\u00e6stst\u00f8rste solcelleanl\u00e6g p\u00e5 taget i Wien i 2023 p\u00e5 et sportscenter (@europahalle) med imponerende 1.000 kWp. Og det er kun begyndelsen: Der kommer mere!<\/p>\n<p>Den elektriske installationsvirksomhed Raymann (<a href=\"https:\/\/www.youtube.com\/@Photovoltaikraymann\" target=\"_blank\" rel=\"noopener\">Fotovoltaik raymann - YouTube<\/a> ) Kraft der Sonne Photovoltaikanlagen GmbH har 22 \u00e5rs erfaring, 33 dedikerede medarbejdere og en klar mission: at g\u00f8re b\u00e6redygtig energi egnet til fremtiden. Med sine banebrydende l\u00f8sninger til opvarmning af haller er K\u00dcBLER den helt rigtige partner.<\/p>\n<p><a href=\"https:\/\/www.kuebler-hallenheizungen.de\/da\/elektro-ir\/\">Vil du vide mere om fremtidens opvarmning af haller?<\/a><\/p>\n<p>#K\u00fcbler #Hall heating #Partnership #Photovoltaics #Sustainability #Innovation #Austria #Energy efficiency #Industrial heating<\/p>","protected":false},"featured_media":40334,"template":"","class_list":["post-40330","shortnews","type-shortnews","status-publish","has-post-thumbnail","hentry"],"acf":[],"_links":{"self":[{"href":"https:\/\/www.kuebler-hallenheizungen.de\/da\/wp-json\/wp\/v2\/shortnews\/40330","targetHints":{"allow":["GET"]}}],"collection":[{"href":"https:\/\/www.kuebler-hallenheizungen.de\/da\/wp-json\/wp\/v2\/shortnews"}],"about":[{"href":"https:\/\/www.kuebler-hallenheizungen.de\/da\/wp-json\/wp\/v2\/types\/shortnews"}],"wp:featuredmedia":[{"embeddable":true,"href":"https:\/\/www.kuebler-hallenheizungen.de\/da\/wp-json\/wp\/v2\/media\/40334"}],"wp:attachment":[{"href":"https:\/\/www.kuebler-hallenheizungen.de\/da\/wp-json\/wp\/v2\/media?parent=40330"}],"curies":[{"name":"wp","href":"https:\/\/api.w.org\/{rel}","templated":true}]}}