{"id":71595,"date":"2026-01-06T21:28:13","date_gmt":"2026-01-06T20:28:13","guid":{"rendered":"https:\/\/www.kuebler-hallenheizungen.de\/?post_type=shortnews&#038;p=71595"},"modified":"2026-01-06T21:37:35","modified_gmt":"2026-01-06T20:37:35","slug":"socialt-engagement-skrevet-med-store-bogstaver","status":"publish","type":"shortnews","link":"https:\/\/www.kuebler-hallenheizungen.de\/da\/kurznews\/soziales-engagement-ganz-gross-geschrieben\/","title":{"rendered":"Socialt engagement er meget vigtigt!"},"content":{"rendered":"<p>Ved Mannheims nyt\u00e5rsreception den 6. januar i CC Rosengarten blev foreningen Adoptiv- og plejefamilier Mannheim - forkortet APFEL - h\u00e6dret for sit 20-\u00e5rige engagement foran omkring 2.000 borgere i Mannheim. F\u00f8rste formand Christine K\u00fcbler modtog certifikatet fra overborgmester @Christian Specht p\u00e5 vegne af APFEL. \u201eMed jeres engagement er I et eksempel p\u00e5 samfundssind og yder et vigtigt bidrag til videreudviklingen af vores bysamfund og dets forskellige former for f\u00e6lles identifikation,\u201c l\u00f8d det i den rosende tale.<\/p>\n<p>Socialt engagement har altid v\u00e6ret en topprioritet hos K\u00dcBLER. For eksempel arbejder K\u00dcBLERs medarbejdere frivilligt i foreninger og udvalg og har ogs\u00e5 i mange \u00e5r brugt K\u00dcBLERs julefrokost som en mulighed for at indsamle donationer til et godt form\u00e5l. Og virksomheden selv yder st\u00f8tte p\u00e5 mange omr\u00e5der. \u201eFor os er det en selvf\u00f8lge, at vi som virksomhed bidrager til samfundet, hvor der er brug for det, og at vi giver et v\u00e6rdifuldt bidrag med vores muligheder,\u201c siger @Thomas K\u00fcbler. Og Christine K\u00fcbler tilf\u00f8jer: \u201eAPFEL-foreningen var ikke den eneste, der blev h\u00e6dret af overborgmesteren p\u00e5 scenen i Mannheims rosenhave i dag. Den h\u00e6drede alle de mennesker, der hver dag g\u00f8r store ting for andre og dermed yder et uvurderligt bidrag til vores samfund.\u201d<\/p>\n<p>#Mannheim #nyt\u00e5rsreception #Vfrivilligt arbejde #Socialt engagement #Cf\u00e6llesskab #Cbysamfund #APFEL #PFosterfamilier #Adoptivfamilier #Civisk engagement #Ttaknemmelighed #Cohesion #K\u00dcBLER #Aanerkendelse #Consommonsense<\/p>","protected":false},"featured_media":71599,"template":"","class_list":["post-71595","shortnews","type-shortnews","status-publish","has-post-thumbnail","hentry"],"acf":[],"_links":{"self":[{"href":"https:\/\/www.kuebler-hallenheizungen.de\/da\/wp-json\/wp\/v2\/shortnews\/71595","targetHints":{"allow":["GET"]}}],"collection":[{"href":"https:\/\/www.kuebler-hallenheizungen.de\/da\/wp-json\/wp\/v2\/shortnews"}],"about":[{"href":"https:\/\/www.kuebler-hallenheizungen.de\/da\/wp-json\/wp\/v2\/types\/shortnews"}],"wp:featuredmedia":[{"embeddable":true,"href":"https:\/\/www.kuebler-hallenheizungen.de\/da\/wp-json\/wp\/v2\/media\/71599"}],"wp:attachment":[{"href":"https:\/\/www.kuebler-hallenheizungen.de\/da\/wp-json\/wp\/v2\/media?parent=71595"}],"curies":[{"name":"wp","href":"https:\/\/api.w.org\/{rel}","templated":true}]}}