{"id":76406,"date":"2026-01-13T20:36:11","date_gmt":"2026-01-13T19:36:11","guid":{"rendered":"https:\/\/www.kuebler-hallenheizungen.de\/?post_type=shortnews&#038;p=76406"},"modified":"2026-01-29T20:49:25","modified_gmt":"2026-01-29T19:49:25","slug":"besog-os-pa-hausbau-energiesparen-fra-16-til-18-januar","status":"publish","type":"shortnews","link":"https:\/\/www.kuebler-hallenheizungen.de\/da\/kurznews\/besuchen-sie-uns-auf-der-hausbau-energiesparen-vom-16-bis-18-januar\/","title":{"rendered":"Bes\u00f8g os p\u00e5 HausBau + EnergieSparen fra 16. til 18. januar"},"content":{"rendered":"<p>Fra den <b>16. til 18. januar<\/b> finder sted i Tulln <b>Husbyggeri + Energibesparelser <\/b>finder sted. Arrangementet er et centralt m\u00f8dested for virksomheder og bes\u00f8gende fra bygge- og ombygningsbranchen, bolig- og indretningsbranchen, energibesparelser og varmeteknologi og giver et omfattende overblik over aktuelle udviklinger og innovationer. Vi er glade for at kunne invitere dig til at deltage.<\/p>\n<p>Oplev den innovative <b>Infrar\u00f8de halvarmere fra teknologilederen<\/b> og find ud af, hvordan du kan opvarme dine halbygninger p\u00e5 en meget \u00f8konomisk og CO2-fri m\u00e5de:<\/p>\n<p>i hal 3 - 350<\/p>\n<p>Under hele messen vil vi v\u00e6re til stede p\u00e5 standen hos vores \u00f8strigske specialistpartner <b>raymann kraft der sonne - photovoltaikanlagen gmbH<\/b> repr\u00e6senteret. Vi vil v\u00e6re til r\u00e5dighed for personlige samtaler, produktpr\u00e6sentationer og teknisk dialog om applikationer og l\u00f8sninger.<\/p>\n<p>Benyt lejligheden til at g\u00f8re dig bekendt med f\u00f8rende innovationer direkte p\u00e5 stedet, og diskuter specifikke projekter med os. Vi arrangerer ogs\u00e5 gerne en individuel aftale p\u00e5 forh\u00e5nd.<\/p>\n<p><b>#HouseConstructionEnergySaving #Tulln #ConstructionFair #EnergySaving #HeatingTechnology #InfraredHeating #HallHeating #CO2free #EnergyEfficiency #SustainableConstruction #IndustrialHall #CommercialBuilding #PVoltaics #InnovativeEnergy #EnergyTurnaround #TechnologyLeader #TradeFair #ConstructionRefurbishment #LivingEquipment<\/b><\/p>","protected":false},"featured_media":76409,"template":"","class_list":["post-76406","shortnews","type-shortnews","status-publish","has-post-thumbnail","hentry"],"acf":[],"_links":{"self":[{"href":"https:\/\/www.kuebler-hallenheizungen.de\/da\/wp-json\/wp\/v2\/shortnews\/76406","targetHints":{"allow":["GET"]}}],"collection":[{"href":"https:\/\/www.kuebler-hallenheizungen.de\/da\/wp-json\/wp\/v2\/shortnews"}],"about":[{"href":"https:\/\/www.kuebler-hallenheizungen.de\/da\/wp-json\/wp\/v2\/types\/shortnews"}],"wp:featuredmedia":[{"embeddable":true,"href":"https:\/\/www.kuebler-hallenheizungen.de\/da\/wp-json\/wp\/v2\/media\/76409"}],"wp:attachment":[{"href":"https:\/\/www.kuebler-hallenheizungen.de\/da\/wp-json\/wp\/v2\/media?parent=76406"}],"curies":[{"name":"wp","href":"https:\/\/api.w.org\/{rel}","templated":true}]}}