{"id":85732,"date":"2026-01-23T16:34:59","date_gmt":"2026-01-23T15:34:59","guid":{"rendered":"https:\/\/www.kuebler-hallenheizungen.de\/?post_type=shortnews&#038;p=85732"},"modified":"2026-01-26T13:44:57","modified_gmt":"2026-01-26T12:44:57","slug":"kuebler-igen-haedret-som-topvirksomhed","status":"publish","type":"shortnews","link":"https:\/\/www.kuebler-hallenheizungen.de\/da\/kurznews\/kuebler-erneut-als-top-company-ausgezeichnet\/","title":{"rendered":"K\u00dcBLER endnu en gang h\u00e6dret som topvirksomhed"},"content":{"rendered":"<p>Det g\u00f8r K\u00dcBLER til en af de virksomheder, der har det bedste arbejdsmilj\u00f8 i Rheinland-Pfalz.<\/p>\n<p>K\u00dcBLER er stolt over at v\u00e6re blevet h\u00e6dret endnu en gang: \u201eVi gjorde det igen!\u201c For tredje gang i tr\u00e6k er den Ludwigshafen-baserede halvarmespecialist blevet h\u00e6dret med det eftertragtede Top Company-segl - en udm\u00e6rkelse, som kun omkring fem procent af alle virksomheder p\u00e5 kununu modtager hvert \u00e5r.<\/p>\n<p>K\u00dcBLER-familien ser sig selv som et team, der tr\u00e6kker p\u00e5 samme hammel. \u201eDet er vigtigt for os og kendetegner vores v\u00e6rdiorienterede arbejdsklima.\u201c<\/p>\n<p><a href=\"https:\/\/www.kuebler-hallenheizungen.de\/da\/tryk-pa\/pressemeddelelser\/kuebler-igen-haedret-som-topvirksomhed\/\">L\u00e6s mere om det<\/a><\/p>\n<p>#KUEBLER #TTopvirksomhed #KununuTopvirksomhed #TToparbejdsgiver #EmployerRhinelandPalatinate #BestWorkEnvironment #TeamKuebler #KueblerFamily #WorkingClimate #ValueOriented #Teamwork #EmployeeSatisfaction #EmployerBranding #Ludwigshafen #WeAreKuebler<\/p>\n<p>&nbsp;<\/p>","protected":false},"featured_media":85736,"template":"","class_list":["post-85732","shortnews","type-shortnews","status-publish","has-post-thumbnail","hentry"],"acf":[],"_links":{"self":[{"href":"https:\/\/www.kuebler-hallenheizungen.de\/da\/wp-json\/wp\/v2\/shortnews\/85732","targetHints":{"allow":["GET"]}}],"collection":[{"href":"https:\/\/www.kuebler-hallenheizungen.de\/da\/wp-json\/wp\/v2\/shortnews"}],"about":[{"href":"https:\/\/www.kuebler-hallenheizungen.de\/da\/wp-json\/wp\/v2\/types\/shortnews"}],"wp:featuredmedia":[{"embeddable":true,"href":"https:\/\/www.kuebler-hallenheizungen.de\/da\/wp-json\/wp\/v2\/media\/85736"}],"wp:attachment":[{"href":"https:\/\/www.kuebler-hallenheizungen.de\/da\/wp-json\/wp\/v2\/media?parent=85732"}],"curies":[{"name":"wp","href":"https:\/\/api.w.org\/{rel}","templated":true}]}}