{"id":91483,"date":"2026-01-29T20:48:28","date_gmt":"2026-01-29T19:48:28","guid":{"rendered":"https:\/\/www.kuebler-hallenheizungen.de\/?post_type=shortnews&#038;p=91483"},"modified":"2026-01-29T20:49:07","modified_gmt":"2026-01-29T19:49:07","slug":"hvorfor-bruger-kuebler-infrarod-mork-radiator-teknologi","status":"publish","type":"shortnews","link":"https:\/\/www.kuebler-hallenheizungen.de\/da\/kurznews\/warum-setzt-kuebler-auf-die-infrarot-dunkelstrahler-technik\/","title":{"rendered":"Hvorfor bruger K\u00dcBLER infrar\u00f8d m\u00f8rk radiator-teknologi?"},"content":{"rendered":"<p>K\u00dcBLER har fulgt en mission siden 1989: Vi \u00f8nsker at g\u00f8re energiomstillingen s\u00e5 \u00f8konomisk og enkel som muligt for vores kunder. I den forbindelse har vi et klart fokus p\u00e5 infrar\u00f8d teknologi. N\u00e5r alt kommer til alt, har solens naturlige varmestr\u00e5ling altid tilbudt de mest overbevisende fordele blandt halopvarmningssystemer: M\u00f8rke str\u00e5levarmere arbejder effektivt, er nemme at betjene og genererer en meget behagelig, tr\u00e6kfri varme. Desuden kan de decentrale systemer styres efter behov - for hver varmezone i din hal. Det sparer ogs\u00e5 energi, s\u00e6nker omkostningerne og reducerer CO\u2082-udledningen. Efter vores mening den bedste opvarmningsteknologi til alle haller. Fremtidssikret, teknisk overbevisende og i overensstemmelse med lovgivningen.<\/p>\n<p>&nbsp;<\/p>\n<p>#Energiovergang #Infrar\u00f8d opvarmning #m\u00f8rke radiatorer #Ind\u00f8rvarme #Energieffektivitet #CO2-reduktion #fremtidssikret teknologi<\/p>","protected":false},"featured_media":91486,"template":"","class_list":["post-91483","shortnews","type-shortnews","status-publish","has-post-thumbnail","hentry"],"acf":[],"_links":{"self":[{"href":"https:\/\/www.kuebler-hallenheizungen.de\/da\/wp-json\/wp\/v2\/shortnews\/91483","targetHints":{"allow":["GET"]}}],"collection":[{"href":"https:\/\/www.kuebler-hallenheizungen.de\/da\/wp-json\/wp\/v2\/shortnews"}],"about":[{"href":"https:\/\/www.kuebler-hallenheizungen.de\/da\/wp-json\/wp\/v2\/types\/shortnews"}],"wp:featuredmedia":[{"embeddable":true,"href":"https:\/\/www.kuebler-hallenheizungen.de\/da\/wp-json\/wp\/v2\/media\/91486"}],"wp:attachment":[{"href":"https:\/\/www.kuebler-hallenheizungen.de\/da\/wp-json\/wp\/v2\/media?parent=91483"}],"curies":[{"name":"wp","href":"https:\/\/api.w.org\/{rel}","templated":true}]}}