{"id":37667,"date":"2025-10-03T16:57:05","date_gmt":"2025-10-03T14:57:05","guid":{"rendered":"https:\/\/www.kuebler-hallenheizungen.de\/?post_type=shortnews&#038;p=37667"},"modified":"2025-10-05T20:03:00","modified_gmt":"2025-10-05T18:03:00","slug":"hall-heating-systems-in-premium-quality-made-east-and-west","status":"publish","type":"shortnews","link":"https:\/\/www.kuebler-hallenheizungen.de\/en\/kurznews\/hallenheizungen-in-premium-qualitaet-made-ost-und-west\/","title":{"rendered":"Premium-quality hall heating systems \u2013 made in East and West Germany."},"content":{"rendered":"<p>What connects K\u00dcBLER and German unity? Quite simply this: We were the first to build in Saxony. And we are one of the few from the very beginning who are still rooted \u201eover there\u201c today.<\/p>\n<p>Our production center in Dresden has developed into a success story. Today, we manufacture almost all components for our sophisticated hall heating systems ourselves. We have invested heavily in this: in the extensive expertise of our employees and in state-of-the-art machinery.<\/p>\n<p>From the very beginning, however, the most important thing was the cohesion within the large K\u00dcBLER family. This is another reason why the Day of German Unity is a very special day for us.<br \/>\nTogether, we have become the technology leader and are proud to make an important contribution to the sustainable and future-proof heating of commercial buildings - truly Made in Germany.<\/p>\n<blockquote class=\"wp-embedded-content\" data-secret=\"BosXCaPnBf\"><p><a href=\"https:\/\/www.kuebler-hallenheizungen.de\/en\/about-kuebler\/\">About K\u00dcBLER<\/a><\/p><\/blockquote>\n<p><iframe class=\"wp-embedded-content\" sandbox=\"allow-scripts\" security=\"restricted\" style=\"position: absolute; visibility: hidden;\" title=\"\u201eAbout K\u00dcBLER\u201c - K\u00dcBLER Energy-saving hall heating systems\" src=\"https:\/\/www.kuebler-hallenheizungen.de\/ueber-kuebler\/embed\/#?secret=sx6U3pizpg#?secret=BosXCaPnBf\" data-secret=\"BosXCaPnBf\" width=\"500\" height=\"282\" frameborder=\"0\" marginwidth=\"0\" marginheight=\"0\" scrolling=\"no\"><\/iframe><\/p>\n<p>#DayOfGermanUnification #GermanUnification #Reunification #MadeInGermany #K\u00dcBLER #Hallenheizung #Energieeffizienz #Technologief\u00fchrer #Heizungstechnik #NachhaltigeL\u00f6sungen #PremiumQualit\u00e4t #InnovationMadeInGermany<\/p>","protected":false},"featured_media":37671,"template":"","class_list":["post-37667","shortnews","type-shortnews","status-publish","has-post-thumbnail","hentry"],"acf":[],"_links":{"self":[{"href":"https:\/\/www.kuebler-hallenheizungen.de\/en\/wp-json\/wp\/v2\/shortnews\/37667","targetHints":{"allow":["GET"]}}],"collection":[{"href":"https:\/\/www.kuebler-hallenheizungen.de\/en\/wp-json\/wp\/v2\/shortnews"}],"about":[{"href":"https:\/\/www.kuebler-hallenheizungen.de\/en\/wp-json\/wp\/v2\/types\/shortnews"}],"wp:featuredmedia":[{"embeddable":true,"href":"https:\/\/www.kuebler-hallenheizungen.de\/en\/wp-json\/wp\/v2\/media\/37671"}],"wp:attachment":[{"href":"https:\/\/www.kuebler-hallenheizungen.de\/en\/wp-json\/wp\/v2\/media?parent=37667"}],"curies":[{"name":"wp","href":"https:\/\/api.w.org\/{rel}","templated":true}]}}