{"id":18676,"date":"2021-03-05T08:56:12","date_gmt":"2021-03-05T07:56:12","guid":{"rendered":"https:\/\/kuebler.werbe-sofa.de\/heiztemperatur-senken\/"},"modified":"2025-10-15T17:03:22","modified_gmt":"2025-10-15T15:03:22","slug":"alhaisempi-laemmityslaempoetila","status":"publish","type":"post","link":"https:\/\/www.kuebler-hallenheizungen.de\/fi\/heiztemperatur-senken\/","title":{"rendered":"Pitk\u00e4 joulutauko? Laske l\u00e4mmitysl\u00e4mp\u00f6tilaa nyt!"},"content":{"rendered":"<p>Jos haluat v\u00e4ltt\u00e4\u00e4 turhan rahan polttamisen seisokkien aiheuttamien korkeiden kustannusten lis\u00e4ksi, sinun on s\u00e4\u00e4dett\u00e4v\u00e4 l\u00e4mmitystoimintaa. Monet j\u00e4rjestelm\u00e4t on nyky\u00e4\u00e4n varustettu nykyaikaisella ohjausohjelmistolla, jonka avulla toiminta-aikoja on helppo s\u00e4\u00e4t\u00e4\u00e4. Kuitenkin my\u00f6s manuaalinen muuntaminen kannattaa.<\/p>\n<h2><strong>Asiantuntijan suositus:<\/strong><\/h2>\n<ol>\n<li>K\u00e4yt\u00e4 lomatila-asetusta. Voit s\u00e4\u00e4t\u00e4\u00e4 l\u00e4mmitysj\u00e4rjestelm\u00e4n joululoman ajaksi 8 \u00b0C:een, jos yleiset olosuhteet sen sallivat. T\u00e4m\u00e4 l\u00e4mp\u00f6tila riitt\u00e4\u00e4 varmistamaan, ett\u00e4 rakennus ei j\u00e4\u00e4htyisi kokonaan ja ett\u00e4 k\u00e4ytt\u00f6l\u00e4mp\u00f6tila voidaan tarvittaessa saavuttaa nopeasti uudelleen.<\/li>\n<li>Kytke laite takaisin normaaliin toimintaan viikonloppuna ennen t\u00f6iden aloittamista. J\u00e4rjestelm\u00e4 toimii asetusten mukaisessa takaisinkytkent\u00e4l\u00e4mp\u00f6tilassa ja jatkaa normaalia toimintaa maanantaina.<\/li>\n<\/ol>\n<p>J\u00e4rjestelm\u00e4n koosta riippuen l\u00e4mp\u00f6tilan alentaminen s\u00e4\u00e4st\u00e4\u00e4 useita tuhansia euroja. Summa, jonka voit varmasti budjetoida tulevana varainhoitovuonna. Ehk\u00e4 jopa malja onnelliselle, terveelle ja menestyksekk\u00e4\u00e4lle uudelle vuodelle yhdess\u00e4 ty\u00f6ntekij\u00f6idesi kanssa?<\/p>\n<p>Haluatko tiet\u00e4\u00e4 lis\u00e4\u00e4 l\u00e4mp\u00f6tilan alentamisesta ja nykyaikaisesta l\u00e4mmityksen ohjauksesta? Ei ongelmaa! Tavoitat K\u00dcBLERin hallien l\u00e4mmitysasiantuntijat osoitteesta \u25ba Yhteystiedot.<\/p>\n<p>Muuten: The <strong>Kuuma vinkki<\/strong> aiheen ymp\u00e4rill\u00e4 <strong>ENERGIATEHOKKUUS JA HALLIRAKENNUKSET nyt tauolla<\/strong>. Seuraavan saatte uuden vuoden aikana. Hyv\u00e4\u00e4 juhlakautta!<\/p>","protected":false},"excerpt":{"rendered":"<p>Poliitikot ovat vet\u00e4neet k\u00f6ytt\u00e4, ja monet yritykset suunnittelevat my\u00f6s joululoman pident\u00e4mist\u00e4 ja toimintojen sulkemista ainakin tammikuun 2. viikkoon asti. Koneet seisovat viikkoja ja tehdasrakennusten ovet pysyv\u00e4t kiinni.<\/p>","protected":false},"author":15,"featured_media":17674,"comment_status":"open","ping_status":"open","sticky":false,"template":"","format":"standard","meta":{"_acf_changed":false,"_seopress_robots_primary_cat":"none","_seopress_titles_title":"Lange Weihnachtspause? Jetzt Heiztemperatur senken!","_seopress_titles_desc":"Damit zu den hohen Kosten des Stillstands nicht auch noch unn\u00f6tiges Geld verbrannt wird, sollten Sie den Heizungsbetrieb anpassen.","_seopress_robots_index":"","footnotes":""},"categories":[1],"tags":[74,387,388],"class_list":["post-18676","post","type-post","status-publish","format-standard","has-post-thumbnail","hentry","category-allgemein","tag-effizient-heizen","tag-heiztemperatur","tag-heiztemperatur-senken"],"acf":[],"_links":{"self":[{"href":"https:\/\/www.kuebler-hallenheizungen.de\/fi\/wp-json\/wp\/v2\/posts\/18676","targetHints":{"allow":["GET"]}}],"collection":[{"href":"https:\/\/www.kuebler-hallenheizungen.de\/fi\/wp-json\/wp\/v2\/posts"}],"about":[{"href":"https:\/\/www.kuebler-hallenheizungen.de\/fi\/wp-json\/wp\/v2\/types\/post"}],"author":[{"embeddable":true,"href":"https:\/\/www.kuebler-hallenheizungen.de\/fi\/wp-json\/wp\/v2\/users\/15"}],"replies":[{"embeddable":true,"href":"https:\/\/www.kuebler-hallenheizungen.de\/fi\/wp-json\/wp\/v2\/comments?post=18676"}],"version-history":[{"count":0,"href":"https:\/\/www.kuebler-hallenheizungen.de\/fi\/wp-json\/wp\/v2\/posts\/18676\/revisions"}],"wp:featuredmedia":[{"embeddable":true,"href":"https:\/\/www.kuebler-hallenheizungen.de\/fi\/wp-json\/wp\/v2\/media\/17674"}],"wp:attachment":[{"href":"https:\/\/www.kuebler-hallenheizungen.de\/fi\/wp-json\/wp\/v2\/media?parent=18676"}],"wp:term":[{"taxonomy":"category","embeddable":true,"href":"https:\/\/www.kuebler-hallenheizungen.de\/fi\/wp-json\/wp\/v2\/categories?post=18676"},{"taxonomy":"post_tag","embeddable":true,"href":"https:\/\/www.kuebler-hallenheizungen.de\/fi\/wp-json\/wp\/v2\/tags?post=18676"}],"curies":[{"name":"wp","href":"https:\/\/api.w.org\/{rel}","templated":true}]}}