{"id":18680,"date":"2021-03-05T10:07:29","date_gmt":"2021-03-05T09:07:29","guid":{"rendered":"https:\/\/kuebler.werbe-sofa.de\/heizkosten-einsparen-bei-offenen-toren-in-hallen-kuebler\/"},"modified":"2024-10-31T11:07:46","modified_gmt":"2024-10-31T10:07:46","slug":"saeaestaeae-laemmityskustannuksia-avoimilla-ovilla-halleissa-kueblerissa","status":"publish","type":"post","link":"https:\/\/www.kuebler-hallenheizungen.de\/fi\/heizkosten-einsparen-bei-offenen-toren-in-hallen-kuebler\/","title":{"rendered":"Keskity \"avoimiin salin oviin\""},"content":{"rendered":"<p>Die Frage stellt sich aber: will und kann man sich leisten, im Winter teure W\u00e4rme einfach durch ge\u00f6ffnete Hallentore zu verheizen?<\/p>\n<p>Der Brennpunkt \u201eOffene Hallentore\u201c ist hei\u00df diskutiert. Am meisten zwischen denjenigen, die in Unternehmen f\u00fcr die Reduktion von Betriebskosten zust\u00e4ndig sind und denen, die einen m\u00f6glichst reibungslosen Produktions- und Lieferprozess zu verantworten haben. Wer denkt im laufenden Tagesgesch\u00e4ft schon daran, Tore zu schlie\u00dfen, die wenig sp\u00e4ter ohnehin wieder ge\u00f6ffnet werden m\u00fcssen?<\/p>\n<p>Bew\u00e4hrte L\u00f6sungen f\u00fcr dieses Problem setzen auf digitale Intelligenz bei der Steuerung von Hallenheizungen. Spezielle Tools erfassen die Vorg\u00e4nge an den Toren und schalten die Heizger\u00e4te gezielt f\u00fcr die Zeit der \u00d6ffnung ab. \u00dcber die Heizperiode hinweg sorgt das f\u00fcr eine deutliche Reduktion von Energieverbrauch und -kosten. Bei einem Unternehmen in Laubach konnten so die Tor\u00f6ffnungszeiten erfasst und optimiert werden \u2013 alleine dadurch wurden die Betriebskosten erheblich gesenkt. Interessant dabei ist: diese L\u00f6sungen lassen sich als Modul bequem in bestehende Steuerungssysteme nachr\u00fcsten.<\/p>\n<p>Sie m\u00f6chten mehr \u00fcber diese Steuerungsl\u00f6sungen erfahren? Kein Problem! Unter Kontakt erreichen Sie die Hallenheizungsspezialisten von K\u00dcBLER.<\/p>\n<p>Muuten: paljastamme seuraavan kuuman vinkin aiheesta ENERGIATEHOKKUUS JA HALLIRAKENNUKSET viikon kuluttua.<\/p>","protected":false},"excerpt":{"rendered":"<p>\"L\u00e4mmitys ikkunat auki\" kotitalouksissa on sama kuin \"l\u00e4mmitys ovet auki\" tuotanto- ja varastohalleissa. On hienoa, jos t\u00e4h\u00e4n on varaa teollisuudessa ja kaupassa, koska tuotanto ja liiketoiminta luonnollisesti sujuvat - valitettavasti t\u00e4m\u00e4 ei ole monille yrityksille itsest\u00e4\u00e4nselvyys koronaviruksen aikana.<\/p>","protected":false},"author":15,"featured_media":17688,"comment_status":"open","ping_status":"open","sticky":false,"template":"","format":"standard","meta":{"_acf_changed":false,"_seopress_robots_primary_cat":"none","_seopress_titles_title":"Mit K\u00dcBLER: Heizkosten sparen bei offenen Hallentoren","_seopress_titles_desc":"Will und kann man es sich leisten, im Winter teure W\u00e4rme einfach durch ge\u00f6ffnete Hallentore zu verheizen? So heizen Sie clever!","_seopress_robots_index":"","footnotes":""},"categories":[1],"tags":[89,386,396],"class_list":["post-18680","post","type-post","status-publish","format-standard","has-post-thumbnail","hentry","category-allgemein","tag-heizkosten-einsparen","tag-hohe-heizkosten","tag-reduktion-von-betriebskosten"],"acf":[],"_links":{"self":[{"href":"https:\/\/www.kuebler-hallenheizungen.de\/fi\/wp-json\/wp\/v2\/posts\/18680","targetHints":{"allow":["GET"]}}],"collection":[{"href":"https:\/\/www.kuebler-hallenheizungen.de\/fi\/wp-json\/wp\/v2\/posts"}],"about":[{"href":"https:\/\/www.kuebler-hallenheizungen.de\/fi\/wp-json\/wp\/v2\/types\/post"}],"author":[{"embeddable":true,"href":"https:\/\/www.kuebler-hallenheizungen.de\/fi\/wp-json\/wp\/v2\/users\/15"}],"replies":[{"embeddable":true,"href":"https:\/\/www.kuebler-hallenheizungen.de\/fi\/wp-json\/wp\/v2\/comments?post=18680"}],"version-history":[{"count":0,"href":"https:\/\/www.kuebler-hallenheizungen.de\/fi\/wp-json\/wp\/v2\/posts\/18680\/revisions"}],"wp:featuredmedia":[{"embeddable":true,"href":"https:\/\/www.kuebler-hallenheizungen.de\/fi\/wp-json\/wp\/v2\/media\/17688"}],"wp:attachment":[{"href":"https:\/\/www.kuebler-hallenheizungen.de\/fi\/wp-json\/wp\/v2\/media?parent=18680"}],"wp:term":[{"taxonomy":"category","embeddable":true,"href":"https:\/\/www.kuebler-hallenheizungen.de\/fi\/wp-json\/wp\/v2\/categories?post=18680"},{"taxonomy":"post_tag","embeddable":true,"href":"https:\/\/www.kuebler-hallenheizungen.de\/fi\/wp-json\/wp\/v2\/tags?post=18680"}],"curies":[{"name":"wp","href":"https:\/\/api.w.org\/{rel}","templated":true}]}}