{"id":18745,"date":"2023-08-11T12:01:26","date_gmt":"2023-08-11T10:01:26","guid":{"rendered":"https:\/\/kuebler.werbe-sofa.de\/revolutionaere-waerme-kuebler-hallenheizungen-setzen-neuen-standard-im-turnverein-mussbach\/"},"modified":"2025-10-15T15:32:22","modified_gmt":"2025-10-15T13:32:22","slug":"vallankumouksellinen-laempoe-kuebler-hallin-laemmitysjaerjestelmaet-asettavat-uuden-standardin-mussbachin-voimisteluseuralle","status":"publish","type":"post","link":"https:\/\/www.kuebler-hallenheizungen.de\/fi\/revolutionaere-waerme-kuebler-hallenheizungen-setzen-neuen-standard-im-turnverein-mussbach\/","title":{"rendered":"Vallankumouksellinen l\u00e4mp\u00f6: K\u00dcBLER-salien l\u00e4mmitysj\u00e4rjestelm\u00e4t asettavat uuden standardin Mu\u00dfbachin voimisteluseuralle."},"content":{"rendered":"<h2>\"Teknologian on oltava vakuuttavaa, samoin kuin kustannus-hy\u00f6tysuhteen, ja K\u00dcBLER sopii ehdottomasti t\u00e4h\u00e4n tarkoitukseen.\"<\/h2>\n<p>Voimisteluseuran vanha puhallusl\u00e4mmitysj\u00e4rjestelm\u00e4 oli pitk\u00e4\u00e4n aiheuttanut tyytym\u00e4tt\u00f6myytt\u00e4. Sek\u00e4 Dieter Hackebeilin ett\u00e4 kaikkien j\u00e4senten keskuudessa. P\u00f6ly ja ilmaturbulenssi olivat erityisen akuutti ongelma voimistelusaleissa. Mutta my\u00f6s melutaso aiheutti usein tyytym\u00e4tt\u00f6myytt\u00e4. Eri harjoitusajoista johtuen halutun l\u00e4mp\u00f6tilan vaatimukset olivat aina erilaiset. Puhallinl\u00e4mmitys ei ollut l\u00e4mp\u00f6tilans\u00e4\u00e4t\u00f6inen eik\u00e4 sit\u00e4 voitu kytke\u00e4 p\u00e4\u00e4lle tarkasti. Kun seuran j\u00e4senet valittivat yh\u00e4 enemm\u00e4n, k\u00e4vi selv\u00e4ksi, ett\u00e4 uusi l\u00e4mmitysj\u00e4rjestelm\u00e4 oli tarpeen. Aiempien huonojen kokemusten vuoksi p\u00e4\u00e4t\u00f6s ei kuitenkaan ollut aluksi helppo.<\/p>\n<p>Voimisteluseuran salin l\u00e4mmitysj\u00e4rjestelm\u00e4n uusimiselle asetetut tavoitteet olivat selke\u00e4t:<\/p>\n<ol>\n<li>Lis\u00e4\u00e4 klubin j\u00e4senten tyytyv\u00e4isyytt\u00e4 \u00e4\u00e4nett\u00f6m\u00e4ll\u00e4 l\u00e4mmitysj\u00e4rjestelm\u00e4ll\u00e4.<\/li>\n<li>Varmistetaan hallin l\u00e4mmityksen parempi hallittavuus ohjausj\u00e4rjestelm\u00e4ll\u00e4.<\/li>\n<li>Eik\u00e4 p\u00f6ly\u00e4 ja ilman turbulenssia salissa.<\/li>\n<\/ol>\n<h2>Hanke<\/h2>\n<p>Dieter Hackebeil, Mu\u00dfbachin voimisteluseuran hallituksen entinen puheenjohtaja, tiesi: \"Meid\u00e4n on p\u00e4\u00e4st\u00e4v\u00e4 eroon vanhasta pakkol\u00e4mp\u00f6j\u00e4rjestelm\u00e4st\u00e4, joka ei ole tehokas eik\u00e4 tyydytt\u00e4v\u00e4.\" H\u00e4n t\u00f6rm\u00e4si K\u00dcBLER GmbH:han omien tutkimustensa kautta. Kilpailija oli jo alussa mukana, mutta se peruuntui nopeasti. Hackebeil korostaa, ett\u00e4 h\u00e4n on aina ollut alueen yst\u00e4v\u00e4 ja n\u00e4ki monia etuja, joita yrityksen l\u00e4heisyydest\u00e4 olisi ollut. H\u00e4n kuvailee itse\u00e4\u00e4n maallikoksi, joka on tutustunut eri tekniikoihin oma-aloitteisesti. Ensimm\u00e4inen kuuleminen Bolchin kanssa oli heti vakuuttava: \"Bolchin k\u00e4ynti oli asiantunteva ja huomaamaton. P\u00e4\u00e4t\u00f6s tehtiin heti: toteutamme hankkeen K\u00dcBLERin kanssa. T\u00e4h\u00e4n p\u00e4iv\u00e4\u00e4n menness\u00e4 emme ole katuneet t\u00e4t\u00e4 p\u00e4\u00e4t\u00f6st\u00e4.\" Vierailu l\u00e4heiseen halliin antoi Hackebeilille lis\u00e4\u00e4 tietoa ja antoi h\u00e4nelle mahdollisuuden kokea s\u00e4teilyl\u00e4mmitysj\u00e4rjestelmien l\u00e4mm\u00f6n ensimm\u00e4ist\u00e4 kertaa liven\u00e4. T\u00e4m\u00e4 vahvisti my\u00f6s h\u00e4nen aiemmin tekem\u00e4ns\u00e4 p\u00e4\u00e4t\u00f6ksen.<br \/>\nK\u00e4ytt\u00f6\u00f6notto tapahtui elokuussa. Dieter Hackebeilille oli t\u00e4rke\u00e4\u00e4, ett\u00e4 uusi hallin l\u00e4mmitysj\u00e4rjestelm\u00e4 asennettiin samana vuonna. N\u00e4in ensimm\u00e4inen l\u00e4mmitysjakso voitiin ottaa heti k\u00e4ytt\u00f6\u00f6n.<\/p>\n<h4>\"S\u00e4teilyl\u00e4mp\u00f6 on yksinkertaisesti jotain muuta. Se on paljon miellytt\u00e4v\u00e4mp\u00e4\u00e4 ja l\u00e4mp\u00f6 on juuri siell\u00e4, miss\u00e4 sit\u00e4 tarvitaan.\"<\/h4>\n<h2>Oliko kokoonpanon aikana mit\u00e4\u00e4n erityispiirteit\u00e4 tai haasteita?<\/h2>\n<p>\"Ainoa haaste, jonka n\u00e4in, oli vanhassa rakennuksessamme. L\u00e4mmitett\u00e4v\u00e4 sali oli ollut pystyss\u00e4 vuodesta 1936, eik\u00e4 katto ollut kunnolla eristetty\", Dieter Hackebeil kertoo. Mutta sek\u00e4\u00e4n ei lopulta osoittautunut ongelmaksi. Paikallinen l\u00e4mmitysinsin\u00f6\u00f6ri suoritti asennuksen \u00e4\u00e4nett\u00f6m\u00e4sti. K\u00e4ytt\u00f6\u00f6noton suoritti sitten kokenut K\u00dcBLERin asentaja, joka my\u00f6s opasti yhdistyksen vastaavaa kollegaa hallin l\u00e4mmityksen ohjauksessa ja s\u00e4\u00e4t\u00e4misess\u00e4. T\u00e4m\u00e4 asiantuntemus mahdollisti nopean perehtymisen ohjausj\u00e4rjestelm\u00e4\u00e4n ja hallin l\u00e4mmityksen optimaalisen toiminnan.<\/p>\n<h2>Ja johtop\u00e4\u00e4t\u00f6s?<\/h2>\n<p>Jatkuvasti my\u00f6nteist\u00e4 palautetta klubin j\u00e4senilt\u00e4. Erilaisten koeajojen ansiosta jo ensimm\u00e4isen vuoden aikana saavutettiin 40-50 %:n energians\u00e4\u00e4st\u00f6t. Kaikki ovat enemm\u00e4n kuin innostuneita. Tyytyv\u00e4iset urheilijat ja huomattavasti pienemm\u00e4t kustannukset - uusi l\u00e4mmitysj\u00e4rjestelm\u00e4 on todella auttanut kaikkia.<br \/>\n\"Harjoituksemme j\u00e4rjestet\u00e4\u00e4n joskus hyvin eri aikaan. Ennen urheilu alkoi esimerkiksi kello 14.00, mutta l\u00e4mmitys piti laittaa p\u00e4\u00e4lle kello 12.00 pitk\u00e4n siirtym\u00e4ajan vuoksi. Niin paljon energiaa meni hukkaan. Nyt l\u00e4mmitys on kytkett\u00e4v\u00e4 p\u00e4\u00e4lle juuri ennen harjoittelun alkua, ja saamme heti mukavan l\u00e4mpim\u00e4n tunteen. K\u00dcBLERin hallien l\u00e4mmittimet eiv\u00e4t ole koskaan pett\u00e4neet meit\u00e4 viime vuosina, ja ne ovat aina her\u00e4tt\u00e4neet suurta innostusta.\"<\/p>\n<h4>\"Olen vakaasti sit\u00e4 mielt\u00e4, ett\u00e4 suosittelen K\u00dcBLERin hallien l\u00e4mmitysj\u00e4rjestelmi\u00e4 muillekin.\"<\/h4>\n<h2>Mit\u00e4 palautetta voimisteluseuran j\u00e4senet antavat?<\/h2>\n<p>Ennen l\u00e4mmitysj\u00e4rjestelm\u00e4n modernisointia palautteet olivat kauttaaltaan negatiivisia: \u201eMik\u00e4 typer\u00e4 ja meluisa l\u00e4mmitysj\u00e4rjestelm\u00e4 t\u00e4m\u00e4 on?\u201c. K\u00dcBLER-hallil\u00e4mmitysj\u00e4rjestelm\u00e4n asennuksen j\u00e4lkeen on kuultu vain kiitosta. Yht\u00e4\u00e4n negatiivista kommenttia ei ole tullut. \u201eMin\u00e4kin suosittelen aina mielell\u00e4ni K\u00dcBLERin hallil\u00e4mmityslaitteita. En siksi, ett\u00e4 saisin siit\u00e4 hy\u00f6ty\u00e4, vaan koska olen eritt\u00e4in vakuuttunut teknologiasta ja haluan k\u00e4ytt\u00e4\u00e4 \u00e4\u00e4nt\u00e4ni kannustaakseni yh\u00e4 useampia hallien yll\u00e4pit\u00e4ji\u00e4 tai omistajia vaihtamaan laitteita.\u201c<br \/>\n\"K\u00dcBLER palaa jossain vaiheessa takaisin t\u00e4nne Mu\u00dfbachiin, on kuljettava ajan mukana\", Dieter Hackebeil sanoo ja viittaa siihen, ett\u00e4 seuran ja K\u00dcBLERin v\u00e4linen yhteisty\u00f6 on lupaava my\u00f6s tulevaisuudessa.<\/p>","protected":false},"excerpt":{"rendered":"<p>Turnverein 1860 Mu\u00dfbach e.V. on perinteinen urheiluseura, jolla on pitk\u00e4 historia. Perustamisestaan vuonna 1860 l\u00e4htien se on saanut liikkeelle suuren m\u00e4\u00e4r\u00e4n kaikenik\u00e4isi\u00e4 ja -taustaisia ihmisi\u00e4, ja nyky\u00e4\u00e4n sill\u00e4 on yli 1 200 j\u00e4sent\u00e4. Seura tarjoaa monenlaista urheilutoimintaa. Dieter Hackebeil, seuran entinen puheenjohtaja ja nyky\u00e4\u00e4n (ep\u00e4)el\u00e4kkeell\u00e4 oleva Dieter Hackebeil oli aikanaan p\u00e4\u00e4vastuussa l\u00e4mmitysj\u00e4rjestelm\u00e4n uusimisesta ja voi \"vain kehua K\u00dcBLERi\u00e4 taivaisiin asti\". Tyytyv\u00e4isyys ja vakuuttuneisuus ovat t\u00e4ss\u00e4 avainsanoja.<\/p>","protected":false},"author":3,"featured_media":16928,"comment_status":"open","ping_status":"open","sticky":false,"template":"","format":"standard","meta":{"_acf_changed":false,"_seopress_robots_primary_cat":"none","_seopress_titles_title":"K\u00dcBLER setzt neuen Standard im Turnverein Mu\u00dfbach","_seopress_titles_desc":"K\u00dcBLER Hallenheizungen setzen neuen Standard im Turnverein Mussbach \u25ba entdecken Sie, wie unsere innovative Technologie Ma\u00dfst\u00e4be setzt!","_seopress_robots_index":"","footnotes":""},"categories":[1],"tags":[286,292,127,140,290,220,208,125,221,274,304,305],"class_list":["post-18745","post","type-post","status-publish","format-standard","has-post-thumbnail","hentry","category-allgemein","tag-CO-sparen","tag-effizienz","tag-energieeffizienz","tag-energiekosten","tag-hallen-heizen","tag-hallenheizungen","tag-heizkosten","tag-heizsysteme","tag-kuebler","tag-kuebler-hallenheizungen","tag-sporthalle","tag-turnhalle"],"acf":[],"_links":{"self":[{"href":"https:\/\/www.kuebler-hallenheizungen.de\/fi\/wp-json\/wp\/v2\/posts\/18745","targetHints":{"allow":["GET"]}}],"collection":[{"href":"https:\/\/www.kuebler-hallenheizungen.de\/fi\/wp-json\/wp\/v2\/posts"}],"about":[{"href":"https:\/\/www.kuebler-hallenheizungen.de\/fi\/wp-json\/wp\/v2\/types\/post"}],"author":[{"embeddable":true,"href":"https:\/\/www.kuebler-hallenheizungen.de\/fi\/wp-json\/wp\/v2\/users\/3"}],"replies":[{"embeddable":true,"href":"https:\/\/www.kuebler-hallenheizungen.de\/fi\/wp-json\/wp\/v2\/comments?post=18745"}],"version-history":[{"count":0,"href":"https:\/\/www.kuebler-hallenheizungen.de\/fi\/wp-json\/wp\/v2\/posts\/18745\/revisions"}],"wp:featuredmedia":[{"embeddable":true,"href":"https:\/\/www.kuebler-hallenheizungen.de\/fi\/wp-json\/wp\/v2\/media\/16928"}],"wp:attachment":[{"href":"https:\/\/www.kuebler-hallenheizungen.de\/fi\/wp-json\/wp\/v2\/media?parent=18745"}],"wp:term":[{"taxonomy":"category","embeddable":true,"href":"https:\/\/www.kuebler-hallenheizungen.de\/fi\/wp-json\/wp\/v2\/categories?post=18745"},{"taxonomy":"post_tag","embeddable":true,"href":"https:\/\/www.kuebler-hallenheizungen.de\/fi\/wp-json\/wp\/v2\/tags?post=18745"}],"curies":[{"name":"wp","href":"https:\/\/api.w.org\/{rel}","templated":true}]}}