{"id":122855,"date":"2026-03-08T16:30:15","date_gmt":"2026-03-08T15:30:15","guid":{"rendered":"https:\/\/www.kuebler-hallenheizungen.de\/?post_type=shortnews&#038;p=122855"},"modified":"2026-03-06T20:49:49","modified_gmt":"2026-03-06T19:49:49","slug":"ilmoittaudu-nyt-laemmityslakiin","status":"publish","type":"shortnews","link":"https:\/\/www.kuebler-hallenheizungen.de\/fi\/kurznews\/jetzt-anmelden-aus-fuer-das-heizungsgesetz\/","title":{"rendered":"Ilmoittaudu nyt - l\u00e4mmityslain loppu!"},"content":{"rendered":"<p>Saksan hallitus asettaa uuden rakennusten nykyaikaistamislain (GMG) keskeisten kohtien avulla uudet puitteet rakennusten tulevalle l\u00e4mp\u00f6huollolle Saksassa.<br \/>\nTavoitteena on poistaa GEG 2024:n heikkoudet ja luoda luotettava perusta omistajille ja yrityksille.<br \/>\nMutta mit\u00e4 seurauksia t\u00e4ll\u00e4 on liike- ja teollisuusrakennusten l\u00e4mmitysj\u00e4rjestelmille?<\/p>\n<p>Mit\u00e4 tekniikoita pidet\u00e4\u00e4n edelleen taloudellisesti kannattavina?<br \/>\nMit\u00e4 strategisia mukautuksia tarvitaan nyt?<br \/>\nVerkkoseminaarissamme hallien l\u00e4mmitysasiantuntija Thomas K\u00fcbler arvioi nykyist\u00e4 poliittista kehityst\u00e4. Yhdess\u00e4 tohtori Jens Findeisenin kanssa h\u00e4n j\u00e4sent\u00e4\u00e4 keskustelua ja selitt\u00e4\u00e4, mit\u00e4 seurauksia suunnitellulla GMG:ll\u00e4 voi olla investointeihin kaupallisella sektorilla.<\/p>\n<p><strong>Mit\u00e4 voit odottaa:<\/strong><br \/>\n\u2b24 Yleiskatsaus GMG:n nykytilaan<br \/>\n\u2b24 Merkitykselliset vaikutukset liike- ja teollisuusrakennuksiin<br \/>\n\u2b24 Suunniteltujen investointien p\u00e4\u00e4t\u00f6ksenteon apuv\u00e4lineet<br \/>\n\u2b24 Teknisten ja lains\u00e4\u00e4d\u00e4nn\u00f6llisten suuntausten arviointi<br \/>\nVaraa paikkasi nyt - osallistujien m\u00e4\u00e4r\u00e4 on rajoitettu.<\/p>\n<p><strong>Lis\u00e4tietoja ja ilmoittautuminen:<\/strong><br \/>\n<a href=\"https:\/\/www.kuebler-hallenheizungen.de\/fi\/tapahtuma\/laemmityslainsaeaedaentoeae-varten-rakennusten-nykyaikaistamista-koskevan-lain-kulmakivet\/\">https:\/\/www.kuebler-hallenheizungen.de\/event\/aus-fuer-das-heizungsgesetz-eckpunkte-fuer-ein-gebaeudemodernisierungsgesetz\/<\/a><\/p>\n<p>#GMG #Building Modernisation Act #GEG2024 #Hall heating #Industrial halls #Commercial properties #Energiatehokkuus #Heat supply #Energy transition #Energy transition<\/p>","protected":false},"featured_media":122858,"template":"","class_list":["post-122855","shortnews","type-shortnews","status-publish","has-post-thumbnail","hentry"],"acf":[],"_links":{"self":[{"href":"https:\/\/www.kuebler-hallenheizungen.de\/fi\/wp-json\/wp\/v2\/shortnews\/122855","targetHints":{"allow":["GET"]}}],"collection":[{"href":"https:\/\/www.kuebler-hallenheizungen.de\/fi\/wp-json\/wp\/v2\/shortnews"}],"about":[{"href":"https:\/\/www.kuebler-hallenheizungen.de\/fi\/wp-json\/wp\/v2\/types\/shortnews"}],"wp:featuredmedia":[{"embeddable":true,"href":"https:\/\/www.kuebler-hallenheizungen.de\/fi\/wp-json\/wp\/v2\/media\/122858"}],"wp:attachment":[{"href":"https:\/\/www.kuebler-hallenheizungen.de\/fi\/wp-json\/wp\/v2\/media?parent=122855"}],"curies":[{"name":"wp","href":"https:\/\/api.w.org\/{rel}","templated":true}]}}