{"id":123401,"date":"2026-03-10T21:04:43","date_gmt":"2026-03-10T20:04:43","guid":{"rendered":"https:\/\/www.kuebler-hallenheizungen.de\/?post_type=shortnews&#038;p=123401"},"modified":"2026-03-10T21:04:43","modified_gmt":"2026-03-10T20:04:43","slug":"huoltoaika-on-nyt","status":"publish","type":"shortnews","link":"https:\/\/www.kuebler-hallenheizungen.de\/fi\/kurznews\/wartungszeit-ist-jetzt\/","title":{"rendered":"HUOLTOAIKA ON NYT"},"content":{"rendered":"<p>Kuka ajattelee sis\u00e4ilman l\u00e4mmitysj\u00e4rjestelm\u00e4n huoltoa, kun kev\u00e4t on vihdoin saapunut? Nyt on kuitenkin ihanteellinen aika saada l\u00e4mmitysj\u00e4rjestelm\u00e4 valmiiksi tulevaa talvikautta varten. K\u00e4yt\u00e4 l\u00e4mmin vuodenaika l\u00e4mmitysj\u00e4rjestelm\u00e4n perusteelliseen tarkastukseen.<\/p>\n<p>Lue blogistamme 5 t\u00e4rkeint\u00e4 syyt\u00e4, miksi hallien l\u00e4mmityksen yll\u00e4pito on niin t\u00e4rke\u00e4\u00e4 nyt - ja hy\u00f6dy pitk\u00e4n aikav\u00e4lin eduista.<\/p>\n<p>Blogikirjoitukseen:<\/p>\n<blockquote class=\"wp-embedded-content\" data-secret=\"6EjdPSfAlY\"><p><a href=\"https:\/\/www.kuebler-hallenheizungen.de\/fi\/laemmityksen-huolto-kesaellae\/\">L\u00e4mmityksen huolto: 5 syyt\u00e4, miksi sinun pit\u00e4isi ehdottomasti ryhty\u00e4 huoltotoimenpiteisiin<\/a><\/p><\/blockquote>\n<p><iframe class=\"wp-embedded-content\" sandbox=\"allow-scripts\" security=\"restricted\" style=\"position: absolute; visibility: hidden;\" title=\"\u201eL\u00e4mmityshuolto: 5 syyt\u00e4, miksi sinun kannattaa ehdottomasti ryhty\u00e4 huoltotoimenpiteisiin\u201c - K\u00dcBLER Energiaa s\u00e4\u00e4st\u00e4v\u00e4t hallien l\u00e4mmitysj\u00e4rjestelm\u00e4t\" src=\"https:\/\/www.kuebler-hallenheizungen.de\/heizungswartung-im-sommer\/embed\/#?secret=Ll0IohjzY5#?secret=6EjdPSfAlY\" data-secret=\"6EjdPSfAlY\" width=\"500\" height=\"282\" frameborder=\"0\" marginwidth=\"0\" marginheight=\"0\" scrolling=\"no\"><\/iframe><\/p>\n<p>PS: Haluaisitko sopia huoltoaikataulun suoraan? Kirjoita meille: service@kuebler-hallenheizungen.de<\/p>\n<p>#H-l\u00e4mmityksen yll\u00e4pito #E-energiatehokkuus #S-kest\u00e4vyys #P-tuottavuus #-talvivalmistelut #Rakennuspalvelut #S-erikoishuolto #CO2-v\u00e4hennys #CO2-v\u00e4hennys<\/p>","protected":false},"featured_media":123404,"template":"","class_list":["post-123401","shortnews","type-shortnews","status-publish","has-post-thumbnail","hentry"],"acf":[],"_links":{"self":[{"href":"https:\/\/www.kuebler-hallenheizungen.de\/fi\/wp-json\/wp\/v2\/shortnews\/123401","targetHints":{"allow":["GET"]}}],"collection":[{"href":"https:\/\/www.kuebler-hallenheizungen.de\/fi\/wp-json\/wp\/v2\/shortnews"}],"about":[{"href":"https:\/\/www.kuebler-hallenheizungen.de\/fi\/wp-json\/wp\/v2\/types\/shortnews"}],"wp:featuredmedia":[{"embeddable":true,"href":"https:\/\/www.kuebler-hallenheizungen.de\/fi\/wp-json\/wp\/v2\/media\/123404"}],"wp:attachment":[{"href":"https:\/\/www.kuebler-hallenheizungen.de\/fi\/wp-json\/wp\/v2\/media?parent=123401"}],"curies":[{"name":"wp","href":"https:\/\/api.w.org\/{rel}","templated":true}]}}