{"id":127354,"date":"2026-03-15T15:32:22","date_gmt":"2026-03-15T14:32:22","guid":{"rendered":"https:\/\/www.kuebler-hallenheizungen.de\/?post_type=shortnews&#038;p=127354"},"modified":"2026-03-15T15:32:22","modified_gmt":"2026-03-15T14:32:22","slug":"onko-kokemuksia-ja-referenssejae-omalta-alaltani","status":"publish","type":"shortnews","link":"https:\/\/www.kuebler-hallenheizungen.de\/fi\/kurznews\/gibt-es-erfahrungen-und-referenzen-aus-meiner-branche\/","title":{"rendered":"Onko sinulla kokemusta ja referenssej\u00e4 alaltani?"},"content":{"rendered":"<p>K\u00dcBLERin infrapuna-sis\u00e4l\u00e4mmitysj\u00e4rjestelmi\u00e4 k\u00e4ytet\u00e4\u00e4n menestyksekk\u00e4\u00e4sti monilla aloilla - teollisuus- ja tuotantohalleista, logistiikkakeskuksista ja ty\u00f6pajoista urheilu-, tapahtuma- ja julkisiin rakennuksiin. Referenssisivuiltamme l\u00f6yd\u00e4t lukuisia esimerkkej\u00e4 ja asiakasraportteja, jotka osoittavat teknologiamme onnistuneen k\u00e4yt\u00f6n - konkreettisia s\u00e4\u00e4st\u00f6j\u00e4, hy\u00f6tyj\u00e4 ja k\u00e4yt\u00e4nn\u00f6n kokemuksia vastaavista projekteista.<\/p>\n<p>Viitteisiin:<\/p>\n<blockquote class=\"wp-embedded-content\" data-secret=\"6dCAQ6hoHP\"><p><a href=\"https:\/\/www.kuebler-hallenheizungen.de\/fi\/hankeraportit\/\">Hankeraportit<\/a><\/p><\/blockquote>\n<p><iframe class=\"wp-embedded-content\" sandbox=\"allow-scripts\" security=\"restricted\" style=\"position: absolute; visibility: hidden;\" title=\"\u201eHankeraportit\u201c - K\u00dcBLER Energiaa s\u00e4\u00e4st\u00e4v\u00e4t hallien l\u00e4mmitysj\u00e4rjestelm\u00e4t\" src=\"https:\/\/www.kuebler-hallenheizungen.de\/projektberichte\/embed\/#?secret=0sCyL1VJv9#?secret=6dCAQ6hoHP\" data-secret=\"6dCAQ6hoHP\" width=\"500\" height=\"282\" frameborder=\"0\" marginwidth=\"0\" marginheight=\"0\" scrolling=\"no\"><\/iframe><\/p>\n<p>#Infrapuna-hallien l\u00e4mmitys #Hallien l\u00e4mmitys #Eenergiatehokkuus #eollisuushallien l\u00e4mmitys #Eenergiasiirtym\u00e4 #Hiilennys #eollisuushallit #uotantohallit #Logistiikkahallit #Ty\u00f6pajojen l\u00e4mmitt\u00e4minen #Cliikekiinteist\u00f6t #Hallien saneerausrakenteet #Eenergiakustannusten s\u00e4\u00e4st\u00f6t #Skest\u00e4v\u00e4 teknologia #KUEBLER<\/p>","protected":false},"featured_media":127358,"template":"","class_list":["post-127354","shortnews","type-shortnews","status-publish","has-post-thumbnail","hentry"],"acf":[],"_links":{"self":[{"href":"https:\/\/www.kuebler-hallenheizungen.de\/fi\/wp-json\/wp\/v2\/shortnews\/127354","targetHints":{"allow":["GET"]}}],"collection":[{"href":"https:\/\/www.kuebler-hallenheizungen.de\/fi\/wp-json\/wp\/v2\/shortnews"}],"about":[{"href":"https:\/\/www.kuebler-hallenheizungen.de\/fi\/wp-json\/wp\/v2\/types\/shortnews"}],"wp:featuredmedia":[{"embeddable":true,"href":"https:\/\/www.kuebler-hallenheizungen.de\/fi\/wp-json\/wp\/v2\/media\/127358"}],"wp:attachment":[{"href":"https:\/\/www.kuebler-hallenheizungen.de\/fi\/wp-json\/wp\/v2\/media?parent=127354"}],"curies":[{"name":"wp","href":"https:\/\/api.w.org\/{rel}","templated":true}]}}