{"id":157597,"date":"2026-04-26T18:54:55","date_gmt":"2026-04-26T16:54:55","guid":{"rendered":"https:\/\/www.kuebler-hallenheizungen.de\/?post_type=shortnews&#038;p=157597"},"modified":"2026-04-26T19:03:30","modified_gmt":"2026-04-26T17:03:30","slug":"sunnuntai-ajatuksia-26-04-2026","status":"publish","type":"shortnews","link":"https:\/\/www.kuebler-hallenheizungen.de\/fi\/kurznews\/sonntagsgedanken-26-04-2026\/","title":{"rendered":"Sunnuntain ajatuksia"},"content":{"rendered":"<p>Sunnuntaina. Ihanteellinen p\u00e4iv\u00e4 pys\u00e4hty\u00e4 hetkeksi - ja katsoa eteenp\u00e4in huomiseen.<br \/>Viimeist\u00e4\u00e4n vuonna 2045 Saksassa l\u00e4mmitys on ilmastoneutraalia. Jopa tuotanto- ja varastohalleissa.<\/p>\r\n\r\n\r\n\r\n<p>Hyv\u00e4t uutiset: <strong>Teknologia t\u00e4t\u00e4 varten on jo olemassa.<\/strong><br \/>K\u00dcBLERin energiajoustavat infrapunahallien l\u00e4mmitysj\u00e4rjestelm\u00e4t toimivat jo 50-70 prosenttia tehokkaammin kuin perinteiset j\u00e4rjestelm\u00e4t. FUTURA vaihtaa saumattomasti s\u00e4hk\u00f6n, biokaasun, vedyn, maakaasun tai metaanin v\u00e4lill\u00e4 - aina se energial\u00e4hde, joka on p\u00e4ivitt\u00e4in saatavilla ja edullisin.<\/p>\r\n\r\n\r\n\r\n<p><strong>V\u00e4hemm\u00e4n energiaa. V\u00e4hemm\u00e4n hiilidioksidia. V\u00e4hemm\u00e4n kustannuksia.<\/strong><\/p>\r\n\r\n\r\n\r\n\r\n\r\n<p>Ja ilman kompromisseja - ei edes salin ty\u00f6skentelyalueella.<br \/>Koska auringon luonnollinen l\u00e4mp\u00f6s\u00e4teily l\u00e4mmitt\u00e4\u00e4 juuri siell\u00e4, miss\u00e4 ty\u00f6ntekij\u00e4si sit\u00e4 tarvitsevat: alla, hallin lattialla. Ei hallin katon alla.<\/p>\r\n\r\n\r\n\r\n<p>Se, joka suunnittelee t\u00e4n\u00e4\u00e4n, p\u00e4\u00e4tt\u00e4\u00e4 huomisen energiakustannuksista.<br \/>ja kuinka kilpailukykyinen h\u00e4nen salinsa on viel\u00e4 vuonna 2045.<\/p>\r\n\r\n\r\n\r\n<p>K\u00dcBLER toivottaa sinulle rentouttavaa sunnuntaita.<\/p>\r\n\r\n\r\n\r\n<p>#SP\u00e4iv\u00e4ajattelu 1TP5Energiak\u00e4\u00e4nne #Hallil\u00e4mmitys #Infrapunal\u00e4mmitys #FUTURA #Hiilennys #Cilmastoneutraali2045 #Energiatehokkuus #CO2-v\u00e4hennys #Ckilpailuetu #Ckilpailukykyinen etu<\/p>","protected":false},"featured_media":157601,"template":"","class_list":["post-157597","shortnews","type-shortnews","status-publish","has-post-thumbnail","hentry"],"acf":[],"_links":{"self":[{"href":"https:\/\/www.kuebler-hallenheizungen.de\/fi\/wp-json\/wp\/v2\/shortnews\/157597","targetHints":{"allow":["GET"]}}],"collection":[{"href":"https:\/\/www.kuebler-hallenheizungen.de\/fi\/wp-json\/wp\/v2\/shortnews"}],"about":[{"href":"https:\/\/www.kuebler-hallenheizungen.de\/fi\/wp-json\/wp\/v2\/types\/shortnews"}],"wp:featuredmedia":[{"embeddable":true,"href":"https:\/\/www.kuebler-hallenheizungen.de\/fi\/wp-json\/wp\/v2\/media\/157601"}],"wp:attachment":[{"href":"https:\/\/www.kuebler-hallenheizungen.de\/fi\/wp-json\/wp\/v2\/media?parent=157597"}],"curies":[{"name":"wp","href":"https:\/\/api.w.org\/{rel}","templated":true}]}}