{"id":157790,"date":"2026-04-28T22:10:55","date_gmt":"2026-04-28T20:10:55","guid":{"rendered":"https:\/\/www.kuebler-hallenheizungen.de\/kurznews\/waermewende-2030-weichen-stellen\/"},"modified":"2026-04-28T22:18:29","modified_gmt":"2026-04-28T20:18:29","slug":"pohjustetaan-tietae-vuoden-2030-kaeaenteelle","status":"publish","type":"shortnews","link":"https:\/\/www.kuebler-hallenheizungen.de\/fi\/kurznews\/waermewende-2030-weichen-stellen\/","title":{"rendered":"Miten yritykset valitsevat oikean kurssin t\u00e4n\u00e4\u00e4n"},"content":{"rendered":"<p>L\u00e4mm\u00f6nsiirtym\u00e4 ei ole en\u00e4\u00e4 pk-yrityksille tulevaisuuden aihe vaan t\u00e4m\u00e4nhetkinen strateginen teht\u00e4v\u00e4. T\u00e4t\u00e4 korostettiin webinaarissa \u201e<strong>L\u00e4mm\u00f6n siirtyminen vuoteen 2030: miten jo t\u00e4n\u00e4\u00e4n voidaan ottaa suunnaksi tehokas ja lains\u00e4\u00e4d\u00e4nn\u00f6n mukainen tulevaisuus?<\/strong>\", jonka IHK Trier j\u00e4rjesti yhdess\u00e4 IHK-Arbeitsgemeinschaft Rheinland-Pfalzin kanssa. Esitelm\u00e4ss\u00e4\u00e4n <a href=\"https:\/\/www.linkedin.com\/in\/thomas-k%C3%BCbler-2a391a57\/\" target=\"_blank\" rel=\"noopener\">Thomas K\u00fcbler<\/a> (K\u00dcBLER GmbH Energiesparende Hallenheizungen) tarjosi k\u00e4yt\u00e4nn\u00f6n n\u00e4kemyksi\u00e4 poliittisista puitteista ja osoitti, miten yritykset voivat toteuttaa l\u00e4mp\u00f6siirtym\u00e4n taloudellisesti - erityisesti sis\u00e4tiloissa ja muissa kuin asuinrakennuksissa.<\/p>\r\n\r\n\r\n\r\n<p>Kokenut yritt\u00e4j\u00e4 antoi t\u00e4rke\u00e4n sys\u00e4yksen:<\/p>\r\n\r\n\r\n\r\n<p><strong>\u2192 L\u00e4mp\u00f6 on avain energiamurrokseen<\/strong><br \/>L\u00e4mm\u00f6n osuus yritysten energiankulutuksesta on jopa 70 % - t\u00e4ss\u00e4 on suurin vipuvaikutus.<\/p>\r\n\r\n\r\n\r\n<p><strong>\u2192 Tehokkuus ennen energial\u00e4hteit\u00e4<\/strong><br \/>Kysymys kaasusta, s\u00e4hk\u00f6st\u00e4 tai vedyst\u00e4 ei ole l\u00e4ht\u00f6kohta, vaan pikemminkin nykyisen j\u00e4rjestelm\u00e4n optimointi.<\/p>\r\n\r\n\r\n\r\n<p><strong>\u2192 Hallien erityisvaatimukset<\/strong><br \/>Korkeat tilat, ilman kerrostuminen ja lyhyet k\u00e4ytt\u00f6ajat tekev\u00e4t klassisista l\u00e4mminilmaratkaisuista usein tehottomia.<\/p>\r\n\r\n\r\n\r\n<p><strong>\u2192 Teknologinen avoimuus teknologisten rajoitteiden sijaan<\/strong><br \/>Ratkaisevaa on hiilidioksidip\u00e4\u00e4st\u00f6jen v\u00e4hent\u00e4minen, ei sitoutuminen yhteen ratkaisuun.<\/p>\r\n\r\n\r\n\r\n<p><strong>\u2192 Infrapuna tehokkaana l\u00e4hestymistapana<\/strong><br \/>Suunnattu l\u00e4mp\u00f6 v\u00e4hent\u00e4\u00e4 h\u00e4vi\u00f6it\u00e4, mahdollistaa nopean l\u00e4mmityksen ja lis\u00e4\u00e4 k\u00e4ytt\u00e4jien hyv\u00e4ksynt\u00e4\u00e4.<\/p>\r\n\r\n\r\n\r\n<p><strong>\u2192 Energiajoustavuus luo tulevaisuuden turvallisuutta<\/strong><br \/>Eri energial\u00e4hteit\u00e4 yhdist\u00e4v\u00e4t j\u00e4rjestelm\u00e4t lis\u00e4\u00e4v\u00e4t joustavuutta ja tehokkuutta.<\/p>\r\n\r\n\r\n\r\n<p><strong>\u2192 Digitalisaatio mahdollistajana<\/strong><br \/>Mitattavuus ja hallittavuus ovat tehokkaan l\u00e4mm\u00f6nhallinnan keskeisi\u00e4 edellytyksi\u00e4.<\/p>\r\n\r\n\r\n\r\n\r\n\r\n<p>Moderoija <a href=\"https:\/\/www.linkedin.com\/in\/sarahsousa71918121b\/\" target=\"_blank\" rel=\"noopener\">Sarah Sousa<\/a>, energia- ja ymp\u00e4rist\u00f6vastaava Pfalzin teollisuus- ja kauppakamarissa, verkkoseminaari oli suunnattu my\u00f6s pk-yritysten ty\u00f6ntekij\u00f6ille ja p\u00e4\u00e4tt\u00e4jille, kun Nicola Kimiaie Mittelstand-Digital Zentrum Frankenista piti toisen esityksen. Loppujen lopuksi erityisesti pienet ja keskisuuret yritykset kohtaavat uusia teknisi\u00e4, taloudellisia ja lains\u00e4\u00e4d\u00e4nn\u00f6llisi\u00e4 haasteita l\u00e4mmitykseen siirtymisen seurauksena. Samalla se voi kuitenkin avata suuria mahdollisuuksia energian tehokkaampaan hy\u00f6dynt\u00e4miseen, kustannusten alentamiseen ja uusien l\u00e4mm\u00f6ntoimitusmuotojen kehitt\u00e4miseen.<\/p>\r\n\r\n\r\n\r\n<p><strong>Johtop\u00e4\u00e4t\u00f6kset:<\/strong><br \/>L\u00e4mmitykseen siirtyminen alkaa tehokkuudesta - ja monissa tapauksissa se voidaan toteuttaa taloudellisesti oletettua nopeammin (usein 5-7 vuoden kuluessa). Pk-yrityksille t\u00e4m\u00e4 tarkoittaa, ett\u00e4 ne, jotka toimivat nyt, voivat paitsi t\u00e4ytt\u00e4\u00e4 lains\u00e4\u00e4d\u00e4nn\u00f6lliset vaatimukset my\u00f6s v\u00e4hent\u00e4\u00e4 kustannuksia ja varmistaa kilpailuetuja pitk\u00e4ll\u00e4 aikav\u00e4lill\u00e4.<\/p>\r\n\r\n\r\n\r\n\r\n\r\n<p>#Heat transition #Energy efficiency #SMEs #Energy transition #Sustainability #Industry #TTransformation #Digitalisation #Digitalisation<\/p>","protected":false},"featured_media":157791,"template":"","class_list":["post-157790","shortnews","type-shortnews","status-publish","has-post-thumbnail","hentry"],"acf":[],"_links":{"self":[{"href":"https:\/\/www.kuebler-hallenheizungen.de\/fi\/wp-json\/wp\/v2\/shortnews\/157790","targetHints":{"allow":["GET"]}}],"collection":[{"href":"https:\/\/www.kuebler-hallenheizungen.de\/fi\/wp-json\/wp\/v2\/shortnews"}],"about":[{"href":"https:\/\/www.kuebler-hallenheizungen.de\/fi\/wp-json\/wp\/v2\/types\/shortnews"}],"wp:featuredmedia":[{"embeddable":true,"href":"https:\/\/www.kuebler-hallenheizungen.de\/fi\/wp-json\/wp\/v2\/media\/157791"}],"wp:attachment":[{"href":"https:\/\/www.kuebler-hallenheizungen.de\/fi\/wp-json\/wp\/v2\/media?parent=157790"}],"curies":[{"name":"wp","href":"https:\/\/api.w.org\/{rel}","templated":true}]}}