{"id":27758,"date":"2024-06-28T16:59:59","date_gmt":"2024-06-28T14:59:59","guid":{"rendered":"https:\/\/www.kuebler-hallenheizungen.de\/?post_type=shortnews&#038;p=27758"},"modified":"2024-09-06T10:48:28","modified_gmt":"2024-09-06T08:48:28","slug":"kuebler-ntvn-reportaasissa-miten-tekoaely-voi-suojella-ilmastoa","status":"publish","type":"shortnews","link":"https:\/\/www.kuebler-hallenheizungen.de\/fi\/kurznews\/kuebler-in-ntv-reportage-wie-kann-kuenstliche-intelligenz-das-klima-schuetzen\/","title":{"rendered":"K\u00dcBLER ntv:n raportissa: \"Miten teko\u00e4ly voi suojella ilmastoa?\""},"content":{"rendered":"<p>Teko\u00e4lyn loputtomilta vaikuttaviin mahdollisuuksiin liittyv\u00e4 hype on my\u00f6s ilmastonsuojelun kannalta eritt\u00e4in t\u00e4rke\u00e4\u00e4. Teko\u00e4lyn tukema l\u00e4mmitysj\u00e4rjestelmien ohjaus voi johtaa merkitt\u00e4viin s\u00e4\u00e4st\u00f6ihin hiilidioksidip\u00e4\u00e4st\u00f6iss\u00e4 ja l\u00e4mmityskustannuksissa, erityisesti halleissa. T\u00e4ss\u00e4 haastattelussa energiaa s\u00e4\u00e4st\u00e4vien ja kest\u00e4vien hallien l\u00e4mmitysj\u00e4rjestelmien innovaatiojohtaja antaa n\u00e4kym\u00e4n uusiin mahdollisuuksiin, joita t\u00e4m\u00e4 avaa hallien l\u00e4mmitykselle ja ymp\u00e4rist\u00f6lle.<\/p>\n<p>Lue lis\u00e4\u00e4 <a href=\"https:\/\/www.wetter.de\/videos\/wie-hilft-kuenstliche-intelligenz-gegen-die-klimakrise-6658971663b0e9e25207a512.html\">t\u00e4\u00e4ll\u00e4<\/a> videolla.<\/p>\n<p><strong>Hashtag#Ateko\u00e4ly Hashtag#Cilmastonsuojelu Hashtag#Energians\u00e4\u00e4st\u00f6 Hashtag#CO\u2082-v\u00e4hennys Hashtag#CO\u2082-v\u00e4hennys<\/strong><\/p>","protected":false},"featured_media":27761,"template":"","class_list":["post-27758","shortnews","type-shortnews","status-publish","has-post-thumbnail","hentry"],"acf":[],"_links":{"self":[{"href":"https:\/\/www.kuebler-hallenheizungen.de\/fi\/wp-json\/wp\/v2\/shortnews\/27758","targetHints":{"allow":["GET"]}}],"collection":[{"href":"https:\/\/www.kuebler-hallenheizungen.de\/fi\/wp-json\/wp\/v2\/shortnews"}],"about":[{"href":"https:\/\/www.kuebler-hallenheizungen.de\/fi\/wp-json\/wp\/v2\/types\/shortnews"}],"wp:featuredmedia":[{"embeddable":true,"href":"https:\/\/www.kuebler-hallenheizungen.de\/fi\/wp-json\/wp\/v2\/media\/27761"}],"wp:attachment":[{"href":"https:\/\/www.kuebler-hallenheizungen.de\/fi\/wp-json\/wp\/v2\/media?parent=27758"}],"curies":[{"name":"wp","href":"https:\/\/api.w.org\/{rel}","templated":true}]}}