{"id":30692,"date":"2025-07-10T20:40:56","date_gmt":"2025-07-10T18:40:56","guid":{"rendered":"https:\/\/www.kuebler-hallenheizungen.de\/?post_type=shortnews&#038;p=30692"},"modified":"2025-07-10T20:41:05","modified_gmt":"2025-07-10T18:41:05","slug":"kutsu-gih-verkkoseminaari-hallien-laemmityksen-hiilidioksidipaeaestoejen-vaehentaeminen-1707","status":"publish","type":"shortnews","link":"https:\/\/www.kuebler-hallenheizungen.de\/fi\/kurznews\/einladung-gih-webseminar-die-dekarbonisierung-der-hallenbeheizung-1707\/","title":{"rendered":"Kutsu GIH:n verkkoseminaariin: \"Hallil\u00e4mmityksen hiilidioksidip\u00e4\u00e4st\u00f6jen v\u00e4hent\u00e4minen\"."},"content":{"rendered":"<div data-contents=\"true\">\n<div class=\"\" data-block=\"true\" data-editor=\"5k46f\" data-offset-key=\"2unt3-0-0\">\n<div class=\"_1mf _1mj\" data-offset-key=\"2unt3-0-0\"><span data-offset-key=\"2unt3-0-0\">Lue p\u00e4hkin\u00e4nkuoressa kaikki hallien l\u00e4mmitysvaatimuksista. Tutustu tulevaisuuteen suuntautuviin vaihtoehtoihin, joilla energiamurros voidaan toteuttaa n\u00e4iss\u00e4 erityisrakennuksissa nopeasti, luotettavasti ja taloudellisesti. Ota selv\u00e4\u00e4 t\u00e4ss\u00e4 ainutlaatuisessa seminaarissa:<\/span><\/div>\n<\/div>\n<div class=\"\" data-block=\"true\" data-editor=\"5k46f\" data-offset-key=\"btp0e-0-0\">\n<div class=\"_1mf _1mj\" data-offset-key=\"btp0e-0-0\"><span data-offset-key=\"btp0e-0-0\"> \"The decarbonisation of hall heating\" 17.07.2025 | 15.00-16.00 | Microsoft Teams<\/span><\/div>\n<\/div>\n<div class=\"\" data-block=\"true\" data-editor=\"5k46f\" data-offset-key=\"54b1v-0-0\">\n<div class=\"_1mf _1mj\" data-offset-key=\"54b1v-0-0\"><span data-offset-key=\"54b1v-0-0\">\u2192 Miten kuroa umpeen kuilu CO\u2082-vapaaseen aikakauteen innovatiivisella hallien l\u00e4mmitystekniikalla jo t\u00e4n\u00e4\u00e4n.<\/span><\/div>\n<\/div>\n<div class=\"\" data-block=\"true\" data-editor=\"5k46f\" data-offset-key=\"d5788-0-0\">\n<div class=\"_1mf _1mj\" data-offset-key=\"d5788-0-0\"><span data-offset-key=\"d5788-0-0\">\u00a0<\/span><\/div>\n<\/div>\n<div class=\"\" data-block=\"true\" data-editor=\"5k46f\" data-offset-key=\"csn1h-0-0\">\n<div class=\"_1mf _1mj\" data-offset-key=\"csn1h-0-0\"><span data-offset-key=\"csn1h-0-0\">\u2192 Miten voit todella s\u00e4\u00e4st\u00e4\u00e4 paljon energiaa palkittujen, energiajoustavien K\u00dcBLER-kehitysten ansiosta: Voit valita, mik\u00e4 energial\u00e4hde on sinulle tehokkain.<\/span><\/div>\n<\/div>\n<div class=\"\" data-block=\"true\" data-editor=\"5k46f\" data-offset-key=\"49usq-0-0\">\n<div class=\"_1mf _1mj\" data-offset-key=\"49usq-0-0\"><span data-offset-key=\"49usq-0-0\">\u00a0<\/span><\/div>\n<\/div>\n<div class=\"\" data-block=\"true\" data-editor=\"5k46f\" data-offset-key=\"5usmu-0-0\">\n<div class=\"_1mf _1mj\" data-offset-key=\"5usmu-0-0\"><span data-offset-key=\"5usmu-0-0\">Verkkoseminaarissa, jossa on mukana K\u00dcBLERin hallien l\u00e4mmitysasiantuntija Kai-Uwe Gr\u00fctter, kerrotaan, miten voit taistella korkeita energian hintoja vastaan ja nopeuttaa muutosta k\u00e4ytt\u00e4m\u00e4ll\u00e4 energiaa s\u00e4\u00e4st\u00e4vi\u00e4 hallien l\u00e4mmitysj\u00e4rjestelmi\u00e4. <\/span><\/div>\n<\/div>\n<div class=\"\" data-block=\"true\" data-editor=\"5k46f\" data-offset-key=\"6pdab-0-0\">\n<div class=\"_1mf _1mj\" data-offset-key=\"6pdab-0-0\"><span data-offset-key=\"6pdab-0-0\">! T\u00e4rke\u00e4\u00e4 sinulle: Koulutuskurssi \"Hallien l\u00e4mmityksen hiilidioksidip\u00e4\u00e4st\u00f6jen v\u00e4hent\u00e4minen\" hyvitet\u00e4\u00e4n 1 opintokokonaisuudella kategorioissa asuinrakennukset, muut kuin asuinrakennukset ja energiakatselmus DIN 16247\/sopimustoiminta liittovaltion rahoitusohjelmien energiatehokkuusasiantuntijaluettelossa.<\/span><\/div>\n<\/div>\n<div class=\"\" data-block=\"true\" data-editor=\"5k46f\" data-offset-key=\"c4quh-0-0\">\n<div class=\"_1mf _1mj\" data-offset-key=\"c4quh-0-0\"><span data-offset-key=\"c4quh-0-0\">\u00a0<\/span><\/div>\n<\/div>\n<div class=\"\" data-block=\"true\" data-editor=\"5k46f\" data-offset-key=\"2iu43-0-0\">\n<div class=\"_1mf _1mj\" data-offset-key=\"2iu43-0-0\"><span data-offset-key=\"2iu43-0-0\">Rekister\u00f6idy nyt: <\/span><\/div>\n<\/div>\n<div class=\"\" data-block=\"true\" data-editor=\"5k46f\" data-offset-key=\"4kakp-0-0\">\n<div class=\"_1mf _1mj\" data-offset-key=\"4kakp-0-0\"><span data-offset-key=\"4kakp-0-0\">Hallien l\u00e4mmityksen hiilidioksidip\u00e4\u00e4st\u00f6jen v\u00e4hent\u00e4minen - 17.07.2025 <\/span><\/div>\n<\/div>\n<div class=\"\" data-block=\"true\" data-editor=\"5k46f\" data-offset-key=\"agk5a-0-0\">\n<div class=\"_1mf _1mj\" data-offset-key=\"agk5a-0-0\"><span data-offset-key=\"agk5a-0-0\">www.kuebler-hallenheizungen.de\/17072025 <\/span><\/div>\n<\/div>\n<div class=\"\" data-block=\"true\" data-editor=\"5k46f\" data-offset-key=\"c4hml-0-0\">\n<div class=\"_1mf _1mj\" data-offset-key=\"c4hml-0-0\"><span data-offset-key=\"c4hml-0-0\">\u00a0<\/span><\/div>\n<\/div>\n<div class=\"\" data-block=\"true\" data-editor=\"5k46f\" data-offset-key=\"6q2nc-0-0\">\n<div class=\"_1mf _1mj\" data-offset-key=\"6q2nc-0-0\"><span class=\"_5zk7\" spellcheck=\"false\" data-offset-key=\"6q2nc-0-0\"><span data-offset-key=\"6q2nc-0-0\">1TP5Hiilett\u00f6myys<\/span><\/span> <span class=\"_5zk7\" spellcheck=\"false\" data-offset-key=\"6q2nc-2-0\"><span data-offset-key=\"6q2nc-2-0\">#Hall l\u00e4mmitys<\/span><\/span> <span class=\"_5zk7\" spellcheck=\"false\" data-offset-key=\"6q2nc-4-0\"><span data-offset-key=\"6q2nc-4-0\">#Webseminaari<\/span><\/span> <span class=\"_5zk7\" spellcheck=\"false\" data-offset-key=\"6q2nc-6-0\"><span data-offset-key=\"6q2nc-6-0\">#Eenergian siirtyminen<\/span><\/span> <span class=\"_5zk7\" spellcheck=\"false\" data-offset-key=\"6q2nc-8-0\"><span data-offset-key=\"6q2nc-8-0\">1TP5Ymp\u00e4rist\u00f6nsuojelu<\/span><\/span> <span class=\"_5zk7\" spellcheck=\"false\" data-offset-key=\"6q2nc-10-0\"><span data-offset-key=\"6q2nc-10-0\">#EEnergiatehokkuus<\/span><\/span> <span class=\"_5zk7\" spellcheck=\"false\" data-offset-key=\"6q2nc-12-0\"><span data-offset-key=\"6q2nc-12-0\">#K\u00dcBLER<\/span><\/span> <span class=\"_5zk7\" spellcheck=\"false\" data-offset-key=\"6q2nc-14-0\"><span data-offset-key=\"6q2nc-14-0\">#Infrapunal\u00e4mmitys<\/span><\/span> <span class=\"_5zk7\" spellcheck=\"false\" data-offset-key=\"6q2nc-16-0\"><span data-offset-key=\"6q2nc-16-0\">#eollisuusl\u00e4mmitys<\/span><\/span> <span class=\"_5zk7\" spellcheck=\"false\" data-offset-key=\"6q2nc-18-0\"><span data-offset-key=\"6q2nc-18-0\">1TP5Promootio-ohjelmat<\/span><\/span> <span class=\"_5zk7\" spellcheck=\"false\" data-offset-key=\"6q2nc-20-0\"><span data-offset-key=\"6q2nc-20-0\">#Eenergiakatselmus<\/span><\/span> <span class=\"_5zk7\" spellcheck=\"false\" data-offset-key=\"6q2nc-22-0\"><span data-offset-key=\"6q2nc-22-0\">#Csopimukset<\/span><\/span> <span class=\"_5zk7\" spellcheck=\"false\" data-offset-key=\"6q2nc-24-0\"><span data-offset-key=\"6q2nc-24-0\">#MicrosoftTeams<\/span><\/span> <span class=\"_5zk7\" spellcheck=\"false\" data-offset-key=\"6q2nc-26-0\"><span data-offset-key=\"6q2nc-26-0\">#Eenergians\u00e4\u00e4st\u00f6<\/span><\/span> <span class=\"_5zk7\" spellcheck=\"false\" data-offset-key=\"6q2nc-28-0\"><span data-offset-key=\"6q2nc-28-0\">#CO\u2082vapaa<\/span><\/span><\/div>\n<\/div>\n<div class=\"\" data-block=\"true\" data-editor=\"5k46f\" data-offset-key=\"5mseb-0-0\">\n<div class=\"_1mf _1mj\" data-offset-key=\"5mseb-0-0\"><\/div>\n<\/div>\n<\/div>","protected":false},"featured_media":30695,"template":"","class_list":["post-30692","shortnews","type-shortnews","status-publish","has-post-thumbnail","hentry"],"acf":[],"_links":{"self":[{"href":"https:\/\/www.kuebler-hallenheizungen.de\/fi\/wp-json\/wp\/v2\/shortnews\/30692","targetHints":{"allow":["GET"]}}],"collection":[{"href":"https:\/\/www.kuebler-hallenheizungen.de\/fi\/wp-json\/wp\/v2\/shortnews"}],"about":[{"href":"https:\/\/www.kuebler-hallenheizungen.de\/fi\/wp-json\/wp\/v2\/types\/shortnews"}],"wp:featuredmedia":[{"embeddable":true,"href":"https:\/\/www.kuebler-hallenheizungen.de\/fi\/wp-json\/wp\/v2\/media\/30695"}],"wp:attachment":[{"href":"https:\/\/www.kuebler-hallenheizungen.de\/fi\/wp-json\/wp\/v2\/media?parent=30692"}],"curies":[{"name":"wp","href":"https:\/\/api.w.org\/{rel}","templated":true}]}}