{"id":35890,"date":"2025-09-25T16:56:02","date_gmt":"2025-09-25T14:56:02","guid":{"rendered":"https:\/\/www.kuebler-hallenheizungen.de\/?post_type=shortnews&#038;p=35890"},"modified":"2025-09-28T18:05:01","modified_gmt":"2025-09-28T16:05:01","slug":"teidaen-laemmitysprojektinne-meidaen-tavoitteemme","status":"publish","type":"shortnews","link":"https:\/\/www.kuebler-hallenheizungen.de\/fi\/kurznews\/ihr-heizprojekt-unser-ergeiz\/","title":{"rendered":"L\u00e4mmitysprojektisi on meid\u00e4n tavoitteemme!"},"content":{"rendered":"<p>Paras l\u00e4mmitysj\u00e4rjestelm\u00e4 on se, joka sopii tarpeisiisi. Koska jokainen sali on erilainen.<\/p>\n<p>Siksi kuuntelemme tarkasti - ennen kuin suunnittelemme, kehit\u00e4mme ja toteutamme.<br \/>\n-Vaatimuksesi ovat meid\u00e4n vertailukohtamme<br \/>\n-Tavoitteesi ovat motivaatiomme<br \/>\n-Tyytyv\u00e4isyytesi on meid\u00e4n vaatimuksemme<br \/>\nOlipa kyseess\u00e4 sitten saneeraus tai uudisrakennus, pieni varasto tai monimutkainen teollisuuslaitos - toimitamme r\u00e4\u00e4t\u00e4l\u00f6ityj\u00e4 hallien l\u00e4mmitysratkaisuja, jotka innostavat. Teknisesti, taloudellisesti ja kest\u00e4v\u00e4sti.<\/p>\n<p>Ota yhteytt\u00e4 nyt:<\/p>\n<blockquote class=\"wp-embedded-content\" data-secret=\"9YXqOxEyrp\"><p><a href=\"https:\/\/www.kuebler-hallenheizungen.de\/fi\/ota-yhteyttae\/\">Ota yhteytt\u00e4<\/a><\/p><\/blockquote>\n<p><iframe class=\"wp-embedded-content\" sandbox=\"allow-scripts\" security=\"restricted\" style=\"position: absolute; visibility: hidden;\" title=\"\u201eYhteystiedot\u201c \u2014 K\u00dcBLER Energiatehokkaat hallil\u00e4mmitysj\u00e4rjestelm\u00e4t\" src=\"https:\/\/www.kuebler-hallenheizungen.de\/kontakt\/embed\/#?secret=Mp1xDdMguD#?secret=9YXqOxEyrp\" data-secret=\"9YXqOxEyrp\" width=\"500\" height=\"282\" frameborder=\"0\" marginwidth=\"0\" marginheight=\"0\" scrolling=\"no\"><\/iframe><\/p>\n<p>Yhteisty\u00f6ss\u00e4. Henkil\u00f6kohtaisesti. Tarkka.<\/p>\n<p>#Customer orientation #Hall heating #K\u00fcblerW\u00e4rme #Industrial heating #Heating project #B2B #MadeInGermany<br \/>\n#Hallil\u00e4mmitys #Teollisuusl\u00e4mmitys #Rsaneeraus #Nuusi rakentaminen #Eenergiatehokkuus #Skest\u00e4vyys #Hl\u00e4mmitysratkaisu #Innovaatio kaupan alalla #Eenergians\u00e4\u00e4st\u00f6 #Cr\u00e4\u00e4t\u00e4l\u00f6idyt ratkaisut<\/p>","protected":false},"featured_media":35893,"template":"","class_list":["post-35890","shortnews","type-shortnews","status-publish","has-post-thumbnail","hentry"],"acf":[],"_links":{"self":[{"href":"https:\/\/www.kuebler-hallenheizungen.de\/fi\/wp-json\/wp\/v2\/shortnews\/35890","targetHints":{"allow":["GET"]}}],"collection":[{"href":"https:\/\/www.kuebler-hallenheizungen.de\/fi\/wp-json\/wp\/v2\/shortnews"}],"about":[{"href":"https:\/\/www.kuebler-hallenheizungen.de\/fi\/wp-json\/wp\/v2\/types\/shortnews"}],"wp:featuredmedia":[{"embeddable":true,"href":"https:\/\/www.kuebler-hallenheizungen.de\/fi\/wp-json\/wp\/v2\/media\/35893"}],"wp:attachment":[{"href":"https:\/\/www.kuebler-hallenheizungen.de\/fi\/wp-json\/wp\/v2\/media?parent=35890"}],"curies":[{"name":"wp","href":"https:\/\/api.w.org\/{rel}","templated":true}]}}