{"id":37667,"date":"2025-10-03T16:57:05","date_gmt":"2025-10-03T14:57:05","guid":{"rendered":"https:\/\/www.kuebler-hallenheizungen.de\/?post_type=shortnews&#038;p=37667"},"modified":"2025-10-05T20:03:00","modified_gmt":"2025-10-05T18:03:00","slug":"hallin-laemmitysjaerjestelmaet-premium-laatua-tehty-itaeaen-ja-laenteen","status":"publish","type":"shortnews","link":"https:\/\/www.kuebler-hallenheizungen.de\/fi\/kurznews\/hallenheizungen-in-premium-qualitaet-made-ost-und-west\/","title":{"rendered":"Huippulaatuiset hallil\u00e4mmitysj\u00e4rjestelm\u00e4t \u2013 valmistettu It\u00e4- ja L\u00e4nsi-Saksassa."},"content":{"rendered":"<p>Mik\u00e4 yhdist\u00e4\u00e4 K\u00dcBLERi\u00e4 ja Saksan yhten\u00e4isyytt\u00e4? Yksinkertaisesti t\u00e4m\u00e4: Rakensimme ensimm\u00e4isen\u00e4 Saksissa. Ja olemme yksi niist\u00e4 harvoista, jotka ovat edelleen juurtuneet \u201esinne\u201c.<\/p>\n<p>Dresdenin tuotantokeskuksemme on kehittynyt menestystarinaksi. Nyky\u00e4\u00e4n valmistamme l\u00e4hes kaikki komponentit kehittyneisiin hallien l\u00e4mmitysj\u00e4rjestelmiin itse. Olemme investoineet t\u00e4h\u00e4n paljon: ty\u00f6ntekij\u00f6idemme laajaan asiantuntemukseen ja uusimpiin koneisiin.<\/p>\n<p>Alusta alkaen t\u00e4rkeint\u00e4 oli kuitenkin yhteenkuuluvuus suuren K\u00dcBLER-perheen sis\u00e4ll\u00e4. T\u00e4m\u00e4 on toinen syy siihen, miksi Saksan yhten\u00e4isyysp\u00e4iv\u00e4 on meille hyvin erityinen p\u00e4iv\u00e4.<br \/>\nYhdess\u00e4 meist\u00e4 on tullut teknologiajohtaja, ja olemme ylpeit\u00e4 siit\u00e4, ett\u00e4 voimme antaa merkitt\u00e4v\u00e4n panoksen liikerakennusten kest\u00e4v\u00e4\u00e4n ja tulevaisuuteen suuntautuvaan l\u00e4mmitykseen - aidosti Made in Germany.<\/p>\n<blockquote class=\"wp-embedded-content\" data-secret=\"BosXCaPnBf\"><p><a href=\"https:\/\/www.kuebler-hallenheizungen.de\/fi\/kueblerista\/\">Tietoja K\u00dcBLER<\/a><\/p><\/blockquote>\n<p><iframe class=\"wp-embedded-content\" sandbox=\"allow-scripts\" security=\"restricted\" style=\"position: absolute; visibility: hidden;\" title=\"\u201eTietoa K\u00dcBLERist\u00e4\u201c - K\u00dcBLER Energiaa s\u00e4\u00e4st\u00e4v\u00e4t hallien l\u00e4mmitysj\u00e4rjestelm\u00e4t\" src=\"https:\/\/www.kuebler-hallenheizungen.de\/ueber-kuebler\/embed\/#?secret=sx6U3pizpg#?secret=BosXCaPnBf\" data-secret=\"BosXCaPnBf\" width=\"500\" height=\"282\" frameborder=\"0\" marginwidth=\"0\" marginheight=\"0\" scrolling=\"no\"><\/iframe><\/p>\n<p>#DayOfGermanUnity #GermanUnity #Reunification #MadeInGermany #K\u00dcBLER #HallenHeating #EnergyEfficiency #TechnologyLeader #HeatingTechnology #SustainableSolutions #PPremiumQuality #InnovationMadeInGermany<\/p>","protected":false},"featured_media":37671,"template":"","class_list":["post-37667","shortnews","type-shortnews","status-publish","has-post-thumbnail","hentry"],"acf":[],"_links":{"self":[{"href":"https:\/\/www.kuebler-hallenheizungen.de\/fi\/wp-json\/wp\/v2\/shortnews\/37667","targetHints":{"allow":["GET"]}}],"collection":[{"href":"https:\/\/www.kuebler-hallenheizungen.de\/fi\/wp-json\/wp\/v2\/shortnews"}],"about":[{"href":"https:\/\/www.kuebler-hallenheizungen.de\/fi\/wp-json\/wp\/v2\/types\/shortnews"}],"wp:featuredmedia":[{"embeddable":true,"href":"https:\/\/www.kuebler-hallenheizungen.de\/fi\/wp-json\/wp\/v2\/media\/37671"}],"wp:attachment":[{"href":"https:\/\/www.kuebler-hallenheizungen.de\/fi\/wp-json\/wp\/v2\/media?parent=37667"}],"curies":[{"name":"wp","href":"https:\/\/api.w.org\/{rel}","templated":true}]}}