{"id":39963,"date":"2025-10-16T18:53:52","date_gmt":"2025-10-16T16:53:52","guid":{"rendered":"https:\/\/www.kuebler-hallenheizungen.de\/?post_type=shortnews&#038;p=39963"},"modified":"2025-10-16T18:53:52","modified_gmt":"2025-10-16T16:53:52","slug":"kutsu-gih-verkkoseminaari-hallien-laemmityksen-hiilidioksidipaeaestoejen-vaehentaeminen-2","status":"publish","type":"shortnews","link":"https:\/\/www.kuebler-hallenheizungen.de\/fi\/kurznews\/einladung-gih-webseminar-die-dekarbonisierung-der-hallenbeheizung-2\/","title":{"rendered":"Kutsu GIH:n verkkoseminaariin: \"Hallil\u00e4mmityksen hiilidioksidip\u00e4\u00e4st\u00f6jen v\u00e4hent\u00e4minen\"."},"content":{"rendered":"<p>Lue p\u00e4hkin\u00e4nkuoressa kaikki hallien l\u00e4mmitysvaatimuksista. Tutustu tulevaisuuteen suuntautuviin vaihtoehtoihin, joilla energiamurros voidaan toteuttaa n\u00e4iss\u00e4 erityisrakennuksissa nopeasti, luotettavasti ja taloudellisesti. Ota selv\u00e4\u00e4 t\u00e4ss\u00e4 ainutlaatuisessa seminaarissa:<\/p>\n<p>\u201eThe decarbonisation of hall heating\u201c 23.10.2025 | 15.00-16.00 | Microsoft Teams<br \/>\n\u2192 Miten kuroa umpeen kuilu CO\u2082-vapaaseen aikakauteen innovatiivisella hallien l\u00e4mmitystekniikalla jo t\u00e4n\u00e4\u00e4n.<br \/>\n\u2192 Miten voit todella s\u00e4\u00e4st\u00e4\u00e4 paljon energiaa palkittujen, energiajoustavien K\u00dcBLER-kehitysten ansiosta: Voit valita, mik\u00e4 energial\u00e4hde on sinulle tehokkain.<\/p>\n<p>Verkkoseminaarissa, jossa on mukana K\u00dcBLERin hallien l\u00e4mmitysasiantuntija Kai-Uwe Gr\u00fctter, kerrotaan, miten voit taistella korkeita energian hintoja vastaan ja nopeuttaa muutosta k\u00e4ytt\u00e4m\u00e4ll\u00e4 energiaa s\u00e4\u00e4st\u00e4vi\u00e4 hallien l\u00e4mmitysj\u00e4rjestelmi\u00e4.<br \/>\n! T\u00e4rke\u00e4\u00e4 sinulle: Koulutuskurssi \"Hallien l\u00e4mmityksen hiilidioksidip\u00e4\u00e4st\u00f6jen v\u00e4hent\u00e4minen\" hyvitet\u00e4\u00e4n 1 opintokokonaisuudella kategorioissa asuinrakennukset, muut kuin asuinrakennukset ja energiakatselmus DIN 16247\/sopimustoiminta liittovaltion rahoitusohjelmien energiatehokkuusasiantuntijaluettelossa.<br \/>\nRekister\u00f6idy nyt: <a href=\"https:\/\/www.kuebler-hallenheizungen.de\/fi\/tapahtuma\/dena-sponsoroi-gihn-online-seminaaria-hallien-laemmityksen-hiilidioksidipaeaestoejen-vaehentaeminen-yhteistyoessae-gihn-kanssa-23-10-2025\/\">Hallien l\u00e4mmityksen hiilidioksidip\u00e4\u00e4st\u00f6jen v\u00e4hent\u00e4minen - 23.10.2025<\/a><\/p>\n<p>#Hallil\u00e4mmitys #Hiilennys #Eenergiatehokkuus #Eenergiasiirtym\u00e4 #Kuebler-l\u00e4mmitysj\u00e4rjestelm\u00e4t<\/p>","protected":false},"featured_media":39966,"template":"","class_list":["post-39963","shortnews","type-shortnews","status-publish","has-post-thumbnail","hentry"],"acf":[],"_links":{"self":[{"href":"https:\/\/www.kuebler-hallenheizungen.de\/fi\/wp-json\/wp\/v2\/shortnews\/39963","targetHints":{"allow":["GET"]}}],"collection":[{"href":"https:\/\/www.kuebler-hallenheizungen.de\/fi\/wp-json\/wp\/v2\/shortnews"}],"about":[{"href":"https:\/\/www.kuebler-hallenheizungen.de\/fi\/wp-json\/wp\/v2\/types\/shortnews"}],"wp:featuredmedia":[{"embeddable":true,"href":"https:\/\/www.kuebler-hallenheizungen.de\/fi\/wp-json\/wp\/v2\/media\/39966"}],"wp:attachment":[{"href":"https:\/\/www.kuebler-hallenheizungen.de\/fi\/wp-json\/wp\/v2\/media?parent=39963"}],"curies":[{"name":"wp","href":"https:\/\/api.w.org\/{rel}","templated":true}]}}