{"id":40330,"date":"2025-10-21T17:10:57","date_gmt":"2025-10-21T15:10:57","guid":{"rendered":"https:\/\/www.kuebler-hallenheizungen.de\/?post_type=shortnews&#038;p=40330"},"modified":"2025-10-21T17:11:49","modified_gmt":"2025-10-21T15:11:49","slug":"strateginen-kumppani-austeriassa-kuebler-raymann-kraft-der-sonne-photovoltaikanlagen-gmbh","status":"publish","type":"shortnews","link":"https:\/\/www.kuebler-hallenheizungen.de\/fi\/kurznews\/strategische-partner-in-oesterreich-kuebler-raymann-kraft-der-sonne-photovoltaikanlagen-gmbh\/","title":{"rendered":"Strategiset kumppanit It\u00e4vallassa: K\u00dcBLER &amp; Raymann Kraft der Sonne Photovoltaikanlagen GmbH"},"content":{"rendered":"<p>Olemme iloisia ensimm\u00e4isest\u00e4 K\u00dcBLER-asiantuntijakumppanuudesta It\u00e4vallassa!<\/p>\n<p>Miksi K\u00dcBLER on oikea kumppani tunnetulle s\u00e4hk\u00f6asentajalle? Koska tuotteiden laatu ja innovaatiot ovat tulevaisuuteen suuntautuneen yrityksen t\u00e4rkeimpi\u00e4 prioriteetteja. Siksi teollisuuden l\u00e4mmitysala luottaa tulevaisuudessa K\u00dcBLERin innovatiivisiin CO\u2082-vapaisiin, eritt\u00e4in tehokkaisiin ja taloudellisiin s\u00e4hk\u00f6l\u00e4mmitysratkaisuihin.<\/p>\n<p>T\u00e4m\u00e4 luo ratkaisevia synergioita aurinkos\u00e4hk\u00f6n, varastointitekniikan ja nykyaikaisen hallien l\u00e4mmityksen v\u00e4lille. Raymann on muuten jo toteuttanut Wienin toiseksi suurimman aurinkos\u00e4hk\u00f6j\u00e4rjestelm\u00e4n vuonna 2023 urheilukeskukseen (@europahalle), jossa on vaikuttava 1 000 kWp:n kattoj\u00e4rjestelm\u00e4. Ja t\u00e4m\u00e4 on vasta alkua: lis\u00e4\u00e4 on tulossa!<\/p>\n<p>S\u00e4hk\u00f6asennusyritys Raymann (<a href=\"https:\/\/www.youtube.com\/@Photovoltaikraymann\" target=\"_blank\" rel=\"noopener\">Aurinkos\u00e4hk\u00f6 raymann - YouTube<\/a> ) Kraft der Sonne Photovoltaikanlagen GmbH:lla on 22 vuoden kokemus, 33 omistautunutta ty\u00f6ntekij\u00e4\u00e4 ja selke\u00e4 missio: tehd\u00e4 kest\u00e4v\u00e4st\u00e4 energiasta tulevaisuuteen sopivaa. Uraauurtavien hallien l\u00e4mmitysratkaisujensa ansiosta K\u00dcBLER on juuri oikea kumppani.<\/p>\n<p><a href=\"https:\/\/www.kuebler-hallenheizungen.de\/fi\/electro-ir\/\">Haluatko tiet\u00e4\u00e4 lis\u00e4\u00e4 hallien l\u00e4mmityksen tulevaisuudesta?<\/a><\/p>\n<p>#K\u00fcbler #Hallil\u00e4mmitys #Pkumppanuus #Pvalos\u00e4hk\u00f6 #Skest\u00e4vyys #Unovaatio #It\u00e4valta #Eenergiatehokkuus #Teollisuusl\u00e4mmitys #Teollisuusl\u00e4mmitys<\/p>","protected":false},"featured_media":40334,"template":"","class_list":["post-40330","shortnews","type-shortnews","status-publish","has-post-thumbnail","hentry"],"acf":[],"_links":{"self":[{"href":"https:\/\/www.kuebler-hallenheizungen.de\/fi\/wp-json\/wp\/v2\/shortnews\/40330","targetHints":{"allow":["GET"]}}],"collection":[{"href":"https:\/\/www.kuebler-hallenheizungen.de\/fi\/wp-json\/wp\/v2\/shortnews"}],"about":[{"href":"https:\/\/www.kuebler-hallenheizungen.de\/fi\/wp-json\/wp\/v2\/types\/shortnews"}],"wp:featuredmedia":[{"embeddable":true,"href":"https:\/\/www.kuebler-hallenheizungen.de\/fi\/wp-json\/wp\/v2\/media\/40334"}],"wp:attachment":[{"href":"https:\/\/www.kuebler-hallenheizungen.de\/fi\/wp-json\/wp\/v2\/media?parent=40330"}],"curies":[{"name":"wp","href":"https:\/\/api.w.org\/{rel}","templated":true}]}}