{"id":76247,"date":"2026-01-11T20:56:46","date_gmt":"2026-01-11T19:56:46","guid":{"rendered":"https:\/\/www.kuebler-hallenheizungen.de\/?post_type=shortnews&#038;p=76247"},"modified":"2026-01-11T20:56:46","modified_gmt":"2026-01-11T19:56:46","slug":"kununu-hetkemme-2025-joita-juhlimme","status":"publish","type":"shortnews","link":"https:\/\/www.kuebler-hallenheizungen.de\/fi\/kurznews\/unsere-kununu-moments-2025-das-feiern-wir\/","title":{"rendered":"Meid\u00e4n kununu-hetkemme 2025 - ME JUHLIMME!"},"content":{"rendered":"<p>K\u00dcBLERiss\u00e4 ihmiset tapaavat ihmisi\u00e4. Siksi teemme paljon tarjotaksemme asiakkaillemme parhaat mahdolliset hallien l\u00e4mmitysj\u00e4rjestelm\u00e4t ja palvelut. Ja siksi ty\u00f6ntekij\u00e4mme ja rento ty\u00f6ilmapiiri ovat meille niin t\u00e4rkeit\u00e4. Sit\u00e4 leimaa tiimihenki ja keskin\u00e4inen kunnioitus. Avoimuus ja oikeudenmukaisuus. Olemme iloisia, ett\u00e4 t\u00e4m\u00e4 n\u00e4kyy my\u00f6s kununussa: Pistem\u00e4\u00e4r\u00e4mme lensi yli alan keskiarvon vuonna 2025!<\/p>\n<p><iframe title=\"YouTube video player\" src=\"https:\/\/www.youtube.com\/embed\/qw58amhiCT8\" width=\"315\" height=\"560\" frameborder=\"0\" allowfullscreen=\"allowfullscreen\"><br \/>\n<\/iframe><\/p>\n<p>#KUEBLER #Hallil\u00e4mmitys #Ttiimihenki #Ety\u00f6ntekij\u00e4tyytyv\u00e4isyys #Ety\u00f6nantajabr\u00e4ndi #Yrityisyritys #Yrityisyritys #Yritysty\u00f6n arvostus #Treiluus #Yritysty\u00f6n avoimuus #Ty\u00f6paikan ilmapiiri #TKununu #TTop ty\u00f6nantaja #Teollisuusalan yritykset #Eenergiatehokkuus #Sipalvelun laatu<\/p>","protected":false},"featured_media":76251,"template":"","class_list":["post-76247","shortnews","type-shortnews","status-publish","has-post-thumbnail","hentry"],"acf":[],"_links":{"self":[{"href":"https:\/\/www.kuebler-hallenheizungen.de\/fi\/wp-json\/wp\/v2\/shortnews\/76247","targetHints":{"allow":["GET"]}}],"collection":[{"href":"https:\/\/www.kuebler-hallenheizungen.de\/fi\/wp-json\/wp\/v2\/shortnews"}],"about":[{"href":"https:\/\/www.kuebler-hallenheizungen.de\/fi\/wp-json\/wp\/v2\/types\/shortnews"}],"wp:featuredmedia":[{"embeddable":true,"href":"https:\/\/www.kuebler-hallenheizungen.de\/fi\/wp-json\/wp\/v2\/media\/76251"}],"wp:attachment":[{"href":"https:\/\/www.kuebler-hallenheizungen.de\/fi\/wp-json\/wp\/v2\/media?parent=76247"}],"curies":[{"name":"wp","href":"https:\/\/api.w.org\/{rel}","templated":true}]}}