{"id":76406,"date":"2026-01-13T20:36:11","date_gmt":"2026-01-13T19:36:11","guid":{"rendered":"https:\/\/www.kuebler-hallenheizungen.de\/?post_type=shortnews&#038;p=76406"},"modified":"2026-01-29T20:49:25","modified_gmt":"2026-01-29T19:49:25","slug":"vieraile-luonamme-hausbau-energiesparen-messuilla-16-18-tammikuuta","status":"publish","type":"shortnews","link":"https:\/\/www.kuebler-hallenheizungen.de\/fi\/kurznews\/besuchen-sie-uns-auf-der-hausbau-energiesparen-vom-16-bis-18-januar\/","title":{"rendered":"Vieraile luonamme HausBau + EnergieSparen -messuilla 16.-18. tammikuuta."},"content":{"rendered":"<p>Vuodesta <b>16. - 18. tammikuuta<\/b> tapahtuu Tullnissa <b>Talonrakennus + energians\u00e4\u00e4st\u00f6 <\/b>tapahtuu. Tapahtuma on keskeinen kohtaamispaikka rakentamisen ja remontoinnin, asumisen ja sisustamisen sek\u00e4 energians\u00e4\u00e4st\u00f6- ja l\u00e4mmitystekniikan alojen yrityksille ja vierailijoille, ja se tarjoaa kattavan yleiskatsauksen ajankohtaiseen kehitykseen ja innovaatioihin. Meill\u00e4 on ilo kutsua sinut mukaan.<\/p>\n<p>Tutustu innovatiiviseen <b>Infrapuna-hallien l\u00e4mmittimet teknologiajohtajalta<\/b> ja selvit\u00e4, miten voit l\u00e4mmitt\u00e4\u00e4 hallirakennuksesi eritt\u00e4in taloudellisesti ja CO2-vapaasti:<\/p>\n<p>hallissa 3 - 350<\/p>\n<p>Olemme koko messujen ajan it\u00e4valtalaisen asiantuntijakumppanimme osastolla. <b>raymann kraft der sonne - photovoltaikanlagen gmbH<\/b> edustettuna. Olemme siell\u00e4 k\u00e4ytett\u00e4viss\u00e4 henkil\u00f6kohtaisiin keskusteluihin, tuote-esittelyihin sek\u00e4 sovelluksia ja ratkaisuja koskevaan tekniseen vuoropuheluun.<\/p>\n<p>Hy\u00f6dynn\u00e4 tilaisuutta tutustua johtaviin innovaatioihin suoraan paikan p\u00e4\u00e4ll\u00e4 ja keskustella kanssamme yksitt\u00e4isist\u00e4 hankkeista. Sovimme mielell\u00e4mme my\u00f6s yksil\u00f6llisen tapaamisen etuk\u00e4teen.<\/p>\n<p><b>#HouseConstructionEnergySaving #Tulln #ConstructionFair #EnergySaving #HeatingTechnology #InfraredHeating #HallHeating #CO2free #EnergyEfficiency #SustainableConstruction (kest\u00e4v\u00e4 rakentaminen) #Teollisuushalli #CToimitilarakentaminen #PVolttola #InnovatiivinenEnergia #Eenergiasiirtym\u00e4 #Teknologiajohtaja #Tmessut #CrakentamisenSaneeraus #asoitus #asuntoasiointi #asuntoasuminenKalusteet<\/b><\/p>","protected":false},"featured_media":76409,"template":"","class_list":["post-76406","shortnews","type-shortnews","status-publish","has-post-thumbnail","hentry"],"acf":[],"_links":{"self":[{"href":"https:\/\/www.kuebler-hallenheizungen.de\/fi\/wp-json\/wp\/v2\/shortnews\/76406","targetHints":{"allow":["GET"]}}],"collection":[{"href":"https:\/\/www.kuebler-hallenheizungen.de\/fi\/wp-json\/wp\/v2\/shortnews"}],"about":[{"href":"https:\/\/www.kuebler-hallenheizungen.de\/fi\/wp-json\/wp\/v2\/types\/shortnews"}],"wp:featuredmedia":[{"embeddable":true,"href":"https:\/\/www.kuebler-hallenheizungen.de\/fi\/wp-json\/wp\/v2\/media\/76409"}],"wp:attachment":[{"href":"https:\/\/www.kuebler-hallenheizungen.de\/fi\/wp-json\/wp\/v2\/media?parent=76406"}],"curies":[{"name":"wp","href":"https:\/\/api.w.org\/{rel}","templated":true}]}}