{"id":80157,"date":"2026-01-18T20:51:37","date_gmt":"2026-01-18T19:51:37","guid":{"rendered":"https:\/\/www.kuebler-hallenheizungen.de\/?post_type=shortnews&#038;p=80157"},"modified":"2026-01-18T20:51:37","modified_gmt":"2026-01-18T19:51:37","slug":"johtavat-hallien-laemmitysjaerjestelmaet-itaevallan-messuilla","status":"publish","type":"shortnews","link":"https:\/\/www.kuebler-hallenheizungen.de\/fi\/kurznews\/fuehrende-hallenheizungen-auf-messe-in-oesterreich\/","title":{"rendered":"Johtavat hallien l\u00e4mmitysj\u00e4rjestelm\u00e4t It\u00e4vallan messuilla"},"content":{"rendered":"<p>Energiajoustavat hallien l\u00e4mmitysj\u00e4rjestelm\u00e4t It\u00e4vallan energiamurrosta varten: esitt\u00e4ydyimme yhdess\u00e4 asiantuntijakumppanimme raymann kraft der sonne - photovoltaikanlagen gmbH:n kanssa HausBau + EnergieSparen -messuilla Tullnissa. Tammikuun 18. p\u00e4iv\u00e4\u00e4n asti voit tutustua siihen, miten voit l\u00e4mmitt\u00e4\u00e4 hallirakennuksesi eritt\u00e4in taloudellisesti ja hiilidioksidip\u00e4\u00e4st\u00f6tt\u00f6m\u00e4sti.<\/p>\n<p>Aihe oli j\u00e4nnitt\u00e4v\u00e4 ja her\u00e4tti suurta kiinnostusta kaikilla aloilla, sill\u00e4 messuilla oli my\u00f6s kaupallisia k\u00e4vij\u00f6it\u00e4, jotka etsiv\u00e4t oikeita vastauksia kest\u00e4viin energial\u00e4hteisiin siirtymiseen ja energiakustannusten s\u00e4\u00e4st\u00e4miseen. Kiit\u00e4mme lukuisista keskusteluista ja odotamme mielenkiinnolla lis\u00e4kysymyksi\u00e4, my\u00f6s verkossa.<\/p>\n<p>#HouseBuildingEnergySaving #Tulln #Austria #EnergyTurnaround #HallHeating #InfraredHeating #IndustrialHeating #CO2freeHeating #EnergyEfficiency #SustainableHeating #Photovoltaics #PVsystems #energyflexible #commercialhalls #industrialhalls #hefutureofheating #Traymann #Kuebler #Kueblerheating systems #Kueblerheating systems<\/p>","protected":false},"featured_media":80164,"template":"","class_list":["post-80157","shortnews","type-shortnews","status-publish","has-post-thumbnail","hentry"],"acf":[],"_links":{"self":[{"href":"https:\/\/www.kuebler-hallenheizungen.de\/fi\/wp-json\/wp\/v2\/shortnews\/80157","targetHints":{"allow":["GET"]}}],"collection":[{"href":"https:\/\/www.kuebler-hallenheizungen.de\/fi\/wp-json\/wp\/v2\/shortnews"}],"about":[{"href":"https:\/\/www.kuebler-hallenheizungen.de\/fi\/wp-json\/wp\/v2\/types\/shortnews"}],"wp:featuredmedia":[{"embeddable":true,"href":"https:\/\/www.kuebler-hallenheizungen.de\/fi\/wp-json\/wp\/v2\/media\/80164"}],"wp:attachment":[{"href":"https:\/\/www.kuebler-hallenheizungen.de\/fi\/wp-json\/wp\/v2\/media?parent=80157"}],"curies":[{"name":"wp","href":"https:\/\/api.w.org\/{rel}","templated":true}]}}