{"id":85732,"date":"2026-01-23T16:34:59","date_gmt":"2026-01-23T15:34:59","guid":{"rendered":"https:\/\/www.kuebler-hallenheizungen.de\/?post_type=shortnews&#038;p=85732"},"modified":"2026-01-26T13:44:57","modified_gmt":"2026-01-26T12:44:57","slug":"kuebler-palkittiin-jaelleen-parhaana-yrityksenae","status":"publish","type":"shortnews","link":"https:\/\/www.kuebler-hallenheizungen.de\/fi\/kurznews\/kuebler-erneut-als-top-company-ausgezeichnet\/","title":{"rendered":"K\u00dcBLER palkittiin j\u00e4lleen kerran huippuyrityksen\u00e4"},"content":{"rendered":"<p>T\u00e4m\u00e4 tekee K\u00dcBLERist\u00e4 yhden Rheinland-Pfalzin parhaan ty\u00f6ymp\u00e4rist\u00f6n yrityksist\u00e4.<\/p>\n<p>K\u00dcBLER on ylpe\u00e4 siit\u00e4, ett\u00e4 se on saanut j\u00e4lleen kerran kunnianosoituksen: \u201eTeimme sen taas!\u201c Ludwigshafenissa sijaitseva hallien l\u00e4mmitykseen erikoistunut yritys on saanut kolmannen kerran per\u00e4kk\u00e4in himoitun Top Company -merkin - tunnustuksen, jonka vain noin viisi prosenttia kununun yrityksist\u00e4 saa vuosittain.<\/p>\n<p>K\u00dcBLER-perhe pit\u00e4\u00e4 itse\u00e4\u00e4n tiimin\u00e4, joka toimii yhdess\u00e4. \u201eT\u00e4m\u00e4 on meille t\u00e4rke\u00e4\u00e4 ja luonnehtii arvoihin perustuvaa ty\u00f6ilmapiiri\u00e4mme.\u201c<\/p>\n<p><a href=\"https:\/\/www.kuebler-hallenheizungen.de\/fi\/paina\/lehdistoetiedotteet\/kuebler-palkittiin-jaelleen-parhaana-yrityksenae\/\">Lue lis\u00e4\u00e4<\/a><\/p>\n<p>#KUEBLER #TTopCompany #KununuTopCompany #TTopEmployer #EmployerRhinelandPalatinate #BestWorkEnvironment #TeamKuebler #TeamKuebler #KueblerFamily #WorkingClimate #Valueorientoituneisuus #Teamwork #EmployerSatisfaction #EmployerBranding #Ludwigshafen #WeAreKuebler<\/p>\n<p>&nbsp;<\/p>","protected":false},"featured_media":85736,"template":"","class_list":["post-85732","shortnews","type-shortnews","status-publish","has-post-thumbnail","hentry"],"acf":[],"_links":{"self":[{"href":"https:\/\/www.kuebler-hallenheizungen.de\/fi\/wp-json\/wp\/v2\/shortnews\/85732","targetHints":{"allow":["GET"]}}],"collection":[{"href":"https:\/\/www.kuebler-hallenheizungen.de\/fi\/wp-json\/wp\/v2\/shortnews"}],"about":[{"href":"https:\/\/www.kuebler-hallenheizungen.de\/fi\/wp-json\/wp\/v2\/types\/shortnews"}],"wp:featuredmedia":[{"embeddable":true,"href":"https:\/\/www.kuebler-hallenheizungen.de\/fi\/wp-json\/wp\/v2\/media\/85736"}],"wp:attachment":[{"href":"https:\/\/www.kuebler-hallenheizungen.de\/fi\/wp-json\/wp\/v2\/media?parent=85732"}],"curies":[{"name":"wp","href":"https:\/\/api.w.org\/{rel}","templated":true}]}}