{"id":91483,"date":"2026-01-29T20:48:28","date_gmt":"2026-01-29T19:48:28","guid":{"rendered":"https:\/\/www.kuebler-hallenheizungen.de\/?post_type=shortnews&#038;p=91483"},"modified":"2026-01-29T20:49:07","modified_gmt":"2026-01-29T19:49:07","slug":"miksi-kuebler-luottaa-infrapunapimeaeaen-saeteilytekniikkaan","status":"publish","type":"shortnews","link":"https:\/\/www.kuebler-hallenheizungen.de\/fi\/kurznews\/warum-setzt-kuebler-auf-die-infrarot-dunkelstrahler-technik\/","title":{"rendered":"Miksi K\u00dcBLER luottaa infrapunapime\u00e4\u00e4n s\u00e4teilytekniikkaan?"},"content":{"rendered":"<p>K\u00dcBLERill\u00e4 on ollut vuodesta 1989 l\u00e4htien yksi missio: haluamme tehd\u00e4 energiamurroksesta asiakkaillemme mahdollisimman taloudellisen ja yksinkertaisen. N\u00e4in tehdess\u00e4mme keskitymme selke\u00e4sti infrapunateknologiaan. Loppujen lopuksi auringon luonnollinen l\u00e4mp\u00f6s\u00e4teily on aina tarjonnut vakuuttavimmat edut hallien l\u00e4mmitysj\u00e4rjestelmist\u00e4: Pime\u00e4t s\u00e4teilyl\u00e4mmittimet toimivat tehokkaasti, ovat helppok\u00e4ytt\u00f6isi\u00e4 ja tuottavat eritt\u00e4in miellytt\u00e4v\u00e4\u00e4, vedotonta l\u00e4mp\u00f6\u00e4. Lis\u00e4ksi hajautettuja j\u00e4rjestelmi\u00e4 voidaan ohjata tarpeen mukaan - hallien kutakin l\u00e4mmitysvy\u00f6hykett\u00e4 varten. T\u00e4m\u00e4 s\u00e4\u00e4st\u00e4\u00e4 my\u00f6s energiaa, alentaa kustannuksia ja v\u00e4hent\u00e4\u00e4 CO\u2082-p\u00e4\u00e4st\u00f6j\u00e4. Mielest\u00e4mme paras l\u00e4mmitystekniikka jokaiseen halliin. Tulevaisuuden kest\u00e4v\u00e4, teknisesti vakuuttava ja lains\u00e4\u00e4d\u00e4nn\u00f6n mukainen.<\/p>\n<p>&nbsp;<\/p>\n<p>#Eenergian siirtyminen #Infrapunal\u00e4mmitys #Tummennetut patterit #Oulul\u00e4mmitys #Eenergiatehokkuus #CO2:n v\u00e4hent\u00e4minen #Tulevaisuuden teknologia #ulevaisuuden teknologia<\/p>","protected":false},"featured_media":91486,"template":"","class_list":["post-91483","shortnews","type-shortnews","status-publish","has-post-thumbnail","hentry"],"acf":[],"_links":{"self":[{"href":"https:\/\/www.kuebler-hallenheizungen.de\/fi\/wp-json\/wp\/v2\/shortnews\/91483","targetHints":{"allow":["GET"]}}],"collection":[{"href":"https:\/\/www.kuebler-hallenheizungen.de\/fi\/wp-json\/wp\/v2\/shortnews"}],"about":[{"href":"https:\/\/www.kuebler-hallenheizungen.de\/fi\/wp-json\/wp\/v2\/types\/shortnews"}],"wp:featuredmedia":[{"embeddable":true,"href":"https:\/\/www.kuebler-hallenheizungen.de\/fi\/wp-json\/wp\/v2\/media\/91486"}],"wp:attachment":[{"href":"https:\/\/www.kuebler-hallenheizungen.de\/fi\/wp-json\/wp\/v2\/media?parent=91483"}],"curies":[{"name":"wp","href":"https:\/\/api.w.org\/{rel}","templated":true}]}}