{"id":157757,"date":"2026-04-28T12:18:11","date_gmt":"2026-04-28T10:18:11","guid":{"rendered":"https:\/\/www.kuebler-hallenheizungen.de\/?p=157757"},"modified":"2026-04-28T12:18:11","modified_gmt":"2026-04-28T10:18:11","slug":"az-arany-terv-arrol-hogy-hogyan-tamogatjak-ma-a-sportletesitmenyeket-valojaban","status":"publish","type":"post","link":"https:\/\/www.kuebler-hallenheizungen.de\/hu\/der-goldene-plan-wie-sportstaetten-heute-wirklich-gefoerdert-werden\/","title":{"rendered":"Az \u201eAranyterv\u201c - Hogyan t\u00e1mogatj\u00e1k ma a sportl\u00e9tes\u00edtm\u00e9nyeket val\u00f3j\u00e1ban?"},"content":{"rendered":"<h2>Egy t\u00e1mogat\u00e1si program, amely m\u00e9g ma is hat\u00e1ssal van<\/h2>\n<p>Aki sportl\u00e9tes\u00edtm\u00e9nyek finansz\u00edroz\u00e1s\u00e1val foglalkozik, el\u0151bb-ut\u00f3bb tal\u00e1lkozik az \u201eAranyterv\u201c kifejez\u00e9ssel. \u00c9vtizedeken \u00e1t a sportp\u00e1ly\u00e1k, csarnokok \u00e9s uszod\u00e1k szisztematikus b\u0151v\u00edt\u00e9s\u00e9t jelk\u00e9pezte N\u00e9metorsz\u00e1gban. Aki azonban ma egy ilyen nev\u0171 konkr\u00e9t finansz\u00edroz\u00e1si programot keres, gyorsan r\u00e1j\u00f6n, hogy az \u201eAranyterv\u201c eredeti form\u00e1j\u00e1ban m\u00e1r r\u00e9gen nem l\u00e9tezik.<\/p>\n<p>Ez azonban nem jelenti azt, hogy a sportinfrastrukt\u00fara finansz\u00edroz\u00e1sa vesz\u00edtett volna jelent\u0151s\u00e9g\u00e9b\u0151l. \u00c9ppen ellenkez\u0151leg, a finansz\u00edroz\u00e1s szerkezete alapvet\u0151en megv\u00e1ltozott. A k\u00f6zponti, orsz\u00e1gos programb\u00f3l egy rugalmas, t\u00f6bb szinten m\u0171k\u00f6d\u0151, a sz\u00f6vets\u00e9gi, tartom\u00e1nyi \u00e9s helyi hat\u00f3s\u00e1gok egy\u00fcttm\u0171k\u00f6d\u00e9s\u00e9n alapul\u00f3, rugalmas rendszer lett. K\u00fcl\u00f6n\u00f6sen az al\u00e1bbi ter\u00fcleteken <strong>Megl\u00e9v\u0151 sportcsarnokok fel\u00faj\u00edt\u00e1sa<\/strong> az olyan t\u00e9m\u00e1k, mint az energiahat\u00e9konys\u00e1g \u00e9s az \u00e9ghajlatv\u00e9delem ma k\u00f6zponti szerepet j\u00e1tszanak.<\/p>\n<p>&nbsp;<\/p>\n<h2>A fejleszt\u00e9si programt\u00f3l a modern finansz\u00edroz\u00e1si k\u00f6rnyezetig<\/h2>\n<p>A t\u00f6rt\u00e9nelmi \u201eArany Tervet\u201c az 1950-es \u00e9vek v\u00e9g\u00e9n vezett\u00e9k be, hogy orvosolj\u00e1k a sportl\u00e9tes\u00edtm\u00e9nyek h\u00e1bor\u00fa ut\u00e1ni hatalmas hi\u00e1ny\u00e1t. Abban az id\u0151ben sok helyen hi\u00e1nyzott az alapvet\u0151 infrastrukt\u00fara a n\u00e9pszer\u0171 sportok, k\u00fcl\u00f6n\u00f6sen a gyermekek \u00e9s a fiatalok sz\u00e1m\u00e1ra.<\/p>\n<p>Ezt a c\u00e9lt nagyr\u00e9szt siker\u00fclt el\u00e9rni, ez\u00e9rt a t\u00e1mogat\u00e1s tartalma fejl\u0151d\u00f6tt. Ma m\u00e1r kev\u00e9sb\u00e9 az \u00faj \u00e9p\u00fcletekre, ink\u00e1bb a megl\u00e9v\u0151 l\u00e9tes\u00edtm\u00e9nyek korszer\u0171s\u00edt\u00e9s\u00e9re \u00f6sszpontos\u00edtanak. Ez k\u00fcl\u00f6n\u00f6sen a k\u00f6vetkez\u0151ket foglalja mag\u00e1ban<\/p>\n<ul>\n<li>Energiaoptimaliz\u00e1l\u00e1s<\/li>\n<li>A CO\u2082-kibocs\u00e1t\u00e1s cs\u00f6kkent\u00e9se<\/li>\n<li>Fenntarthat\u00f3 \u00e9s j\u00f6v\u0151\u00e1ll\u00f3 \u00e9p\u00edt\u00e9si technol\u00f3gia<\/li>\n<li>Hozz\u00e1f\u00e9rhet\u0151s\u00e9g \u00e9s t\u00f6bbfunkci\u00f3s haszn\u00e1lat<\/li>\n<\/ul>\n<p>Ebben nagy lehet\u0151s\u00e9gek rejlenek, k\u00fcl\u00f6n\u00f6sen az \u00e9p\u00fcletg\u00e9p\u00e9szet ter\u00fclet\u00e9n - p\u00e9ld\u00e1ul a csarnokok f\u0171t\u00e9se ter\u00e9n. A sug\u00e1rz\u00f3 h\u0151n alapul\u00f3, rugalmasan a k\u00fcl\u00f6nb\u00f6z\u0151 haszn\u00e1lati id\u0151kh\u00f6z igaz\u00edthat\u00f3 modern f\u0171t\u00e9si rendszerek jelent\u0151sen hozz\u00e1j\u00e1rulhatnak az energiafogyaszt\u00e1s cs\u00f6kkent\u00e9s\u00e9hez, \u00e9s ez\u00e9rt egyre ink\u00e1bb el\u0151t\u00e9rbe ker\u00fclnek a fel\u00faj\u00edt\u00e1sok sor\u00e1n.<\/p>\n<h2>Modern f\u0171t\u00e9si rendszerek mint a t\u00e1mogathat\u00f3 fel\u00faj\u00edt\u00e1s kulcsa<\/h2>\n<p>A sportcsarnokok fel\u00faj\u00edt\u00e1s\u00e1nak gyakran al\u00e1becs\u00fclt, de d\u00f6nt\u0151 fontoss\u00e1g\u00fa eleme a megfelel\u0151 f\u0171t\u00e9si rendszer kiv\u00e1laszt\u00e1sa. M\u00edg a hangs\u00faly gyakran az \u00e9p\u00fclet burkolat\u00e1n \u00e9s a vil\u00e1g\u00edt\u00e1son van, a csarnok f\u0171t\u00e9si rendszere k\u00fcl\u00f6n\u00f6sen nagy lehet\u0151s\u00e9geket k\u00edn\u00e1l az energiatakar\u00e9koss\u00e1g \u00e9s a CO\u2082-kibocs\u00e1t\u00e1s cs\u00f6kkent\u00e9s\u00e9re.<\/p>\n<p>A sportcsarnokok k\u00fcl\u00f6nleges kih\u00edv\u00e1sokat jelentenek: Ritk\u00e1n haszn\u00e1lj\u00e1k \u0151ket folyamatosan, hanem er\u0151sen ingadoz\u00f3 kihaszn\u00e1lts\u00e1g\u00faak. Ugyanakkor jellemz\u0151ek a nagy belmagass\u00e1g\u00fa \u00e9s t\u00e9rfogat\u00fa helyis\u00e9gek, ami a klasszikus melegleveg\u0151s f\u0171t\u00e9si rendszereket hat\u00e1stalann\u00e1 teszi. A termelt h\u0151 jelent\u0151s r\u00e9sze kihaszn\u00e1latlanul a csarnok teteje al\u00e1 emelkedik, mik\u00f6zben a t\u00e9nyleges haszn\u00e1lati ter\u00fcletek viszonylag h\u0171v\u00f6sek maradnak.<\/p>\n<p>A modern f\u0171t\u00e9si rendszereket, k\u00fcl\u00f6n\u00f6sen a sug\u00e1rz\u00f3 h\u0151n alapul\u00f3akat, erre tervezt\u00e9k. Nem els\u0151sorban a leveg\u0151t, hanem k\u00f6zvetlen\u00fcl a tart\u00f3zkod\u00e1si helyis\u00e9gben l\u00e9v\u0151 embereket \u00e9s fel\u00fcleteket f\u0171tik. Ez sz\u00e1mos el\u0151nnyel j\u00e1r:<\/p>\n<ul>\n<li><strong>Jelent\u0151sen alacsonyabb energiafogyaszt\u00e1s<\/strong>, mivel a h\u0151 oda ir\u00e1nyul, ahol sz\u00fcks\u00e9g van r\u00e1<\/li>\n<li><strong>Gyors v\u00e1laszid\u0151<\/strong>, ide\u00e1lis a v\u00e1ltoz\u00f3 k\u00e9pz\u00e9si \u00e9s foglalts\u00e1gi id\u0151kh\u00f6z<\/li>\n<li><strong>F\u0171t\u00e9s z\u00f3n\u00e1kban<\/strong>, csak a j\u00e1t\u00e9kt\u00e9r vagy a csarnok egyes r\u00e9szei<\/li>\n<li><strong>Cs\u00f6kkentett h\u0151vesztes\u00e9g<\/strong>, k\u00fcl\u00f6n\u00f6sen nagy csarnokmagass\u00e1gok eset\u00e9n<\/li>\n<li><strong>Jav\u00edtott h\u0151komfort<\/strong> huzat vagy er\u0151s l\u00e9gmozg\u00e1s n\u00e9lk\u00fcl<\/li>\n<\/ul>\n<p>Emellett az olyan modern rendszerek, mint a Fair.AIdH technol\u00f3gia, egyre ink\u00e1bb lehet\u0151v\u00e9 teszik a k\u00fcl\u00f6nb\u00f6z\u0151 energiaforr\u00e1sok haszn\u00e1lat\u00e1t, \u00e9s a j\u00f6v\u0151ben integr\u00e1lhat\u00f3k a fenntarthat\u00f3 energiakoncepci\u00f3kba - p\u00e9ld\u00e1ul a meg\u00fajul\u00f3 energi\u00e1kkal vagy a j\u00f6v\u0151 technol\u00f3gi\u00e1ival, p\u00e9ld\u00e1ul a hidrog\u00e9nnel val\u00f3 kombin\u00e1l\u00e1ssal.<\/p>\n<p>Ezek a jellemz\u0151k k\u00f6zvetlen\u00fcl hozz\u00e1j\u00e1rulnak a kulcsfontoss\u00e1g\u00fa finansz\u00edroz\u00e1si krit\u00e9riumokhoz. Olyan int\u00e9zked\u00e9sek, amelyek bizony\u00edthat\u00f3an hozz\u00e1j\u00e1rulnak <strong>Energiatakar\u00e9koss\u00e1g, CO\u2082-cs\u00f6kkent\u00e9s \u00e9s az \u00e9p\u00fcletek fenntarthat\u00f3s\u00e1ga<\/strong> sz\u00e1mos programban k\u00fcl\u00f6n\u00f6s figyelmet kapnak.<\/p>\n<p>Ez egy\u00e9rtelm\u0171v\u00e9 teszi, hogy a hat\u00e9kony, sportcsarnok-specifikus f\u0171t\u00e9si rendszer melletti d\u00f6nt\u00e9s nem csup\u00e1n technikai k\u00e9rd\u00e9s, hanem strat\u00e9giai elem - mind a gazdas\u00e1gos \u00fczemeltet\u00e9s, mind a modern finansz\u00edroz\u00e1si programokba val\u00f3 sikeres integr\u00e1ci\u00f3 szempontj\u00e1b\u00f3l.<\/p>\n<p>&nbsp;<\/p>\n<p>&nbsp;<\/p>\n<h2>A finansz\u00edroz\u00e1s mai szerkezete<\/h2>\n<p>Ma a finansz\u00edroz\u00e1s a k\u00fcl\u00f6nb\u00f6z\u0151 int\u00e9zm\u00e9nyek k\u00f6z\u00f6tti k\u00f6lcs\u00f6nhat\u00e1son alapul. K\u00fcl\u00f6n\u00f6sen a sz\u00f6vets\u00e9gi korm\u00e1ny ny\u00fajt finansz\u00edroz\u00e1st a nagyobb fel\u00faj\u00edt\u00e1si projektekhez \u00e9s a <strong>energiahat\u00e9kony int\u00e9zked\u00e9sek<\/strong> k\u00e9sz. Az energiahat\u00e9kony \u00e9p\u00fcletfel\u00faj\u00edt\u00e1si vagy CO\u2082-cs\u00f6kkent\u00e9si programok gyakran kulcsfontoss\u00e1g\u00fa r\u00e9sz\u00e9t k\u00e9pezik a finansz\u00edroz\u00e1snak.<\/p>\n<p>A f\u0151 felel\u0151ss\u00e9g azonban a sz\u00f6vets\u00e9gi \u00e1llamok\u00e9, amelyek saj\u00e1t finansz\u00edroz\u00e1si programjukat alak\u00edtj\u00e1k ki az \u00faj \u00e9p\u00edtkez\u00e9sek, fel\u00faj\u00edt\u00e1sok \u00e9s korszer\u0171s\u00edt\u00e9sek tekintet\u00e9ben. A helyi hat\u00f3s\u00e1gok \u00e9s t\u00e1rsul\u00e1sok helyben hajtj\u00e1k v\u00e9gre az int\u00e9zked\u00e9seket, \u00e9s \u00e1ltal\u00e1ban saj\u00e1t r\u00e9szar\u00e1nyukr\u00f3l gondoskodnak.<\/p>\n<p>A d\u00f6nt\u0151 t\u00e9nyez\u0151 itt a k\u00f6vetkez\u0151:<br \/>\n<strong>Min\u00e9l jobban hozz\u00e1j\u00e1rul egy projekt az energiatakar\u00e9koss\u00e1ghoz \u00e9s az \u00e9ghajlatv\u00e9delemhez, ann\u00e1l nagyobb az es\u00e9lye a finansz\u00edroz\u00e1sra.<\/strong><\/p>\n<p>&nbsp;<\/p>\n<h2>Baden-W\u00fcrttemberg: A j\u00f6v\u0151 el\u0151mozd\u00edt\u00e1sa<\/h2>\n<p>Baden-W\u00fcrttemberg j\u00f3l p\u00e9ld\u00e1zza a modern finansz\u00edroz\u00e1si strukt\u00far\u00e1t. A finansz\u00edroz\u00e1s egyes\u00fcleti \u00e9s \u00f6nkorm\u00e1nyzati finansz\u00edroz\u00e1son kereszt\u00fcl t\u00f6rt\u00e9nik.<\/p>\n<p>A klubok t\u00e1mogat\u00e1st kapnak a Baden-W\u00fcrttemberg tartom\u00e1nyi sportegyes\u00fclett\u0151l a k\u00f6vetkez\u0151kre<\/p>\n<ul>\n<li>\u00daj sportl\u00e9tes\u00edtm\u00e9nyek \u00e9p\u00edt\u00e9se<\/li>\n<li>Fel\u00faj\u00edt\u00e1s \u00e9s korszer\u0171s\u00edt\u00e9s<\/li>\n<li>Energi\u00e1val kapcsolatos int\u00e9zked\u00e9sek, p\u00e9ld\u00e1ul vil\u00e1g\u00edt\u00e1si vagy f\u0171t\u00e9si rendszerek<\/li>\n<li>Hozz\u00e1f\u00e9rhet\u0151s\u00e9gi int\u00e9zked\u00e9sek<\/li>\n<\/ul>\n<p>A hat\u00e9kony f\u0171t\u00e9si megold\u00e1sok egyre fontosabb\u00e1 v\u00e1lnak, k\u00fcl\u00f6n\u00f6sen az energiahat\u00e9kony fel\u00faj\u00edt\u00e1sok ter\u00fclet\u00e9n. A gyakran csak alkalmank\u00e9nt haszn\u00e1lt sportcsarnokokban a hagyom\u00e1nyos melegleveg\u0151-rendszerek magas energiavesztes\u00e9get \u00e9s k\u00f6lts\u00e9geket okozhatnak, p\u00e9ld\u00e1ul a csarnok leveg\u0151j\u00e9nek kihaszn\u00e1latlan felmeleg\u00edt\u00e9se vagy a mennyezet alatti h\u0151vesztes\u00e9gek miatt.<\/p>\n<p>A modern, z\u00f3n\u00e1zhat\u00f3 sug\u00e1rz\u00f3 f\u0171t\u00e9si rendszerek itt k\u00edn\u00e1lnak el\u0151ny\u00f6ket: kifejezetten azokat a helyis\u00e9geket f\u0171tik, ahol a sportol\u00f3k tart\u00f3zkodnak, gyors reakci\u00f3id\u0151t tesznek lehet\u0151v\u00e9 a haszn\u00e1lat v\u00e1ltoz\u00e1sa eset\u00e9n, ugyanakkor jelent\u0151sen cs\u00f6kkentik az energiaig\u00e9nyt. Az ilyen tulajdons\u00e1gok k\u00f6zvetlen\u00fcl hozz\u00e1j\u00e1rulnak az energiahat\u00e9konys\u00e1g \u00e9s az \u00e9ghajlatv\u00e9delem ter\u00fclet\u00e9n a finansz\u00edroz\u00e1si krit\u00e9riumok teljes\u00edt\u00e9s\u00e9hez.<\/p>\n<p>&nbsp;<\/p>\n<p>&nbsp;<\/p>\n<h2>Kieg\u00e9sz\u00edtve az \u00e1llami ifj\u00fas\u00e1gi tervvel<\/h2>\n<p>Az infrastruktur\u00e1lis finansz\u00edroz\u00e1s mellett l\u00e9tezik az \u00e1llami ifj\u00fas\u00e1gi terv is, amely a sportklubokban foly\u00f3 ifj\u00fas\u00e1gi munk\u00e1t t\u00e1mogatja. T\u00f6bbek k\u00f6z\u00f6tt oktat\u00e1si programokra, projektekre \u00e9s kisebb beszerz\u00e9sekre ny\u00fajtanak t\u00e1mogat\u00e1st.<\/p>\n<p>M\u00e9g ha itt nem is az \u00e9p\u00edt\u00e9si projektek \u00e1llnak a k\u00f6z\u00e9ppontban, egy\u00e9rtelm\u0171, hogy a sport n\u00e9pszer\u0171s\u00edt\u00e9s\u00e9t most m\u00e1r holisztikusan - az infrastrukt\u00far\u00e1t\u00f3l a hasznos\u00edt\u00e1sig - vizsg\u00e1lj\u00e1k. K\u00fcl\u00f6n\u00f6sen a modern, j\u00f3l temper\u00e1lt sportcsarnokok seg\u00edtenek vonz\u00f3 edz\u00e9si felt\u00e9teleket teremteni \u00e9s jav\u00edtj\u00e1k a k\u00fcl\u00f6nb\u00f6z\u0151 c\u00e9lcsoportok \u00e1ltali kihaszn\u00e1lts\u00e1got.<\/p>\n<p><strong>\u00a0<\/strong><\/p>\n<h2>V\u00e1rosi sportk\u00f6zpontok t\u00e1mogat\u00e1sa<\/h2>\n<p>\u00d6nkorm\u00e1nyzati szinten az \u00e1llam t\u00e1mogatja a sportcsarnokok \u00e9s egy\u00e9b l\u00e9tes\u00edtm\u00e9nyek \u00e9p\u00edt\u00e9s\u00e9t \u00e9s fel\u00faj\u00edt\u00e1s\u00e1t. A hangs\u00faly k\u00fcl\u00f6n\u00f6sen a k\u00f6vetkez\u0151kre helyez\u0151dik<\/p>\n<ul>\n<li>Megl\u00e9v\u0151 sportl\u00e9tes\u00edtm\u00e9nyek fel\u00faj\u00edt\u00e1sa<\/li>\n<li>Energetikai korszer\u0171s\u00edt\u00e9s<\/li>\n<li>T\u00f6bbfunkci\u00f3s felhaszn\u00e1l\u00e1si koncepci\u00f3k<\/li>\n<\/ul>\n<p>A f\u0171t\u00e9si technol\u00f3gia megv\u00e1laszt\u00e1sa kulcsfontoss\u00e1g\u00fa szerepet j\u00e1tszik, k\u00fcl\u00f6n\u00f6sen az energetikai korszer\u0171s\u00edt\u00e9s sor\u00e1n. Az ig\u00e9ny szerinti, z\u00f3n\u00e1nk\u00e9nti f\u0171t\u00e9st lehet\u0151v\u00e9 tev\u0151 \u00e9s k\u00fcl\u00f6nb\u00f6z\u0151 energiaforr\u00e1sokkal is kombin\u00e1lhat\u00f3 rendszerek nemcsak az \u00fczemeltet\u00e9si k\u00f6lts\u00e9gek cs\u00f6kkent\u00e9s\u00e9t seg\u00edtik el\u0151, hanem hossz\u00fa t\u00e1von az \u00e9ghajlati c\u00e9lok el\u00e9r\u00e9s\u00e9t is.<\/p>\n<p>Ezenk\u00edv\u00fcl a meg\u00fajul\u00f3 energi\u00e1kat vagy alternat\u00edv energiaforr\u00e1sokat is integr\u00e1l\u00f3 innovat\u00edv f\u0171t\u00e9si megold\u00e1sok a j\u00f6v\u0151ben jelent\u0151sen n\u00f6velhetik a sportcsarnok fenntarthat\u00f3s\u00e1g\u00e1t - ez a szempont egyre ink\u00e1bb figyelembe veszik a finansz\u00edroz\u00e1si d\u00f6nt\u00e9sekn\u00e9l.<\/p>\n<p><strong>\u00a0<\/strong><\/p>\n<h2>A prom\u00f3ci\u00f3 t\u00f6bb \u00e9p\u00edt\u0151elem kombin\u00e1ci\u00f3jak\u00e9nt<\/h2>\n<p>Napjainkban a finansz\u00edroz\u00e1s \u00e1ltal\u00e1ban k\u00fcl\u00f6nb\u00f6z\u0151 finansz\u00edroz\u00e1si forr\u00e1sok kombin\u00e1ci\u00f3j\u00e1n kereszt\u00fcl t\u00f6rt\u00e9nik. A projekteket egy\u00e9nileg tervezik \u00e9s k\u00fcl\u00f6nb\u00f6z\u0151 programokkal \u00f6sszehangolj\u00e1k.<\/p>\n<p>K\u00fcl\u00f6n\u00f6sen a fel\u00faj\u00edt\u00e1sok k\u00edn\u00e1lnak lehet\u0151s\u00e9get arra, hogy c\u00e9lzott int\u00e9zked\u00e9sekkel - p\u00e9ld\u00e1ul a f\u0171t\u00e9stechnika ter\u00fclet\u00e9n - egyszerre t\u00f6bb t\u00e1mogat\u00e1si ig\u00e9nyt is teljes\u00edtsenek:<\/p>\n<ul>\n<li>Energiatakar\u00e9koss\u00e1g<\/li>\n<li>CO\u2082-cs\u00f6kkent\u00e9s<\/li>\n<li>Fenntarthat\u00f3 \u00e9p\u00edt\u00e9si technol\u00f3gia<\/li>\n<li>A haszn\u00e1lat min\u0151s\u00e9g\u00e9nek jav\u00edt\u00e1sa<\/li>\n<\/ul>\n<p>Ez jelent\u0151sen jav\u00edthatja a projekt j\u00f6vedelmez\u0151s\u00e9g\u00e9t \u00e9s n\u00f6velheti a finansz\u00edroz\u00e1s val\u00f3sz\u00edn\u0171s\u00e9g\u00e9t.<\/p>\n<p>&nbsp;<\/p>\n<h2>A struktur\u00e1lis t\u00e1mogat\u00e1sok c\u00e9lzott felhaszn\u00e1l\u00e1sa - a helyes ir\u00e1nyvonal kijel\u00f6l\u00e9se most<\/h2>\n<p>Az egyszer\u0171 finansz\u00edroz\u00e1si programok ideje lej\u00e1rt - a mai strukt\u00far\u00e1k sokkal t\u00f6bb lehet\u0151s\u00e9get k\u00edn\u00e1lnak az \u00e1tgondolt, fenntarthat\u00f3 megold\u00e1sokhoz. A helyi hat\u00f3s\u00e1gok, klubok \u00e9s \u00fczemeltet\u0151k sz\u00e1m\u00e1ra ez azt jelenti, hogy azok, akik a fel\u00faj\u00edt\u00e1si projekteket strat\u00e9giailag k\u00f6zel\u00edtik meg, nemcsak a finansz\u00edroz\u00e1st haszn\u00e1lhatj\u00e1k ki optim\u00e1lisan, hanem sportl\u00e9tes\u00edtm\u00e9nyeik hossz\u00fa t\u00e1v\u00fa j\u00f6vedelmez\u0151s\u00e9g\u00e9t is jav\u00edthatj\u00e1k.<\/p>\n<p>Itt a m\u0171szaki felszerel\u00e9s - k\u00fcl\u00f6n\u00f6sen a csarnokf\u0171t\u00e9s - a legfontosabb eszk\u00f6z. A modern, ig\u00e9ny szerint szab\u00e1lyozhat\u00f3 rendszerek lehet\u0151v\u00e9 teszik az energiafogyaszt\u00e1s, a haszn\u00e1lat \u00e9s a k\u00e9nyelem pontos \u00f6sszehangol\u00e1s\u00e1t. Ez nemcsak az \u00fczemeltet\u00e9si k\u00f6lts\u00e9geket cs\u00f6kkenti hossz\u00fa t\u00e1von, hanem k\u00f6zvetlen hat\u00e1ssal van a projekt t\u00e1mogathat\u00f3s\u00e1g\u00e1ra is.<\/p>\n<p>Alapvet\u0151 fontoss\u00e1g\u00fa azonban, hogy ezt a potenci\u00e1lt m\u00e1r a korai szakaszban helyesen kategoriz\u00e1ljuk, \u00e9s koherens \u00e1tfog\u00f3 koncepci\u00f3v\u00e1 alak\u00edtsuk. \u00c9ppen itt \u00e9rdemes k\u00fcls\u0151 szeml\u00e9letet bevonni: j\u00f3 tan\u00e1csokkal a m\u0171szaki lehet\u0151s\u00e9gek, a finansz\u00edroz\u00e1si ig\u00e9nyek \u00e9s a gazdas\u00e1gi c\u00e9lok \u00e9rtelmesen \u00f6sszeilleszthet\u0151k.<\/p>\n<p>Ha szeretn\u00e9 tudni, hogyan lehet sportcsarnok\u00e1t energiahat\u00e9konyabb\u00e1 korszer\u0171s\u00edteni, \u00e9s milyen finansz\u00edroz\u00e1si lehet\u0151s\u00e9gek \u00e1llnak rendelkez\u00e9sre kifejezetten az \u00d6n projektj\u00e9hez, forduljon tan\u00e1cs\u00e9rt egy csarnokf\u0171t\u00e9si szakemberhez, p\u00e9ld\u00e1ul a K\u00dcBLER-hez. Inform\u00e1ci\u00f3kat \u00e9s el\u00e9rhet\u0151s\u00e9geket a k\u00f6vetkez\u0151 c\u00edmen tal\u00e1l <a href=\"http:\/\/www.kuebler-hallenheizungen.de\/hu\/\">www.kuebler-hallenheizungen.de<\/a>. A szak\u00e9rt\u0151k \u00d6nnel egy\u00fcttm\u0171k\u00f6dve olyan megold\u00e1st dolgoznak ki, amely pontosan megfelel az \u00d6n ig\u00e9nybev\u00e9tel\u00e9nek, k\u00f6lts\u00e9gvet\u00e9s\u00e9nek \u00e9s finansz\u00edroz\u00e1si c\u00e9ljainak.<\/p>\n<p>&nbsp;<\/p>\n<p>&nbsp;<\/p>\n<p>&nbsp;<\/p>\n<p>Forr\u00e1sok:<br \/>\n<a href=\"https:\/\/www.sportstaettenrechner.de\/wissen\/sportstaettenfoerderung\/\">Sportl\u00e9tes\u00edtm\u00e9nyek finansz\u00edroz\u00e1sa: uni\u00f3s, sz\u00f6vets\u00e9gi \u00e9s \u00e1llami programok (2026)<\/a><\/p>\n<p><a href=\"https:\/\/rp.baden-wuerttemberg.de\/themen\/wirtschaft\/foerderungen\/fb37\/sportstaettenbau-kommunal\/\">Az \u00f6nkorm\u00e1nyzati sportk\u00f6zpontok \u00e9p\u00edt\u00e9s\u00e9nek t\u00e1mogat\u00e1sa | Baden-W\u00fcrttemberg region\u00e1lis tan\u00e1csok<\/a><\/p>\n<p><a href=\"https:\/\/www.wlsb.de\/zuschuesse-foerderung-landesjugendplan\">Sportk\u00f6zpont \u00e9p\u00edt\u00e9s\u00e9nek finansz\u00edroz\u00e1sa a WLSB-t\u0151l<\/a><\/p>\n<p><a href=\"https:\/\/www.sportstaettenrechner.de\/wissen\/sportstaettenfoerderung\/sportstaettenbau\/\">Sportl\u00e9tes\u00edtm\u00e9ny-\u00e9p\u00edt\u00e9s finansz\u00edroz\u00e1sa: tippek kluboknak | Sportl\u00e9tes\u00edtm\u00e9ny kalkul\u00e1tor<\/a><\/p>\n<p><a href=\"https:\/\/www.dosb.de\/aktuelles\/news\/detail\/goldener-plan-ost-war-ein-wichtiges-sportpolitisches-vorhaben-des-bundes\">\u201eAz \u201cAranyterv Kelet\" fontos sz\u00f6vets\u00e9gi sportpolitikai projekt volt<\/a><\/p>\n<p><a href=\"https:\/\/add.rlp.de\/themen\/foerderprogramm\/foerderungen-im-kommunalen-bereich\/sportanlagenfoerderung\">Sportl\u00e9tes\u00edtm\u00e9nyek t\u00e1mogat\u00e1sa . Fel\u00fcgyeleti \u00e9s Szolg\u00e1ltat\u00e1si Igazgat\u00f3s\u00e1g<\/a><\/p>","protected":false},"excerpt":{"rendered":"<p>Ein F\u00f6rderprogramm, das bis heute nachwirkt Wer sich mit der Finanzierung von Sportst\u00e4tten besch\u00e4ftigt, st\u00f6\u00dft fr\u00fcher oder sp\u00e4ter auf den Begriff \u201eGoldener Plan\u201c. \u00dcber Jahrzehnte hinweg stand er sinnbildlich f\u00fcr den systematischen Ausbau von Sportpl\u00e4tzen, Hallen und Schwimmb\u00e4dern in Deutschland. Doch wer heute nach einem konkreten F\u00f6rderprogramm mit diesem Namen sucht, wird schnell feststellen, dass [&hellip;]<\/p>\n","protected":false},"author":17,"featured_media":157760,"comment_status":"closed","ping_status":"closed","sticky":false,"template":"","format":"standard","meta":{"_acf_changed":false,"_seopress_robots_primary_cat":"none","_seopress_titles_title":"Goldener Plan: Moderne Sanierung von Sporthallen","_seopress_titles_desc":"Vom Goldenen Plan zur modernen Sportst\u00e4ttenf\u00f6rderung: Wie energieeffiziente Hallenheizung und Sanierung CO\u2082 senken und F\u00f6rderchancen erh\u00f6hen.","_seopress_robots_index":"","footnotes":""},"categories":[1],"tags":[],"class_list":["post-157757","post","type-post","status-publish","format-standard","has-post-thumbnail","hentry","category-allgemein"],"acf":[],"_links":{"self":[{"href":"https:\/\/www.kuebler-hallenheizungen.de\/hu\/wp-json\/wp\/v2\/posts\/157757","targetHints":{"allow":["GET"]}}],"collection":[{"href":"https:\/\/www.kuebler-hallenheizungen.de\/hu\/wp-json\/wp\/v2\/posts"}],"about":[{"href":"https:\/\/www.kuebler-hallenheizungen.de\/hu\/wp-json\/wp\/v2\/types\/post"}],"author":[{"embeddable":true,"href":"https:\/\/www.kuebler-hallenheizungen.de\/hu\/wp-json\/wp\/v2\/users\/17"}],"replies":[{"embeddable":true,"href":"https:\/\/www.kuebler-hallenheizungen.de\/hu\/wp-json\/wp\/v2\/comments?post=157757"}],"version-history":[{"count":1,"href":"https:\/\/www.kuebler-hallenheizungen.de\/hu\/wp-json\/wp\/v2\/posts\/157757\/revisions"}],"predecessor-version":[{"id":157761,"href":"https:\/\/www.kuebler-hallenheizungen.de\/hu\/wp-json\/wp\/v2\/posts\/157757\/revisions\/157761"}],"wp:featuredmedia":[{"embeddable":true,"href":"https:\/\/www.kuebler-hallenheizungen.de\/hu\/wp-json\/wp\/v2\/media\/157760"}],"wp:attachment":[{"href":"https:\/\/www.kuebler-hallenheizungen.de\/hu\/wp-json\/wp\/v2\/media?parent=157757"}],"wp:term":[{"taxonomy":"category","embeddable":true,"href":"https:\/\/www.kuebler-hallenheizungen.de\/hu\/wp-json\/wp\/v2\/categories?post=157757"},{"taxonomy":"post_tag","embeddable":true,"href":"https:\/\/www.kuebler-hallenheizungen.de\/hu\/wp-json\/wp\/v2\/tags?post=157757"}],"curies":[{"name":"wp","href":"https:\/\/api.w.org\/{rel}","templated":true}]}}