{"id":18673,"date":"2021-03-05T08:45:13","date_gmt":"2021-03-05T07:45:13","guid":{"rendered":"https:\/\/kuebler.werbe-sofa.de\/krankenstand-senken-produktivitaet-erhoehen\/"},"modified":"2024-10-31T11:10:41","modified_gmt":"2024-10-31T10:10:41","slug":"a-betegszabadsag-csoekkentese-a-termelekenyseg-noevelese","status":"publish","type":"post","link":"https:\/\/www.kuebler-hallenheizungen.de\/hu\/krankenstand-senken-produktivitaet-erhoehen\/","title":{"rendered":"A betegszabads\u00e1g cs\u00f6kkent\u00e9se - a termel\u00e9kenys\u00e9g n\u00f6vel\u00e9se"},"content":{"rendered":"<p>A probl\u00e9ma: A gy\u00e1rt\u00f3csarnokokban vagy rakt\u00e1rakban \u00e1ltal\u00e1nosan haszn\u00e1lt f\u0171t\u00e9si rendszerek meleg leveg\u0151t f\u00fajnak a munkater\u00fcletekre. Ez nemcsak felveri a port \u00e9s sz\u00e9tter\u00edti az aeroszolokat, hanem kellemetlen munkahelyi l\u00e9gk\u00f6rt is teremt. Nem ritka, hogy a f\u00fav\u00f3k k\u00f6zvetlen k\u00f6zel\u00e9ben szauna-\u00e1llapotok uralkodnak, \u00e9s gyakran megfigyelhet\u0151, hogy az emberek ilyen k\u00f6r\u00fclm\u00e9nyek k\u00f6z\u00f6tt p\u00f3l\u00f3ban dolgoznak, m\u00e9g akkor is, ha a kinti h\u0151m\u00e9rs\u00e9klet nulla fok alatt van. De senki sem vesz fel kab\u00e1tot, amikor a kapu nyitva van, vagy amikor egy gyors s\u00e9t\u00e1ra van sz\u00fcks\u00e9g az udvaron.<\/p>\n<p>Eur\u00f3pa egyik vezet\u0151 prec\u00edzi\u00f3s l\u00e1ncgy\u00e1rt\u00f3ja \u00c9szak-Rajna-Vesztf\u00e1li\u00e1ban t\u00e9len rendszeresen k\u00fczd\u00f6tt ezzel a probl\u00e9m\u00e1val. A megold\u00e1s mell\u00e9khat\u00e1sk\u00e9nt mer\u00fclt fel, miut\u00e1n a v\u00e1llalat gazdas\u00e1gi okokb\u00f3l egy \u00faj, energiatakar\u00e9kos csarnokf\u0171t\u00e9si rendszer mellett d\u00f6nt\u00f6tt. Ez nemcsak a kor\u00e1bban rendk\u00edv\u00fcl magas energiak\u00f6lts\u00e9geket cs\u00f6kkentette, hanem jelent\u0151sen optimaliz\u00e1lta a f\u0171t\u00e9si komfortot is. Az alkalmazott infrav\u00f6r\u00f6s technol\u00f3gia ugyanis kellemes, egyenletes \u00e9s huzatmentes munkakl\u00edm\u00e1t biztos\u00edt a csarnok\u00e9p\u00fcletekben. Ezenk\u00edv\u00fcl a h\u0151m\u00e9rs\u00e9klet pontosan szab\u00e1lyozhat\u00f3, p\u00e9ld\u00e1ul a gy\u00e1rt\u00e1si ter\u00fcleten 18 \u00b0C-os \u00fczemi h\u0151m\u00e9rs\u00e9kletre. A termel\u00e9sben dolgoz\u00f3k most m\u00e1r az \u00e9vszaknak megfelel\u0151 ruh\u00e1zatban dolgoznak, \u00e9s a betegs\u00e9g miatti hi\u00e1nyz\u00e1sok sz\u00e1ma m\u00e9rhet\u0151en cs\u00f6kkent.<\/p>\n<p>Ha t\u00f6bbet szeretne megtudni a betegszabads\u00e1g cs\u00f6kkent\u00e9s\u00e9r\u0151l \u00e9s ezekr\u0151l a f\u0171t\u00e9si megold\u00e1sokr\u00f3l, k\u00e9rj\u00fck, l\u00e9pjen kapcsolatba a k\u00f6vetkez\u0151 el\u00e9rhet\u0151s\u00e9gekkel <a href=\"https:\/\/www.kuebler-hallenheizungen.de\/de\/kontakt\/\" target=\"_blank\" rel=\"noopener\">Kapcsolatfelv\u00e9tel<\/a> on.<\/p>\n<p>Egy\u00e9bk\u00e9nt: A k\u00f6vetkez\u0151 <strong>Forr\u00f3 tipp<\/strong> a t\u00e9ma k\u00f6r\u00fcl <strong>Csarnok\u00e9p\u00edt\u00e9s \u00e9s energiahat\u00e9konys\u00e1g<\/strong> majd legk\u00f6zelebb elmondjuk.<\/p>","protected":false},"excerpt":{"rendered":"<p>A magas betegs\u00e9gi r\u00e1ta sok v\u00e1llalat sz\u00e1m\u00e1ra teher. Sok v\u00e1llalat felfedezte, hogy ez nemcsak az \u00e9vszak \u00e9s a fert\u0151z\u00e9sek el\u0151fordul\u00e1sa f\u00fcggv\u00e9nye, hanem k\u00f6zvetlen\u00fcl is befoly\u00e1solhat\u00f3. Akt\u00edvan dolgoznak a dolgoz\u00f3i el\u00e9gedetts\u00e9g jav\u00edt\u00e1s\u00e1n, \u00e9s megfelel\u0151 programokat dolgoznak ki e fontos t\u00e9nyez\u0151 n\u00f6vel\u00e9s\u00e9re. <\/p>","protected":false},"author":15,"featured_media":17665,"comment_status":"open","ping_status":"open","sticky":false,"template":"","format":"standard","meta":{"_acf_changed":false,"_seopress_robots_primary_cat":"none","_seopress_titles_title":"Krankenstand senken \u2013 Produktivit\u00e4t erh\u00f6hen | K\u00dcBLER","_seopress_titles_desc":"Ein hoher Krankenstand belastet viele Unternehmen. Gerade in Produktionsbetrieben wird gerne der Faktor Heizung \u00fcbersehen.","_seopress_robots_index":"","footnotes":""},"categories":[1],"tags":[377,378,379],"class_list":["post-18673","post","type-post","status-publish","format-standard","has-post-thumbnail","hentry","category-allgemein","tag-krankenstand-mitarbeiter","tag-krankenstand-senken","tag-produktivitaet"],"acf":[],"_links":{"self":[{"href":"https:\/\/www.kuebler-hallenheizungen.de\/hu\/wp-json\/wp\/v2\/posts\/18673","targetHints":{"allow":["GET"]}}],"collection":[{"href":"https:\/\/www.kuebler-hallenheizungen.de\/hu\/wp-json\/wp\/v2\/posts"}],"about":[{"href":"https:\/\/www.kuebler-hallenheizungen.de\/hu\/wp-json\/wp\/v2\/types\/post"}],"author":[{"embeddable":true,"href":"https:\/\/www.kuebler-hallenheizungen.de\/hu\/wp-json\/wp\/v2\/users\/15"}],"replies":[{"embeddable":true,"href":"https:\/\/www.kuebler-hallenheizungen.de\/hu\/wp-json\/wp\/v2\/comments?post=18673"}],"version-history":[{"count":0,"href":"https:\/\/www.kuebler-hallenheizungen.de\/hu\/wp-json\/wp\/v2\/posts\/18673\/revisions"}],"wp:featuredmedia":[{"embeddable":true,"href":"https:\/\/www.kuebler-hallenheizungen.de\/hu\/wp-json\/wp\/v2\/media\/17665"}],"wp:attachment":[{"href":"https:\/\/www.kuebler-hallenheizungen.de\/hu\/wp-json\/wp\/v2\/media?parent=18673"}],"wp:term":[{"taxonomy":"category","embeddable":true,"href":"https:\/\/www.kuebler-hallenheizungen.de\/hu\/wp-json\/wp\/v2\/categories?post=18673"},{"taxonomy":"post_tag","embeddable":true,"href":"https:\/\/www.kuebler-hallenheizungen.de\/hu\/wp-json\/wp\/v2\/tags?post=18673"}],"curies":[{"name":"wp","href":"https:\/\/api.w.org\/{rel}","templated":true}]}}