{"id":18677,"date":"2024-03-05T09:01:39","date_gmt":"2024-03-05T08:01:39","guid":{"rendered":"https:\/\/kuebler.werbe-sofa.de\/mit-maschinenabwaerme-bueros-heizen\/"},"modified":"2025-10-15T15:16:46","modified_gmt":"2025-10-15T13:16:46","slug":"irodak-futese-gepi-hulladekhovel","status":"publish","type":"post","link":"https:\/\/www.kuebler-hallenheizungen.de\/hu\/mit-maschinenabwaerme-bueros-heizen\/","title":{"rendered":"Hogyan f\u0171thet\u00fcnk irod\u00e1kat szinte ingyenesen a g\u00e9pek hullad\u00e9kh\u0151j\u00e9vel?"},"content":{"rendered":"<p>Szinte minden g\u00e9p hullad\u00e9kh\u0151t termel. A s\u0171r\u00edtett leveg\u0151s rendszerek vagy a p\u00e1col\u00f3 kemenc\u00e9k \u00e1llnak itt az \u00e9len, mivel ezek termelik a legt\u00f6bb h\u0151t. Ez azonban \u00e1ltal\u00e1ban szab\u00e1lyozatlanul eloszlik az \u00e9p\u00fcletben, ami nemcsak bosszant\u00f3, hanem a f\u0171t\u00e9si k\u00f6lts\u00e9gek cs\u00f6kkent\u00e9s\u00e9nek elpazarolt lehet\u0151s\u00e9ge is. Ebben a cikkben mindent megtudhat arr\u00f3l, hogyan hasznos\u00edthatja okosan a gy\u00e1rt\u00f3g\u00e9pek hullad\u00e9kh\u0151j\u00e9t k\u00fcl\u00f6nb\u00f6z\u0151 helyis\u00e9gek, p\u00e9ld\u00e1ul irod\u00e1k f\u0171t\u00e9s\u00e9re, \u00e9s \u00edgy cs\u00f6kkentheti f\u0171t\u00e9si k\u00f6lts\u00e9geit, \u00e9s a k\u00f6rnyezetnek is j\u00f3t tehet.<\/p>\n<h2><strong>F\u0171ti az irod\u00e1kat a g\u00e9pek hullad\u00e9kh\u0151j\u00e9vel<\/strong><\/h2>\n<p>Minden gy\u00e1rt\u00e1si \u00e9s termel\u00e9si folyamat olyan g\u00e9pekre t\u00e1maszkodik, amelyek \u00e1ltal\u00e1ban sok hullad\u00e9kh\u0151t termelnek, amelyet a modern technol\u00f3gi\u00e1k seg\u00edts\u00e9g\u00e9vel hasznos\u00edthat irod\u00e1i \u00e9s egy\u00e9b helyis\u00e9gei f\u0171t\u00e9s\u00e9re. Azonban nem csak az olyan g\u00e9pek, mint a p\u00e1col\u00f3 kemenc\u00e9k adnak le \u00e9rt\u00e9kes h\u0151t. M\u00e1s technol\u00f3gi\u00e1k vagy \u00e9p\u00fcletf\u0171t\u00e9si rendszerek is jelent\u0151s potenci\u00e1lt rejtenek a meleg elhaszn\u00e1lt leveg\u0151ben, amelyet p\u00e9ld\u00e1ul irod\u00e1k f\u0171t\u00e9s\u00e9re \u00e9rdemes felhaszn\u00e1lnia.<\/p>\n<h2><strong>F\u0171t\u00e9si irod\u00e1k okosan - ne vesszen k\u00e1rba a hullad\u00e9kh\u0151<\/strong><\/h2>\n<p>A legt\u00f6bb esetben az \u00d6n g\u00e9peinek \u00e9s az \u00e9p\u00fclet f\u0171t\u00e9si rendszereinek \u00e9rt\u00e9kes hullad\u00e9kh\u0151je szab\u00e1lyozatlanul v\u00e9sz el az \u00e9p\u00fcletben, ami bosszant\u00f3. Egyr\u00e9szt a k\u00f6rnyezet, de mindenekel\u0151tt az \u00fczletvezet\u00e9s szempontj\u00e1b\u00f3l. Ugyanis rengeteg energia megy \u00edgy veszend\u0151be, amit m\u00e1shol, p\u00e9ld\u00e1ul az \u00e9tkezde vagy az iroda f\u0171t\u00e9s\u00e9re dr\u00e1g\u00e1n kell megfizetni. De vajon ez most azt jelenti, hogy minden egyes g\u00e9pet vagy <a title=\"B\u0151vebben a g\u00e1zell\u00e1t\u00e1s biztons\u00e1g\u00e1r\u00f3l\" href=\"\/de\/industrieheizungen-wie-sicher-ist-die-gasversorgung\/\">F\u0171t\u00e9s<\/a> gondosan fel kell szerelni saj\u00e1t marad\u00e9kh\u0151-hasznos\u00edt\u00e1ssal?<\/p>\n<h2><strong>G\u00e9pek felszerel\u00e9se irod\u00e1k f\u0171t\u00e9s\u00e9re hullad\u00e9kh\u0151vel<\/strong><\/h2>\n<p>Sz\u00e1mos kereskedelmi v\u00e1llalkoz\u00e1s \u00e9s v\u00e1llalat sz\u00e1m\u00e1ra ez a k\u00e9rd\u00e9s gazdas\u00e1gilag sokkal relev\u00e1nsabb, mint azt kezdetben felt\u00e9telezt\u00e9k. Az olyan technol\u00f3gi\u00e1k, mint az integr\u00e1lt h\u0151cser\u00e9l\u0151k, \u00e9rdekes megk\u00f6zel\u00edt\u00e9st jelenthetnek ebben a k\u00e9rd\u00e9sben. Ezeket \u00fagy tervezt\u00e9k, hogy k\u00fcl\u00f6nb\u00f6z\u0151 h\u0151\u00e1ramokat egyes\u00edtsenek, \u00e9s maximaliz\u00e1lj\u00e1k azok felhaszn\u00e1l\u00e1s\u00e1t a v\u00e1llalaton bel\u00fcl, \u00edgy f\u0171tve az olyan helyis\u00e9geket, mint p\u00e9ld\u00e1ul az irod\u00e1k. A beruh\u00e1z\u00e1si k\u00f6lts\u00e9gek olyan alacsonyak, hogy nem igaz\u00e1n ellens\u00falyozz\u00e1k a megtakar\u00edt\u00e1sokat. A rendszert\u0151l f\u00fcgg\u0151en irod\u00e1k vagy eg\u00e9sz irodater\u00fcletek f\u0171thet\u0151k \u00edgy. Erre p\u00e9lda egy \u00c9szak-Rajna-Vesztf\u00e1li\u00e1ban tal\u00e1lhat\u00f3 k\u00f6zepes m\u00e9ret\u0171 termel\u0151v\u00e1llalat, ahol az energiafogyaszt\u00e1s olyan jelent\u0151sen cs\u00f6kkent, hogy a vezet\u0151s\u00e9g \u00e9vente mintegy 46 000 eur\u00f3val t\u00f6bb p\u00e9nzzel sz\u00e1molhat a kassz\u00e1ban.<\/p>\n<h2><strong>K\u00f6vetkeztet\u00e9s: A hullad\u00e9kh\u0151 a legokosabb m\u00f3dja az irod\u00e1k f\u0171t\u00e9s\u00e9nek<\/strong><\/h2>\n<p>A termel\u0151g\u00e9peinek hullad\u00e9kh\u0151je \u00e9rt\u00e9kes - ne hagyja, hogy k\u00e1rba vesszen. A hullad\u00e9kh\u0151 intelligens hasznos\u00edt\u00e1s\u00e1nak ide\u00e1lis m\u00f3dja, ha p\u00e9ld\u00e1ul irod\u00e1i f\u0171t\u00e9s\u00e9re haszn\u00e1lja. De term\u00e9szetesen m\u00e1s m\u00f3don is \u00fajrahasznos\u00edthatja a g\u00e9peib\u0151l sz\u00e1rmaz\u00f3 hullad\u00e9kh\u0151t. Tudja meg, hogy pontosan hogyan <a href=\"https:\/\/www.kuebler-hallenheizungen.de\/hu\/optimalis-hohasznositas-kuebler-csarnok-futesi-rendszerek\/\">itt<\/a>.<\/p>\n<p>Felkeltett\u00fck az \u00e9rdekl\u0151d\u00e9s\u00e9t az irod\u00e1ja f\u0171t\u00e9s\u00e9nek okos m\u00f3djai ir\u00e1nt? Vegye fel vel\u00fcnk a kapcsolatot <a href=\"https:\/\/www.kuebler-hallenheizungen.de\/de\/kontakt\/\">Kapcsolatfelv\u00e9tel<\/a> \u00e9s tudjon meg t\u00f6bbet a marad\u00e9kh\u0151-hasznos\u00edt\u00e1si megold\u00e1sainkr\u00f3l.<\/p>\n<p>Egy\u00e9bk\u00e9nt: a k\u00f6vetkez\u0151 <strong>Forr\u00f3 tipp<\/strong> a t\u00e9ma k\u00f6r\u00fcl <a title=\"Tov\u00e1bbi inform\u00e1ci\u00f3 az energiahat\u00e9konys\u00e1gr\u00f3l a kondenz\u00e1ci\u00f3s kaz\u00e1ntechnol\u00f3gia r\u00e9v\u00e9n\" href=\"\/de\/brennwerttechnik-macht-hohe-einsparpotenziale-in-unternehmen-nutzbar\/\">Energiahat\u00e9konys\u00e1g<\/a><strong> &amp; csarnok\u00e9p\u00fclet <\/strong>majd legk\u00f6zelebb elmondjuk.<\/p>","protected":false},"excerpt":{"rendered":"<p>Szinte minden g\u00e9p hullad\u00e9kh\u0151t termel. A s\u0171r\u00edtett leveg\u0151s rendszerek vagy a kem\u00e9ny\u00edt\u0151 kemenc\u00e9k itt az \u00e9len j\u00e1rnak, \u00f3ri\u00e1si h\u0151kibocs\u00e1t\u00e1ssal. Ez azonban \u00e1ltal\u00e1ban szab\u00e1lyozatlanul eloszlik az \u00e9p\u00fcletben, ami bosszant\u00f3. Egyr\u00e9szt a k\u00f6rnyezet, de mindenekel\u0151tt a v\u00e1llalatvezet\u00e9s szempontj\u00e1b\u00f3l. Ugyanis rengeteg energia megy \u00edgy veszend\u0151be, amit m\u00e1shol kell dr\u00e1g\u00e1n megfizetni.<\/p>","protected":false},"author":15,"featured_media":17680,"comment_status":"open","ping_status":"open","sticky":false,"template":"","format":"standard","meta":{"_acf_changed":false,"_seopress_robots_primary_cat":"none","_seopress_titles_title":"Wie Sie mit Maschinenabw\u00e4rme fast kostenlos B\u00fcros heizen","_seopress_titles_desc":"Clever heizen, lassen Sie Abw\u00e4rme nicht mehr ungenutzt, denn die wertvolle Abw\u00e4rme Ihrer Maschinen verpufft derzeit ungeregelt im Geb\u00e4ude.","_seopress_robots_index":"","footnotes":""},"categories":[1],"tags":[389,390,391],"class_list":["post-18677","post","type-post","status-publish","format-standard","has-post-thumbnail","hentry","category-allgemein","tag-bueros-heizen","tag-maschinenabwaerme","tag-maschinenabwaerme-nutzen"],"acf":[],"_links":{"self":[{"href":"https:\/\/www.kuebler-hallenheizungen.de\/hu\/wp-json\/wp\/v2\/posts\/18677","targetHints":{"allow":["GET"]}}],"collection":[{"href":"https:\/\/www.kuebler-hallenheizungen.de\/hu\/wp-json\/wp\/v2\/posts"}],"about":[{"href":"https:\/\/www.kuebler-hallenheizungen.de\/hu\/wp-json\/wp\/v2\/types\/post"}],"author":[{"embeddable":true,"href":"https:\/\/www.kuebler-hallenheizungen.de\/hu\/wp-json\/wp\/v2\/users\/15"}],"replies":[{"embeddable":true,"href":"https:\/\/www.kuebler-hallenheizungen.de\/hu\/wp-json\/wp\/v2\/comments?post=18677"}],"version-history":[{"count":0,"href":"https:\/\/www.kuebler-hallenheizungen.de\/hu\/wp-json\/wp\/v2\/posts\/18677\/revisions"}],"wp:featuredmedia":[{"embeddable":true,"href":"https:\/\/www.kuebler-hallenheizungen.de\/hu\/wp-json\/wp\/v2\/media\/17680"}],"wp:attachment":[{"href":"https:\/\/www.kuebler-hallenheizungen.de\/hu\/wp-json\/wp\/v2\/media?parent=18677"}],"wp:term":[{"taxonomy":"category","embeddable":true,"href":"https:\/\/www.kuebler-hallenheizungen.de\/hu\/wp-json\/wp\/v2\/categories?post=18677"},{"taxonomy":"post_tag","embeddable":true,"href":"https:\/\/www.kuebler-hallenheizungen.de\/hu\/wp-json\/wp\/v2\/tags?post=18677"}],"curies":[{"name":"wp","href":"https:\/\/api.w.org\/{rel}","templated":true}]}}