{"id":18680,"date":"2021-03-05T10:07:29","date_gmt":"2021-03-05T09:07:29","guid":{"rendered":"https:\/\/kuebler.werbe-sofa.de\/heizkosten-einsparen-bei-offenen-toren-in-hallen-kuebler\/"},"modified":"2024-10-31T11:07:46","modified_gmt":"2024-10-31T10:07:46","slug":"futesi-koeltsegek-megtakaritasa-nyitott-ajtokkal-a-kuebler-csarnokokban","status":"publish","type":"post","link":"https:\/\/www.kuebler-hallenheizungen.de\/hu\/heizkosten-einsparen-bei-offenen-toren-in-hallen-kuebler\/","title":{"rendered":"F\u00f3kuszban a \"nyitott csarnokajt\u00f3k\""},"content":{"rendered":"<p>De felmer\u00fcl a k\u00e9rd\u00e9s: megengedhetj\u00fck-e magunknak, hogy t\u00e9len a nyitott csarnokajt\u00f3kon kereszt\u00fcl egyszer\u0171en dr\u00e1ga f\u0171t\u00e9st \u00e9gess\u00fcnk?<\/p>\n<p>A \"nyitott rakt\u00e1rak ajtajainak\" forr\u00f3 t\u00e9m\u00e1ja forr\u00f3 vit\u00e1k t\u00e1rgya. Legink\u00e1bb azok k\u00f6z\u00f6tt, akik a v\u00e1llalatok m\u0171k\u00f6d\u00e9si k\u00f6lts\u00e9geinek cs\u00f6kkent\u00e9s\u00e9\u00e9rt felel\u0151sek, \u00e9s azok k\u00f6z\u00f6tt, akik a termel\u00e9si \u00e9s sz\u00e1ll\u00edt\u00e1si folyamatok min\u00e9l z\u00f6kken\u0151mentesebb m\u0171k\u00f6d\u00e9s\u00e9\u00e9rt felel\u0151sek. Ki gondolkodik azon, hogy a napi \u00fczletmenet sor\u00e1n bez\u00e1rja az ajt\u00f3kat, ha r\u00f6viddel k\u00e9s\u0151bb \u00fagyis \u00fajra ki kell nyitni \u0151ket?<\/p>\n<p>Az erre a probl\u00e9m\u00e1ra kidolgozott, bev\u00e1lt megold\u00e1sok a digit\u00e1lis intelligenci\u00e1ra t\u00e1maszkodnak a csarnokf\u0171t\u00e9si rendszerek vez\u00e9rl\u00e9s\u00e9ben. Speci\u00e1lis eszk\u00f6z\u00f6k r\u00f6gz\u00edtik az ajt\u00f3kn\u00e1l zajl\u00f3 folyamatokat, \u00e9s a f\u0171t\u0151berendez\u00e9seket kifejezetten arra az id\u0151re kapcsolj\u00e1k ki, am\u00edg azok nyitva vannak. A f\u0171t\u00e9si id\u0151szak alatt ez biztos\u00edtja az energiafogyaszt\u00e1s \u00e9s a k\u00f6lts\u00e9gek jelent\u0151s cs\u00f6kken\u00e9s\u00e9t. Egy laubachi v\u00e1llalatn\u00e1l az ajt\u00f3k nyitvatart\u00e1si idej\u00e9t ilyen m\u00f3don r\u00f6gz\u00edtett\u00e9k \u00e9s optimaliz\u00e1lt\u00e1k - ez \u00f6nmag\u00e1ban is jelent\u0151sen cs\u00f6kkentette az \u00fczemeltet\u00e9si k\u00f6lts\u00e9geket. \u00c9rdekes, hogy ezek a megold\u00e1sok modulk\u00e9nt k\u00f6nnyen ut\u00f3lagosan be\u00e9p\u00edthet\u0151k a megl\u00e9v\u0151 vez\u00e9rl\u0151rendszerekbe.<\/p>\n<p>Szeretne t\u00f6bbet megtudni ezekr\u0151l az ellen\u0151rz\u00e9si megold\u00e1sokr\u00f3l? Semmi gond! A K\u00dcBLER csarnokf\u0171t\u00e9si szakembereit a Kapcsolat men\u00fcpont alatt \u00e9rheti el.<\/p>\n<p>Aprop\u00f3: egy h\u00e9t m\u00falva k\u00f6zz\u00e9tessz\u00fck a k\u00f6vetkez\u0151 forr\u00f3 tippet az ENERGIAT\u00d6KV\u00c9NYESS\u00c9G \u00c9S H\u00c1ZI \u00c9P\u00dcLETEK t\u00e9mak\u00f6r\u00e9ben.<\/p>","protected":false},"excerpt":{"rendered":"<p>A \"f\u0171t\u00e9s nyitott ablakokkal\" a mag\u00e1nh\u00e1ztart\u00e1sokban olyan, mint a \"f\u0171t\u00e9s nyitott ajt\u00f3kkal\" a gy\u00e1rt\u00f3csarnokokban \u00e9s rakt\u00e1rakban. Nagyszer\u0171, ha ezt az iparban \u00e9s a kereskedelemben megengedheti mag\u00e1nak, mert a termel\u00e9s \u00e9s az \u00fczlet nyilv\u00e1nval\u00f3an folyik - sajnos a koronav\u00edrus idej\u00e9n ez sok v\u00e1llalat sz\u00e1m\u00e1ra nem mag\u00e1t\u00f3l \u00e9rtet\u0151d\u0151.<\/p>","protected":false},"author":15,"featured_media":17688,"comment_status":"open","ping_status":"open","sticky":false,"template":"","format":"standard","meta":{"_acf_changed":false,"_seopress_robots_primary_cat":"none","_seopress_titles_title":"Mit K\u00dcBLER: Heizkosten sparen bei offenen Hallentoren","_seopress_titles_desc":"Will und kann man es sich leisten, im Winter teure W\u00e4rme einfach durch ge\u00f6ffnete Hallentore zu verheizen? So heizen Sie clever!","_seopress_robots_index":"","footnotes":""},"categories":[1],"tags":[89,386,396],"class_list":["post-18680","post","type-post","status-publish","format-standard","has-post-thumbnail","hentry","category-allgemein","tag-heizkosten-einsparen","tag-hohe-heizkosten","tag-reduktion-von-betriebskosten"],"acf":[],"_links":{"self":[{"href":"https:\/\/www.kuebler-hallenheizungen.de\/hu\/wp-json\/wp\/v2\/posts\/18680","targetHints":{"allow":["GET"]}}],"collection":[{"href":"https:\/\/www.kuebler-hallenheizungen.de\/hu\/wp-json\/wp\/v2\/posts"}],"about":[{"href":"https:\/\/www.kuebler-hallenheizungen.de\/hu\/wp-json\/wp\/v2\/types\/post"}],"author":[{"embeddable":true,"href":"https:\/\/www.kuebler-hallenheizungen.de\/hu\/wp-json\/wp\/v2\/users\/15"}],"replies":[{"embeddable":true,"href":"https:\/\/www.kuebler-hallenheizungen.de\/hu\/wp-json\/wp\/v2\/comments?post=18680"}],"version-history":[{"count":0,"href":"https:\/\/www.kuebler-hallenheizungen.de\/hu\/wp-json\/wp\/v2\/posts\/18680\/revisions"}],"wp:featuredmedia":[{"embeddable":true,"href":"https:\/\/www.kuebler-hallenheizungen.de\/hu\/wp-json\/wp\/v2\/media\/17688"}],"wp:attachment":[{"href":"https:\/\/www.kuebler-hallenheizungen.de\/hu\/wp-json\/wp\/v2\/media?parent=18680"}],"wp:term":[{"taxonomy":"category","embeddable":true,"href":"https:\/\/www.kuebler-hallenheizungen.de\/hu\/wp-json\/wp\/v2\/categories?post=18680"},{"taxonomy":"post_tag","embeddable":true,"href":"https:\/\/www.kuebler-hallenheizungen.de\/hu\/wp-json\/wp\/v2\/tags?post=18680"}],"curies":[{"name":"wp","href":"https:\/\/api.w.org\/{rel}","templated":true}]}}