{"id":18692,"date":"2021-06-09T07:00:09","date_gmt":"2021-06-09T05:00:09","guid":{"rendered":"https:\/\/kuebler.werbe-sofa.de\/hallenheizung-herausforderungen-loesungen\/"},"modified":"2025-10-15T16:50:17","modified_gmt":"2025-10-15T14:50:17","slug":"csarnok-futesi-kihivasok-megoldasok","status":"publish","type":"post","link":"https:\/\/www.kuebler-hallenheizungen.de\/hu\/hallenheizung-herausforderungen-loesungen\/","title":{"rendered":"Csarnokok f\u0171t\u00e9se: Kih\u00edv\u00e1sok \u00e9s megold\u00e1sok"},"content":{"rendered":"<h2>Az els\u0151 kih\u00edv\u00e1s a f\u0171t\u00e9si csarnokokban: A k\u00fcl\u00f6nleges szerkezeti jellemz\u0151k<\/h2>\n<p>A csarnokok f\u0171t\u00e9se szempontj\u00e1b\u00f3l a legnagyobb kih\u00edv\u00e1st val\u00f3sz\u00edn\u0171leg a csarnok\u00e9p\u00fcletek hatalmas t\u00e9rfogata \u00e9s n\u00e9gy, t\u00edz vagy t\u00f6bb m\u00e9teres belmagass\u00e1ga jelenti. Ezeknek az \u00e9p\u00fcleteknek az \u00e1lland\u00f3 \u00fczemi h\u0151m\u00e9rs\u00e9kleten tart\u00e1sa t\u00e9len minden, csak nem trivi\u00e1lis. K\u00fcl\u00f6n\u00f6sen akkor, ha az energiak\u00f6lts\u00e9gek nem akarnak elszabadulni. Ehhez j\u00f6n m\u00e9g az a neh\u00e9zs\u00e9g, hogy nincs k\u00e9t egyforma ipari vagy kereskedelmi \u00e9p\u00fclet. A magas \u00e1llv\u00e1nyok, a daruk, a legk\u00fcl\u00f6nf\u00e9l\u00e9bb alaprajzok \u00e9s haszn\u00e1lati profilok nagyon speci\u00e1lis k\u00f6vetelm\u00e9nyeket t\u00e1masztanak a telep\u00edtend\u0151 f\u0171t\u00e9si rendszerrel szemben.<\/p>\n<p>Itt nem el\u00e9g, ha egyszer\u0171en csak n\u00e9h\u00e1ny f\u0171t\u0151testet osztunk sz\u00e9t a helyis\u00e9gben. A csarnok\u00e9p\u00fcleteknek m\u00e9ret\u00fck \u00e9s magass\u00e1guk miatt nagyon speci\u00e1lis \u00e9p\u00fcletfizikai k\u00f6vetelm\u00e9nyeik vannak, amelyek alapvet\u0151en k\u00fcl\u00f6nb\u00f6znek a t\u00f6bbszintes \u00e9p\u00fcletekt\u0151l. \u00c9rdemes ez\u00e9rt konzult\u00e1lni egy elismert csarnokf\u0171t\u00e9si szak\u00e9rt\u0151vel, hogy elker\u00fclj\u00fck, hogy a funkcionalit\u00e1s tekintet\u00e9ben kompromisszumokkal kelljen \u00e9ln\u00fcnk, \u00e9s a v\u00e9g\u00e9n feleslegesen sok p\u00e9nzt fektess\u00fcnk be nem megfelel\u0151 teljes\u00edtm\u00e9ny\u00e9rt.<\/p>\n<h2>Nem mindig l\u00e1that\u00f3, de l\u00e9nyeges t\u00e9nyez\u0151 a csarnokok f\u0171t\u00e9s\u00e9n\u00e9l: A dolgoz\u00f3k ig\u00e9nyei \u00e9s a produkt\u00edv belt\u00e9ri kl\u00edma<\/h2>\n<p>A csarnok\u00e9p\u00fcletek szerkezeti jellemz\u0151i is megnehez\u00edtik a <a href=\"https:\/\/www.kuebler-hallenheizungen.de\/hu\/az-idealis-belteri-klima-a-munkahelyen-kuebler-csarnok-futesi-rendszerei\/\" target=\"_blank\" rel=\"noopener\">Belt\u00e9ri kl\u00edma<\/a> sz\u00fcks\u00e9g szerint, \u00e9s \u00edgy biztos\u00edtja a j\u00f3 munkahelyi l\u00e9gk\u00f6rt. Ez azonban k\u00fcl\u00f6n\u00f6sen fontos t\u00e9nyez\u0151 az alkalmazottak termel\u00e9kenys\u00e9ge szempontj\u00e1b\u00f3l: ide\u00e1lis esetben a munkater\u00fclet h\u0151m\u00e9rs\u00e9klet\u00e9nek 18 \u00e9s 20 \u00b0C k\u00f6z\u00f6tt kell lennie. De nem minden alkalmazottnak van sz\u00fcks\u00e9ge ugyanarra a h\u0151m\u00e9rs\u00e9kletre. Azonban nem minden alkalmazottnak van sz\u00fcks\u00e9ge ugyanarra a h\u0151m\u00e9rs\u00e9kletre: azok, akik fizikailag dolgoznak, term\u00e9szetesen h\u0171v\u00f6sebbet szeretn\u00e9nek, mint azok a koll\u00e9g\u00e1ik, akik csendben, \u00fclve vagy \u00e1llva dolgoznak. Ez tov\u00e1bbi kih\u00edv\u00e1st jelent a csarnokok megfelel\u0151 f\u0171t\u00e9si rendszer\u00e9nek kiv\u00e1laszt\u00e1sakor, mivel ez azt jelenti, hogy k\u00fcl\u00f6nb\u00f6z\u0151, rugalmasan f\u0171thet\u0151 z\u00f3n\u00e1kat kell tervezni. Mind a munkater\u00fcletek, mind a haszn\u00e1lhat\u00f3 z\u00f3n\u00e1k tekintet\u00e9ben.<\/p>\n<h2>A k\u00fcl\u00f6nb\u00f6z\u0151 csarnokz\u00f3n\u00e1k rugalmas rendszereket ig\u00e9nyelnek<\/h2>\n<p>N\u00e9zz\u00fck meg k\u00f6zelebbr\u0151l, hogyan n\u00e9znek ki az ipari \u00e9s kereskedelmi \u00e9p\u00fcletek mindennapjai: A csarnok egyik ter\u00fclet\u00e9n a h\u0151m\u00e9rs\u00e9kletre \u00e9s a p\u00e1ralecsap\u00f3d\u00e1sra \u00e9rz\u00e9keny \u00e1rukat t\u00e1rolj\u00e1k, amelyeket \u00e1lland\u00f3 h\u0151m\u00e9rs\u00e9kleten kell tartani. A m\u00e1sik v\u00e9g\u00e9n egy ajt\u00f3 a fagyos k\u00fcls\u0151 h\u0151m\u00e9rs\u00e9klet ellen\u00e9re nyitva marad - mi\u00e9rt z\u00e1rn\u00e1nk be, ha \u00fajra ki kell nyitni? Itt nincs sz\u00fcks\u00e9g f\u0171t\u00e9sre. Ez energia- \u00e9s p\u00e9nzpazarl\u00e1s lenne. A kett\u0151 k\u00f6z\u00f6tt vannak a fent eml\u00edtett, elt\u00e9r\u0151 h\u0151m\u00e9rs\u00e9kletig\u00e9ny\u0171 munkahelyek.<\/p>\n<p>A f\u0171t\u0151berendez\u00e9s alatt id\u0151nk\u00e9nt daruk is parkolnak, amelyek blokkolj\u00e1k a h\u0151sug\u00e1rz\u00e1st. Lehet, hogy a f\u0171t\u00e9st \u00e9jszak\u00e1ra is kikapcsolj\u00e1k, hogy alacsonyan tarts\u00e1k az \u00fczemeltet\u00e9si k\u00f6lts\u00e9geket - \u00e9s m\u00e1snap reggel, a munka megkezd\u00e9s\u00e9re \u00fajra fel kell f\u0171teni. Term\u00e9szetesen hossz\u00fa \u00e1tfut\u00e1si id\u0151 n\u00e9lk\u00fcl. Mindezeket figyelembe v\u00e9ve kev\u00e9s \u00e9rtelme van a csarnokok f\u0171t\u00e9si rendszereire t\u00e1maszkodni, amelyek folyamatosan meleg\u00edtik a leveg\u0151t. Rugalmas rendszerekre van sz\u00fcks\u00e9g!<\/p>\n<h2>Az energia- \u00e9s \u00e9ghajlat-politika egyre ink\u00e1bb a figyelem k\u00f6z\u00e9ppontj\u00e1ba ker\u00fcl<\/h2>\n<p>A csarnokok f\u0171t\u00e9si rendszerein\u00e9l azonban m\u00e1r nem csak az sz\u00e1m\u00edt, hogy mi t\u00f6rt\u00e9nik a csarnokban. Egyre fontosabb\u00e1 v\u00e1lik az is, hogy mi t\u00f6rt\u00e9nik az \u00e9p\u00fcleten k\u00edv\u00fcl. Itt az \u00e9ghajlatv\u00e9delemr\u0151l \u00e9s ez\u00e1ltal az energiafogyaszt\u00e1sr\u00f3l van sz\u00f3. 2030-ra N\u00e9metorsz\u00e1gban a primerenergia-fogyaszt\u00e1st 2008-hoz k\u00e9pest 30 %-tal kell cs\u00f6kkenteni, 2050-re pedig a fel\u00e9re - a Sz\u00f6vets\u00e9gi Gazdas\u00e1gi \u00e9s Energia\u00fcgyi Miniszt\u00e9rium 2050-ig sz\u00f3l\u00f3 energiahat\u00e9konys\u00e1gi strat\u00e9gi\u00e1ja szerint. N\u00e9metorsz\u00e1g k\u00fcl\u00f6n\u00f6sen az \u00e9p\u00edt\u0151iparban k\u00edv\u00e1nja el\u0151mozd\u00edtani az energiahat\u00e9konys\u00e1got.<\/p>\n<p>Az \u00faj f\u0171t\u00e9si rendszert tervez\u0151 csarnoktulajdonosok sz\u00e1m\u00e1ra ez azt jelenti, hogy a k\u00f6vetkez\u0151 kih\u00edv\u00e1s az, hogy <a href=\"https:\/\/www.kuebler-hallenheizungen.de\/de\/effiziente-zukunftstechnologien-heizungsmodernisierung\/\" target=\"_blank\" rel=\"noopener\">a lehet\u0151 leghat\u00e9konyabb f\u0171t\u00e9si rendszerek \u00e9s t\u00fczel\u0151anyagok haszn\u00e1lata a lehet\u0151 legalacsonyabb kibocs\u00e1t\u00e1ssal.<\/a>az energiafogyaszt\u00e1s minim\u00e1lisra cs\u00f6kkent\u00e9se \u00e9rdek\u00e9ben. Ide\u00e1lis esetben a marad\u00e9kh\u0151t is hasznos\u00edtj\u00e1k, hogy val\u00f3ban a lehet\u0151 legt\u00f6bbet hozz\u00e1k ki a csarnokok f\u0171t\u00e9s\u00e9b\u0151l. Az energiafelhaszn\u00e1l\u00e1s ilyen m\u00f3don t\u00f6rt\u00e9n\u0151 optimaliz\u00e1l\u00e1sa v\u00e9di a k\u00f6rnyezetet, \u00e9s \u00f6sszhangban van az \u00e9ghajlatv\u00e9delmi c\u00e9lokkal. Egy dolog ugyanis egy\u00e9rtelm\u0171: a kevesebb \u00fczemanyag-fogyaszt\u00e1s alacsonyabb kibocs\u00e1t\u00e1st jelent. De az \u00d6n saj\u00e1t \u00e9rdeke is, hogy energiatakar\u00e9kos csarnokf\u0171t\u00e9si rendszereket v\u00e1lasszon. Mert:<\/p>\n<h2>A csarnokok sz\u00e1m\u00e1ra megfelel\u0151 f\u0171t\u00e9si rendszer k\u00e9rd\u00e9se szorosan \u00f6sszef\u00fcgg a k\u00f6lts\u00e9gek k\u00e9rd\u00e9s\u00e9vel.<\/h2>\n<p>A csarnokf\u0171t\u00e9si rendszerek \u00e9letciklusuk sor\u00e1n hatszor-h\u00fasszor t\u00f6bb energi\u00e1t fogyasztanak, mint amennyibe a beruh\u00e1z\u00e1s ker\u00fcl. Emiatt e f\u0171t\u00e9si rendszerek \u00fczemeltet\u00e9se jelent\u0151s k\u00f6lts\u00e9gt\u00e9nyez\u0151t jelent a csarnokok tulajdonosai sz\u00e1m\u00e1ra, amelyet hat\u00e9kony \u00e9s rugalmas rendszer n\u00e9lk\u00fcl neh\u00e9z ellen\u0151rizni. T\u00e9rj\u00fcnk vissza az \u00e9p\u00fclet saj\u00e1toss\u00e1gaib\u00f3l \u00e9s a mindennapi munkav\u00e9gz\u00e9sb\u0151l ad\u00f3d\u00f3 szempontokhoz.<\/p>\n<p>A teljes helyis\u00e9g f\u0171t\u00e9se: felesleges energiafogyaszt\u00e1s. Melegleveg\u0151-f\u0171t\u0151testek \u00e1ltal felmeleg\u00edtett leveg\u0151, amely a csarnok mennyezete alatt gy\u0171lik \u00f6ssze: sz\u00fcks\u00e9gtelen energiafogyaszt\u00e1s. Kihaszn\u00e1latlan csarnokz\u00f3n\u00e1k f\u0171t\u00e9se: Sz\u00fcks\u00e9gtelen energiafogyaszt\u00e1s. T\u00falf\u0171t\u00f6tt csarnokr\u00e9szek, mert a f\u0171t\u00e9s nem szab\u00e1lyozhat\u00f3 rugalmasan: Sz\u00fcks\u00e9gtelen energiafogyaszt\u00e1s. F\u0171t\u0151berendez\u00e9sek, amelyek akkor is f\u0171tenek, amikor a csarnok ajtajai nyitva vannak: sz\u00fcks\u00e9gtelen energiafogyaszt\u00e1s. F\u0171t\u0151testek, amelyek \u00f3r\u00e1k \u00f3ta csak az alatta parkol\u00f3 darut f\u0171tik: Sz\u00fcks\u00e9gtelen energiafogyaszt\u00e1s. A csarnok \u00e1ltal\u00e1nos haszn\u00e1lati profilj\u00e1nak nem megfelel\u0151 f\u0171t\u00e9s: sz\u00fcks\u00e9gtelen energiafogyaszt\u00e1s.<\/p>\n<p>A list\u00e1t m\u00e9g hosszan lehetne folytatni, de az m\u00e1r biztosan vil\u00e1goss\u00e1 v\u00e1lt: Csak a kifejezetten csarnokok f\u0171t\u00e9si rendszerek\u00e9nt kifejlesztett modern, intelligens f\u0171t\u00e9si rendszerek seg\u00edthetnek elker\u00fclni az ilyen energiapazarl\u00f3 csapd\u00e1kat, \u00e9s \u00edgy alacsonyan tarthatj\u00e1k mind a beruh\u00e1z\u00e1si, mind az \u00fczemeltet\u00e9si k\u00f6lts\u00e9geket. \u00c9s mindezt a j\u00f6v\u0151re n\u00e9zve is. Mert a f\u0171t\u00e9si k\u00f6lts\u00e9gek az elk\u00f6vetkez\u0151 \u00e9vekben tov\u00e1bb fognak emelkedni. Ennek oka a 2021. janu\u00e1r 01-t\u0151l hat\u00e1lyos \u00faj jogszab\u00e1lyokban keresend\u0151. <a href=\"\/hu\/co2-ado-jelentese-2\/\" target=\"_blank\" rel=\"noopener\">CO\u2082 ad\u00f3<\/a> a fosszilis t\u00fczel\u0151- \u00e9s \u00fczemanyagok haszn\u00e1lat\u00e1hoz. Ez\u00e9rt \u00e9rdemes egyr\u00e9szt egy k\u00fcl\u00f6n\u00f6sen alacsony CO\u2082-kibocs\u00e1t\u00e1s\u00fa t\u00fczel\u0151anyagot, p\u00e9ld\u00e1ul g\u00e1zt haszn\u00e1lni, m\u00e1sr\u00e9szt pedig egy nagy hat\u00e9konys\u00e1g\u00fa f\u0171t\u00e9si rendszert telep\u00edteni az \u00fczemeibe \u2013 hacsak nem akarja v\u00e1llalni a n\u00f6vekv\u0151 k\u00f6lts\u00e9geket.<\/p>\n<p>Ebb\u0151l vil\u00e1gosan l\u00e1tszik, hogy a csarnokok f\u0171t\u00e9si rendszereinek kiv\u00e1laszt\u00e1sa sz\u00e1mos kih\u00edv\u00e1ssal j\u00e1r. J\u00f3, ha ismerj\u00fck ezeket, \u00e9s k\u00e9pesek vagyunk elker\u00fclni \u0151ket. Ez felveti az utols\u00f3 k\u00e9rd\u00e9st:<\/p>\n<h2>Mi a megold\u00e1s ezekre a kih\u00edv\u00e1sokra?<\/h2>\n<p>Ahogy az elej\u00e9n le\u00edrtuk, nincs k\u00e9t egyforma csarnok. A csarnokok sz\u00e1m\u00e1ra megfelel\u0151 f\u0171t\u00e9si rendszer kiv\u00e1laszt\u00e1sakor ez\u00e9rt az \u00d6n egy\u00e9ni k\u00f6r\u00fclm\u00e9nyeit is figyelembe kell venni. Nem l\u00e9tezik mindenre egyforma megold\u00e1s. Elvileg azonban m\u00e1r n\u00e9gy m\u00e9teres belmagass\u00e1gt\u00f3l kezdve egy modern, g\u00e1z\u00fczem\u0171 infrav\u00f6r\u00f6s sug\u00e1rz\u00f3rendszerrel minden eml\u00edtett kih\u00edv\u00e1st lek\u00fczdhet. Az intelligens vez\u00e9rl\u00e9stechnika \u00e9s a modul\u00e1ris b\u0151v\u00edt\u00e9sek seg\u00edts\u00e9g\u00e9vel felismerhet\u0151k az olyan probl\u00e9m\u00e1k, mint p\u00e9ld\u00e1ul a nyitott el\u0151szobaajt\u00f3, \u00e9s kikapcsolhat\u00f3 az adott ter\u00fclet f\u0171t\u00e9se.<\/p>\n<p>A f\u0171t\u00e9s a z\u00f3n\u00e1t\u00f3l f\u00fcgg\u0151en k\u00fcl\u00f6nb\u00f6z\u0151 h\u0151m\u00e9rs\u00e9kleti k\u00f6vetelm\u00e9nyeknek felelhet meg. Mivel az infrav\u00f6r\u00f6s sug\u00e1rz\u00f3 f\u0171t\u0151testek \u00f6nmagukban nem meleg\u00edtik a leveg\u0151t, nincs sem porfelver\u0151d\u00e9s, sem kellemetlen huzat. A meleg leveg\u0151 sem halmoz\u00f3dik fel kihaszn\u00e1latlanul a csarnok mennyezete alatt. Egyszer\u0171en fogalmazva, ez a f\u0171t\u00e9si m\u00f3d csak azt meleg\u00edti fel, amire val\u00f3ban sz\u00fcks\u00e9g van. A f\u00f6ldg\u00e1z \u00fczemanyaggal (amelynek magas a primerenergia-t\u00e9nyez\u0151je \u00e9s egyre k\u00f6rnyezetbar\u00e1tabb\u00e1 v\u00e1lik) \u00e9s az okos marad\u00e9kh\u0151-hasznos\u00edt\u00e1ssal (p\u00e9ld\u00e1ul a szomsz\u00e9dos irod\u00e1k f\u0171t\u00e9s\u00e9re) kombin\u00e1lva minden legyet \u00fcthet egy csap\u00e1sra: kezelhet\u0151 beruh\u00e1z\u00e1si k\u00f6lts\u00e9gek. Magas energiahat\u00e9konys\u00e1g. El\u00e9gedett alkalmazottak. Alacsony teljes tulajdonl\u00e1si k\u00f6lts\u00e9g. K\u00f6rnyezetv\u00e9delem. V\u00e1lassza teh\u00e1t m\u00e1r a kezdetekt\u0151l fogva a megfelel\u0151 megold\u00e1st, amikor csarnokai f\u0171t\u00e9s\u00e9t v\u00e1lasztja!<\/p>","protected":false},"excerpt":{"rendered":"<p>A helyis\u00e9gek t\u00e9rfogata, az alkalmazottak ig\u00e9nyei, az \u00e9ghajlatv\u00e9delmi c\u00e9lok, a f\u0171t\u00e9si k\u00f6lts\u00e9gek \u00e9s \u00edgy tov\u00e1bb: Amikor a csarnokaihoz megfelel\u0151 f\u0171t\u00e9si rendszert v\u00e1laszt, sz\u00e1mos t\u00e9nyez\u0151t kell figyelembe vennie. Olvassa el ezt a cikket, hogy r\u00e9szletesen megtudja, melyek ezek, \u00e9s hogyan tud megbirk\u00f3zni ezekkel a kih\u00edv\u00e1sokkal egy modern rendszerrel.<\/p>","protected":false},"author":15,"featured_media":17930,"comment_status":"open","ping_status":"open","sticky":false,"template":"","format":"standard","meta":{"_acf_changed":false,"_seopress_robots_primary_cat":"none","_seopress_titles_title":"Heizung f\u00fcr Hallen: Herausforderungen & L\u00f6sungen","_seopress_titles_desc":"Bei der Auswahl von einer Heizung f\u00fcr Hallen gilt es eine ganze Reihe von Herausforderungen zu bedenken, um diese gezielt zu umgehen.","_seopress_robots_index":"","footnotes":""},"categories":[1],"tags":[74,406,376],"class_list":["post-18692","post","type-post","status-publish","format-standard","has-post-thumbnail","hentry","category-allgemein","tag-effizient-heizen","tag-energiepolitik","tag-heizen-in-hallen"],"acf":[],"_links":{"self":[{"href":"https:\/\/www.kuebler-hallenheizungen.de\/hu\/wp-json\/wp\/v2\/posts\/18692","targetHints":{"allow":["GET"]}}],"collection":[{"href":"https:\/\/www.kuebler-hallenheizungen.de\/hu\/wp-json\/wp\/v2\/posts"}],"about":[{"href":"https:\/\/www.kuebler-hallenheizungen.de\/hu\/wp-json\/wp\/v2\/types\/post"}],"author":[{"embeddable":true,"href":"https:\/\/www.kuebler-hallenheizungen.de\/hu\/wp-json\/wp\/v2\/users\/15"}],"replies":[{"embeddable":true,"href":"https:\/\/www.kuebler-hallenheizungen.de\/hu\/wp-json\/wp\/v2\/comments?post=18692"}],"version-history":[{"count":0,"href":"https:\/\/www.kuebler-hallenheizungen.de\/hu\/wp-json\/wp\/v2\/posts\/18692\/revisions"}],"wp:featuredmedia":[{"embeddable":true,"href":"https:\/\/www.kuebler-hallenheizungen.de\/hu\/wp-json\/wp\/v2\/media\/17930"}],"wp:attachment":[{"href":"https:\/\/www.kuebler-hallenheizungen.de\/hu\/wp-json\/wp\/v2\/media?parent=18692"}],"wp:term":[{"taxonomy":"category","embeddable":true,"href":"https:\/\/www.kuebler-hallenheizungen.de\/hu\/wp-json\/wp\/v2\/categories?post=18692"},{"taxonomy":"post_tag","embeddable":true,"href":"https:\/\/www.kuebler-hallenheizungen.de\/hu\/wp-json\/wp\/v2\/tags?post=18692"}],"curies":[{"name":"wp","href":"https:\/\/api.w.org\/{rel}","templated":true}]}}