{"id":18693,"date":"2025-08-13T07:00:04","date_gmt":"2025-08-13T05:00:04","guid":{"rendered":"https:\/\/kuebler.werbe-sofa.de\/optimale-hallenheizung\/"},"modified":"2025-10-15T14:48:28","modified_gmt":"2025-10-15T12:48:28","slug":"optimalis-csarnokfutes","status":"publish","type":"post","link":"https:\/\/www.kuebler-hallenheizungen.de\/hu\/optimale-hallenheizung\/","title":{"rendered":"Hogyan tal\u00e1ljuk meg az ide\u00e1lis csarnokf\u0171t\u00e9si rendszert"},"content":{"rendered":"<p>El\u0151sz\u00f6r is, vegye figyelembe, hogy az ipari \u00e9s kereskedelmi \u00e9p\u00fcletek f\u0171t\u00e9si ig\u00e9nyei elt\u00e9rnek az otthonok\u00e9t\u00f3l vagy az irod\u00e1\u00e9t\u00f3l. Trivi\u00e1lisnak hangzik? De nem az. Val\u00f3j\u00e1ban sok tervez\u0151 m\u00e9g mindig elk\u00f6veti azt a hib\u00e1t, hogy a t\u00f6bbszintes \u00e9p\u00fcletekhez hasonl\u00f3 f\u0171t\u00e9si strat\u00e9gi\u00e1t alkalmaz. A probl\u00e9ma: a meleg leveg\u0151 felfel\u00e9 emelkedik. Alacsony belmagass\u00e1g eset\u00e9n, mint p\u00e9ld\u00e1ul az irod\u00e1kban vagy lak\u00e1sokban, ez nem relev\u00e1ns. A csarnokokban viszont a meleg leveg\u0151 gyakorlatilag haszontalanul gy\u0171lik \u00f6ssze nagy magass\u00e1gban a csarnok teteje alatt.<\/p>\n<p>Am\u00edg a padl\u00f3n nem lesz kellemesen meleg, az \u00fczemeltet\u0151knek sok f\u0171t\u00e9si energi\u00e1t kell a csarnokba ir\u00e1ny\u00edtaniuk, \u00e9s olyan rendszereket kell haszn\u00e1lniuk, amelyek a leveg\u0151 \u00e1raml\u00e1s\u00e1t lefel\u00e9 ir\u00e1ny\u00edtj\u00e1k. Ez alapvet\u0151en p\u00e9nzkidob\u00e1s, mivel a nagy csarnokokban \u00e1ltal\u00e1ban csak k\u00f6r\u00fclbel\u00fcl k\u00e9t m\u00e9teres magass\u00e1gban van sz\u00fcks\u00e9g a f\u0171t\u00e9sre, de magasabban m\u00e1r nem. Ez\u00e9rt \u00e1ltal\u00e1ban elegend\u0151 a helyis\u00e9g t\u00e9rfogat\u00e1nak 20 sz\u00e1zal\u00e9k\u00e1t f\u0171teni. A dolgoz\u00f3knak m\u00e9g \u00edgy is kellemes meleg\u00fck van, \u00e9s teljes m\u00e9rt\u00e9kben produkt\u00edvak lehetnek.<\/p>\n<h2>Tal\u00e1lja meg a megfelel\u0151 technol\u00f3gi\u00e1t a csarnok f\u0171t\u00e9s\u00e9hez<\/h2>\n<p>Felmer\u00fcl a k\u00e9rd\u00e9s, hogy milyen technol\u00f3gi\u00e1val optimaliz\u00e1ljuk az \u00d6n mintegy 20 sz\u00e1zal\u00e9k\u00e1t. <a href=\"https:\/\/www.kuebler-hallenheizungen.de\/de\/beheizung-von-hallen-6-heizsysteme\/\">A csarnok c\u00e9lzott f\u0171t\u00e9se<\/a>. Ha k\u00f6r\u00fcln\u00e9zel a piacon, \u00e9szre fogod venni: Vannak centraliz\u00e1lt \u00e9s decentraliz\u00e1lt <a href=\"https:\/\/www.kuebler-hallenheizungen.de\/de\/gruende-energiesparendes-und-umweltfreundliches-heizsystem\/\" target=\"_blank\" rel=\"noopener\">F\u0171t\u00e9si rendszerek<\/a>. A k\u00f6zpontos\u00edtott rendszerek k\u00f6z\u00e9 tartoznak az ipari padl\u00f3f\u0171t\u00e9si rendszerek, a k\u00f6zpontilag t\u00e1pl\u00e1lt, v\u00edzalap\u00fa l\u00e9ghev\u00edt\u0151k \u00e9s a melegvizes sug\u00e1rz\u00f3 mennyezeti panelek. Ezek egy k\u00f6zponti energiatermel\u0151vel \u00e9s egy cs\u0151rendszerrel m\u0171k\u00f6dnek, amely a meleg vizet a k\u00edv\u00e1nt helyre sz\u00e1ll\u00edtja.<\/p>\n<p>A decentraliz\u00e1lt f\u0171t\u00e9si rendszerek k\u00f6z\u00e9 tartoznak viszont az infrav\u00f6r\u00f6s sug\u00e1rz\u00f3k, amelyek a mennyezet al\u00e1 szerelhet\u0151k. Energiasz\u00e1m\u00e1ra rugalmasak*, meg\u00fajul\u00f3 energi\u00e1kkal, p\u00e9ld\u00e1ul villamos energi\u00e1val vagy hidrog\u00e9nnel, illetve hagyom\u00e1nyosan g\u00e1zzal is m\u0171k\u00f6dtethet\u0151k, \u00e9s elektrom\u00e1gneses hull\u00e1mokkal m\u0171k\u00f6dnek. Amint a hull\u00e1mok szil\u00e1rd testre, p\u00e9ld\u00e1ul emberre vagy a helyis\u00e9g fal\u00e1ra tal\u00e1lnak, az energia h\u0151v\u00e9 alakul. A l\u00e9nyeg: az infrav\u00f6r\u00f6s sug\u00e1rz\u00f3k nem meleg\u00edtik fel a leveg\u0151t! \u00cdgy kiz\u00e1r\u00f3lag a tart\u00f3zkod\u00e1si \u00e9s haszn\u00e1lati ter\u00fcletet f\u0171tik. Ez nagy mennyis\u00e9g\u0171 energi\u00e1t takar\u00edt meg, \u00e9s az infrav\u00f6r\u00f6s sug\u00e1rz\u00f3kat nagyon hat\u00e9konny\u00e1 teszi.<\/p>\n<p>Ugyanakkor a csarnok \u00fczemeltet\u0151i \u00e9lvezik a rugalmass\u00e1got. T\u00f6bb infrav\u00f6r\u00f6s sug\u00e1rz\u00f3val k\u00fcl\u00f6nb\u00f6z\u0151 f\u0171t\u00e9si z\u00f3n\u00e1kra oszthatj\u00e1k a csarnokot - \u00e9s p\u00e9ld\u00e1ul a komissi\u00f3z\u00e1sban dolgoz\u00f3knak t\u00f6bb meleget biztos\u00edthatnak, mint a termel\u00e9sben dolgoz\u00f3 koll\u00e9g\u00e1knak, ahol <a href=\"https:\/\/www.kuebler-hallenheizungen.de\/de\/mit-maschinenabwaerme-bueros-heizen\/\" target=\"_blank\" rel=\"noopener\">A g\u00e9pek m\u00e1r elegend\u0151 alaph\u0151t biztos\u00edtanak<\/a> biztos\u00edtani. Rugalmass\u00e1g, amely n\u00f6veli a munkav\u00e1llal\u00f3k el\u00e9gedetts\u00e9g\u00e9t. Ezek a decentraliz\u00e1lt megold\u00e1sok a csarnok \u00e1talak\u00edt\u00e1sakor a rendszer \u00e1talak\u00edt\u00e1s\u00e1t is megk\u00f6nny\u00edtik a k\u00f6zpontos\u00edtott rendszerhez k\u00e9pest.<\/p>\n<p>A m\u00e1sik el\u0151nye a <a href=\"https:\/\/www.kuebler-hallenheizungen.de\/hu\/az-idealis-belteri-klima-a-munkahelyen-kuebler-csarnok-futesi-rendszerei\/\" target=\"_blank\" rel=\"noopener\">Infrav\u00f6r\u00f6s technol\u00f3gia<\/a>Gyorsan reag\u00e1l. A kezel\u0151k a l\u00e1mp\u00e1hoz hasonl\u00f3an kapcsolj\u00e1k be \u00e9s ki a f\u0171t\u00e9st. Mivel az energia nem a leveg\u0151n kereszt\u00fcl veszi \u00e1t a terel\u00e9st, a h\u0151 gyakorlatilag egy gombnyom\u00e1sra rendelkez\u00e9sre \u00e1ll. Az automatiz\u00e1l\u00e1s kor\u00e1ban pedig m\u00e9g k\u00e9zzel sem kell be- \u00e9s kikapcsolni. Ezt a feladatot az intelligens vez\u00e9rl\u00e9stechnika v\u00e9gzi, amely a f\u0171t\u00e9si teljes\u00edtm\u00e9nyt a v\u00e1ltoz\u00f3 k\u00f6r\u00fclm\u00e9nyekhez igaz\u00edtja. A felhaszn\u00e1l\u00f3k \u00edgy ak\u00e1r 70 sz\u00e1zal\u00e9kkal cs\u00f6kkentik az energiak\u00f6lts\u00e9geket, ami azt jelenti, hogy a f\u0171t\u00e9si rendszerbe val\u00f3 befektet\u00e9s r\u00f6vid id\u0151n bel\u00fcl megt\u00e9r\u00fcl.<\/p>\n<p>* <a href=\"https:\/\/www.kuebler-hallenheizungen.de\/hu\/electro-ir\/\">Fair.AIdH*<\/a>-technol\u00f3gia. Az \u00faj, energiahat\u00e9kony f\u0171t\u00e9si technol\u00f3gia kifejezetten a csarnok\u00e9p\u00fcletek gazdas\u00e1gos dekarboniz\u00e1l\u00e1s\u00e1ra lett kifejlesztve, \u00e9s m\u00e1r sz\u00e1mos d\u00edjat nyert. A r\u00f6vid\u00edt\u00e9s jelent\u00e9se: Energy <strong>F<\/strong>lexibilis, <strong>a<\/strong>dapt\u00edv, <strong>i<\/strong>nfra<strong>r<\/strong>szerk, <strong>AI d<\/strong>szakadt <strong>H<\/strong>minden f\u0171t\u00e9s.<\/p>\n<h2>Szerezzen \u00e1ttekint\u00e9st a csarnok k\u00f6vetelm\u00e9nyeir\u0151l<\/h2>\n<p>Ahhoz, hogy a csarnokf\u0171t\u00e9si rendszerek teljes m\u00e9rt\u00e9kben kiakn\u00e1zhass\u00e1k a benn\u00fck rejl\u0151 lehet\u0151s\u00e9geket, \u00fagy kell \u0151ket az \u00d6n csarnok\u00e1hoz igaz\u00edtani, mint egy testre szabott \u00f6lt\u00f6nyt. Ez a k\u00fcls\u0151 szolg\u00e1ltat\u00f3 \u00e1ltali testreszab\u00e1s azonban csak akkor lesz sikeres, ha \u00d6n el\u0151zetesen pontos k\u00e9pet kap csarnok\u00e9p\u00fclet\u00e9r\u0151l, annak haszn\u00e1lat\u00e1r\u00f3l \u00e9s f\u0171t\u00e9si ig\u00e9nyeir\u0151l. Ford\u00edtson k\u00fcl\u00f6n\u00f6s figyelmet azokra a t\u00e9nyez\u0151kre, amelyek befoly\u00e1solhatj\u00e1k a h\u0151m\u00e9rs\u00e9kletet. Ezek a k\u00e9rd\u00e9sek seg\u00edthetnek \u00d6nnek:<\/p>\n<ul>\n<li>Milyen m\u00e9retekkel rendelkezik a csarnok?<\/li>\n<li>Milyen \u00e1llapotban van az \u00e9p\u00fclet?<\/li>\n<li>Hogyan haszn\u00e1lj\u00e1k a termet?<\/li>\n<li>Vannak-e k\u00fcl\u00f6nb\u00f6z\u0151 ter\u00fcletek \u00e9s haszn\u00e1lati id\u0151k?<\/li>\n<li>Mi a helyzet a kapunyit\u00e1si id\u0151vel?<\/li>\n<li>Hogyan haszn\u00e1lt\u00e1k eddig a f\u0171t\u00e9st - vannak fogyaszt\u00e1si adatok?<\/li>\n<li>Milyen c\u00e9loknak \u00e9s k\u00f6vetelm\u00e9nyeknek kell megfelelnie az \u00faj f\u0171t\u00e9si rendszernek?<\/li>\n<li>Milyen dekarboniz\u00e1ci\u00f3s strat\u00e9gi\u00e1t k\u00f6vetnek?<\/li>\n<\/ul>\n<p>Az ezekre a k\u00e9rd\u00e9sekre adott v\u00e1laszok k\u00e9pezik azt az alapot, amelyre f\u0171t\u00e9si partnere \u00e9p\u00edthet.<\/p>\n<h2>Gondolja \u00e1t a csarnok f\u0171t\u00e9s\u00e9nek k\u00fcl\u00f6nb\u00f6z\u0151 energiaforr\u00e1sait<\/h2>\n<p>Az \u00e9ghajlatv\u00e1ltoz\u00e1s idej\u00e9n a n\u00e9met korm\u00e1ny c\u00e9ljai ambici\u00f3zusak: N\u00e9metorsz\u00e1gnak legk\u00e9s\u0151bb 2045-re kl\u00edmasemlegess\u00e9 kell v\u00e1lnia. A gazdas\u00e1g ennek el\u00e9r\u00e9s\u00e9re t\u00f6rekszik, <a href=\"\/hu\/co2-ado-jelentese-2\/\" target=\"_blank\" rel=\"noopener\">CO\u2082<\/a>-kibocs\u00e1t\u00e1s cs\u00f6kkent\u00e9se. Sok v\u00e1llalat b\u00facs\u00fat int a fosszilis energiahordoz\u00f3knak, \u00e9s helyette meg\u00fajul\u00f3 energi\u00e1kra \u00e9s technol\u00f3gi\u00e1kra, p\u00e9ld\u00e1ul napenergia-hasznos\u00edt\u00e1sra vagy elektromos h\u0151szivatty\u00fakra t\u00e1maszkodik.<\/p>\n<p>Ha azonban \u00fagy d\u00f6nt, hogy ezt az utat v\u00e1lasztja, tiszt\u00e1ban kell lennie azzal, hogy ezzel egy k\u00f6zponti f\u0171t\u00e9si rendszer mellett k\u00f6telezi el mag\u00e1t. Ehhez pedig hidraulikus eloszt\u00f3rendszerre van sz\u00fcks\u00e9ge. R\u00e1ad\u00e1sul egy ilyen rendszer gyakran k\u00e9t-n\u00e9gyszeres beruh\u00e1z\u00e1si k\u00f6lts\u00e9ggel j\u00e1r, \u00e9s viszonylag lassan reag\u00e1l, ami azt jelenti, hogy a h\u0151ell\u00e1t\u00e1s sok esetben nem igaz\u00edthat\u00f3 el\u00e9g gyorsan a dinamikus ig\u00e9nyekhez.<\/p>\n<p>Az infrav\u00f6r\u00f6s sug\u00e1rz\u00f3k energiahat\u00e9konyan m\u0171k\u00f6dnek meg\u00fajul\u00f3 energiaforr\u00e1sokkal, mint p\u00e9ld\u00e1ul az \u00e1ram vagy a hidrog\u00e9n, vagy \u2013 amennyiben ezek m\u00e9g nem \u00e1llnak rendelkez\u00e9sre elegend\u0151 mennyis\u00e9gben \u2013 f\u00f6ldg\u00e1zzal is. Ehhez egy fontos inform\u00e1ci\u00f3: eltekintve att\u00f3l, hogy a g\u00e1z tov\u00e1bbra is \u00e1tmeneti technol\u00f3giak\u00e9nt \u00e9s az \u00fczembiztons\u00e1g szempontj\u00e1b\u00f3l sz\u00fcks\u00e9ges, \u00e9s m\u00e1s fosszilis energiahordoz\u00f3khoz k\u00e9pest a legkevesebb CO\u2082-t kibocs\u00e1t\u00f3 klasszikus t\u00fczel\u0151anyag, mivel az \u00f6sszes k\u00f6z\u00fcl a legalacsonyabb primer energiafaktorral rendelkezik, a g\u00e1z a meg\u00fajul\u00f3 forr\u00e1sokb\u00f3l el\u0151\u00e1ll\u00edtott hidrog\u00e9n (Power-to-Gas technol\u00f3gia) egyre k\u00f6rnyezetbar\u00e1tabb\u00e1 v\u00e1lik, \u00e9s k\u00fcl\u00f6n\u00f6sen a kiv\u00e1l\u00f3an ki\u00e9p\u00edtett n\u00e9met g\u00e1zh\u00e1l\u00f3zattal \u00f6sszekapcsolva a j\u00f6v\u0151ben is fontos energiaforr\u00e1snak sz\u00e1m\u00edt.<\/p>\n<p>Most tal\u00e1n azt k\u00e9rdezi mag\u00e1t\u00f3l: a \u00e9p\u00fcletenergetikai t\u00f6rv\u00e9ny (GEG) 2024 \u00f3ta el\u0151\u00edrja, hogy a j\u00f6v\u0151ben csak meg\u00fajul\u00f3 energi\u00e1kkal szabad f\u0171teni. Akkor az infrav\u00f6r\u00f6s sug\u00e1rz\u00f3 nem tilos? Nem! A GEG szerint n\u00e9gy m\u00e9ter feletti csarnokmagass\u00e1g eset\u00e9n m\u00e1r nem k\u00f6teles meg\u00fajul\u00f3 energiaforr\u00e1sokat haszn\u00e1lni, ha r\u00e9gi csarnokait energetikailag fel\u00faj\u00edtani szeretn\u00e9. M\u00edg a k\u00f6zponti f\u0171t\u00e9si rendszereknek meg\u00fajul\u00f3 energi\u00e1t kell haszn\u00e1lniuk a GEG el\u0151\u00edr\u00e1sainak teljes\u00edt\u00e9se \u00e9rdek\u00e9ben, ezek a leghat\u00e9konyabb infrav\u00f6r\u00f6s csarnokf\u0171t\u00e9si technol\u00f3gi\u00e1val f\u00f6ldg\u00e1zzal is megval\u00f3s\u00edthat\u00f3k. \u00cdgy nem kell agg\u00f3dnia a szab\u00e1lyoknak val\u00f3 megfelel\u00e9s miatt.<\/p>\n<h2>N\u00e9zze meg alaposan a csarnokf\u0171t\u00e9si rendszerek sz\u00e1ll\u00edt\u00f3it<\/h2>\n<p><strong>\u00a0<\/strong>Annak \u00e9rdek\u00e9ben, hogy hat\u00e9kony \u00e9s j\u00f6v\u0151biztos csarnokf\u0171t\u00e9si rendszert tal\u00e1ljon, el\u0151zetesen ellen\u0151riznie kell a szolg\u00e1ltat\u00f3k szak\u00e9rtelm\u00e9t. A k\u00f6vetkez\u0151 k\u00e9rd\u00e9sek \u00fatmutat\u00f3k\u00e9nt szolg\u00e1lhatnak:<\/p>\n<ul>\n<li>Milyen referenci\u00e1kkal rendelkezik a szolg\u00e1ltat\u00f3?<\/li>\n<li>Van-e orsz\u00e1gos szolg\u00e1ltat\u00e1s (ha t\u00f6bb telephelye van vagy szeretne l\u00e9trehozni)?<\/li>\n<li>Biztos lehet abban, hogy 15 \u00e9v m\u00falva is kap majd p\u00f3talkatr\u00e9szeket \u00e9s szervizel\u00e9st?<\/li>\n<li>Van-e a szolg\u00e1ltat\u00f3nak olyan fejleszt\u00e9si r\u00e9szlege, amely innovat\u00edv \u00e9s a modern szabv\u00e1nyoknak megfelel\u0151 term\u00e9keket fejleszt?<\/li>\n<li>Hozz\u00e1\u00e9rt\u0151nek t\u0171nnek az alkalmazottak?<\/li>\n<li>Rugalmas a rendszer? K\u00f6nnyen hozz\u00e1 lehet-e igaz\u00edtani a jogszab\u00e1lyi v\u00e1ltoz\u00e1sokhoz \u00e9s az \u00e1talak\u00edt\u00e1sokhoz?<\/li>\n<\/ul>\n<p>C\u00e9lszer\u0171 tov\u00e1bb\u00e1 nem csak a csarnokf\u0171t\u00e9si rendszer \u00e1r\u00e1ra, hanem a teljes \u00fczemeltet\u00e9si k\u00f6lts\u00e9gre (TCO) is \u00f6sszpontos\u00edtani, azaz a teljes \u00e9letciklusra vonatkoz\u00f3 \u00fczemeltet\u00e9si k\u00f6lts\u00e9gekre. Csak ennek az \u00e9rt\u00e9knek az ismeret\u00e9ben lehet kisz\u00e1m\u00edtani, hogy meg\u00e9ri-e a beruh\u00e1z\u00e1s.<\/p>","protected":false},"excerpt":{"rendered":"<p>Szeretn\u00e9 a legt\u00f6bbet kihozni \u00faj csarnokf\u0171t\u00e9si rendszer\u00e9b\u0151l, energiak\u00f6lts\u00e9geket megtakar\u00edtani \u00e9s felk\u00e9sz\u00fclni a j\u00f6v\u0151 k\u00f6rnyezetv\u00e9delmi t\u00f6rv\u00e9nyeire? Akkor c\u00e9lszer\u0171 figyelembe venni n\u00e9h\u00e1ny tippet v\u00e1s\u00e1rl\u00e1s el\u0151tt. Ebben a cikkben megtudhatja, melyek azok.<\/p>","protected":false},"author":15,"featured_media":31104,"comment_status":"open","ping_status":"open","sticky":false,"template":"","format":"standard","meta":{"_acf_changed":false,"_seopress_robots_primary_cat":"none","_seopress_titles_title":"So finden Sie die optimale Hallenheizung f\u00fcr Ihren Betrieb","_seopress_titles_desc":"Sie wollen das Optimum aus Ihrer neuen Hallenheizung herausholen, Energiekosten sparen und f\u00fcr Umweltgesetze der Zukunft ger\u00fcstet sein?","_seopress_robots_index":"","footnotes":""},"categories":[1],"tags":[407,137,376],"class_list":["post-18693","post","type-post","status-publish","format-standard","has-post-thumbnail","hentry","category-allgemein","tag-halle","tag-hallenheizung","tag-heizen-in-hallen"],"acf":[],"_links":{"self":[{"href":"https:\/\/www.kuebler-hallenheizungen.de\/hu\/wp-json\/wp\/v2\/posts\/18693","targetHints":{"allow":["GET"]}}],"collection":[{"href":"https:\/\/www.kuebler-hallenheizungen.de\/hu\/wp-json\/wp\/v2\/posts"}],"about":[{"href":"https:\/\/www.kuebler-hallenheizungen.de\/hu\/wp-json\/wp\/v2\/types\/post"}],"author":[{"embeddable":true,"href":"https:\/\/www.kuebler-hallenheizungen.de\/hu\/wp-json\/wp\/v2\/users\/15"}],"replies":[{"embeddable":true,"href":"https:\/\/www.kuebler-hallenheizungen.de\/hu\/wp-json\/wp\/v2\/comments?post=18693"}],"version-history":[{"count":0,"href":"https:\/\/www.kuebler-hallenheizungen.de\/hu\/wp-json\/wp\/v2\/posts\/18693\/revisions"}],"wp:featuredmedia":[{"embeddable":true,"href":"https:\/\/www.kuebler-hallenheizungen.de\/hu\/wp-json\/wp\/v2\/media\/31104"}],"wp:attachment":[{"href":"https:\/\/www.kuebler-hallenheizungen.de\/hu\/wp-json\/wp\/v2\/media?parent=18693"}],"wp:term":[{"taxonomy":"category","embeddable":true,"href":"https:\/\/www.kuebler-hallenheizungen.de\/hu\/wp-json\/wp\/v2\/categories?post=18693"},{"taxonomy":"post_tag","embeddable":true,"href":"https:\/\/www.kuebler-hallenheizungen.de\/hu\/wp-json\/wp\/v2\/tags?post=18693"}],"curies":[{"name":"wp","href":"https:\/\/api.w.org\/{rel}","templated":true}]}}