{"id":18697,"date":"2023-01-05T07:00:15","date_gmt":"2023-01-05T06:00:15","guid":{"rendered":"https:\/\/kuebler.werbe-sofa.de\/richtige-hallenbeheizung\/"},"modified":"2025-10-15T15:57:32","modified_gmt":"2025-10-15T13:57:32","slug":"megfelelo-csarnokfutes","status":"publish","type":"post","link":"https:\/\/www.kuebler-hallenheizungen.de\/hu\/richtige-hallenbeheizung\/","title":{"rendered":"Hogyan takar\u00edtson meg sok energi\u00e1t a megfelel\u0151 csarnokf\u0171t\u00e9si rendszerrel?"},"content":{"rendered":"<div>Az energetikai \u00e1t\u00e1ll\u00e1s kih\u00edv\u00e1st jelent a v\u00e1llalatok sz\u00e1m\u00e1ra. Az orsz\u00e1gnak 2045-re kl\u00edmasemlegess\u00e9 kell v\u00e1lnia. A j\u00f6v\u0151ben a v\u00e1llalatoknak kiz\u00e1r\u00f3lag meg\u00fajul\u00f3 energi\u00e1kb\u00f3l kell majd villamos energi\u00e1t \u00e9s h\u0151t termelni\u00fck. Ez jelenleg elk\u00e9pzelhetetlen. A Sz\u00f6vets\u00e9gi Gazdas\u00e1gi \u00e9s Energia\u00fcgyi Miniszt\u00e9rium szerint a fosszilis t\u00fczel\u0151anyagok, p\u00e9ld\u00e1ul a g\u00e1z \u00e9s az olaj el\u00e9get\u00e9se a f\u0171t\u00e9si sz\u00fcks\u00e9gletek t\u00f6bb mint 80 sz\u00e1zal\u00e9k\u00e1t fedezi. Az \u00e1talakul\u00e1s felgyors\u00edt\u00e1sa \u00e9rdek\u00e9ben a n\u00e9met korm\u00e1ny fokozza a nyom\u00e1st.<\/div>\n<div><\/div>\n<div>A<a href=\"https:\/\/www.kuebler-hallenheizungen.de\/de\/co2-steuer-bedeutung\/\"> CO\u2082-ad\u00f3k<\/a> A fosszilis energiahordoz\u00f3kra, mint a f\u0171t\u0151olaj, a f\u00f6ldg\u00e1z \u00e9s t\u00e1rsai, a sz\u00e9n-dioxid-kibocs\u00e1t\u00e1si jogok \u00e1ra fokozatosan emelkedik, 45 eur\u00f3r\u00f3l tonn\u00e1nk\u00e9nt 2024-ben 65 eur\u00f3ra 2026-ban. 2027-t\u0151l az eur\u00f3pai sz\u00e9n-dioxid-kibocs\u00e1t\u00e1si jogok kereskedelme kiterjed a f\u0171t\u00e9si szektorra is. A CO\u2082-ad\u00f3 akkor m\u00e1r nem egy meghat\u00e1rozott \u00e1rat jelent, hanem szabadon alakul az eur\u00f3pai piacon. A CO\u2082-\u00e1r, \u00e9s ezzel egy\u00fctt a f\u0171t\u0151olaj \u00e9s a f\u00f6ldg\u00e1z \u00e1ra v\u00e1rhat\u00f3an folyamatosan emelkedni fog, mivel az \u00e9vente rendelkez\u00e9sre \u00e1ll\u00f3 kibocs\u00e1t\u00e1si jogok sz\u00e1ma fokozatosan cs\u00f6kken. A legt\u00f6bb energiav\u00e1llalat ezeket a k\u00f6lts\u00e9geket \u00e1th\u00e1r\u00edtja az \u00fcgyfeleire. Ez\u00e9rt felt\u00e9telezhet\u0151, hogy a f\u0171t\u00e9s egyre dr\u00e1g\u00e1bb\u00e1 v\u00e1lik \u2013 k\u00fcl\u00f6n\u00f6sen a nagy alapter\u00fclet\u0171 ipari csarnokok f\u0171t\u00e9se v\u00e1lhat k\u00f6lts\u00e9gcsapd\u00e1v\u00e1. Ez\u00e9rt fontos, hogy az energiaforr\u00e1sokat takar\u00e9kosabban haszn\u00e1ljuk, \u00e9s a megfelel\u0151 csarnokf\u0171t\u00e9ssel ellens\u00falyozzuk a n\u00f6vekv\u0151 k\u00f6lts\u00e9geket. Hogyan lehet ezt a GEG-nek megfelel\u0151en megval\u00f3s\u00edtani? P\u00e9ld\u00e1ul modern infrav\u00f6r\u00f6s f\u0171t\u00e9ssel.<\/div>\n<div><\/div>\n<div>Ahhoz, hogy meg\u00e9rts\u00fck, mi\u00e9rt az infrav\u00f6r\u00f6s f\u0171t\u0151testek a legjobb m\u00f3dja a p\u00e9nzmegtakar\u00edt\u00e1snak, el\u0151sz\u00f6r is meg kell vizsg\u00e1lnunk a hagyom\u00e1nyos f\u0171t\u0151testeket. B\u00e1r technol\u00f3giailag k\u00fcl\u00f6nb\u00f6znek egym\u00e1st\u00f3l, egy dolog \u00e1ltal\u00e1ban k\u00f6z\u00f6s benn\u00fck: leveg\u0151t meleg\u00edtenek. A forr\u00f3 leveg\u0151 pedig felemelkedik. A nagy belmagass\u00e1g\u00fa csarnokokban \u00e1ltal\u00e1ban olyan magass\u00e1gban gy\u0171lik \u00f6ssze, ahol senkinek sincs r\u00e1 sz\u00fcks\u00e9ge. Az \u00fczemeltet\u0151knek ez\u00e9rt sz\u00fcks\u00e9gtelen\u00fcl sok energi\u00e1t kell felhaszn\u00e1lniuk a csarnok padl\u00f3ja f\u00f6l\u00f6tt viszonylag kis, k\u00f6r\u00fclbel\u00fcl k\u00e9t m\u00e9teres hasznos ter\u00fclet f\u0171t\u00e9s\u00e9re - \u00e9s gyakran energiaig\u00e9nyes l\u00e9geloszt\u00f3 rendszereket kell alkalmazniuk a meleg leveg\u0151 \u00e1raml\u00e1s\u00e1nak lefel\u00e9 ir\u00e1ny\u00edt\u00e1s\u00e1ra. Par excellence p\u00e9nzkidob\u00e1s.<\/div>\n<h2><strong>Ak\u00e1r 70 sz\u00e1zal\u00e9kos energiak\u00f6lts\u00e9g-megtakar\u00edt\u00e1s az infrav\u00f6r\u00f6s f\u0171t\u0151testekkel<\/strong><\/h2>\n<div>\u00c9s az infrav\u00f6r\u00f6s f\u0171t\u0151testek? Ezek \u00f6nmagukban nem meleg\u00edtik a leveg\u0151t. Ehelyett a k\u00e9sz\u00fcl\u00e9kek elektrom\u00e1gneses hull\u00e1mokat gener\u00e1lnak, amelyek h\u0151v\u00e9 alakulnak \u00e1t, amint szil\u00e1rd t\u00e1rgyakat - p\u00e9ld\u00e1ul a padl\u00f3t, az embereket \u00e9s a g\u00e9peket - \u00e9rnek. Ez lehet\u0151v\u00e9 teszi a felhaszn\u00e1l\u00e1si ter\u00fclet c\u00e9lzott felmeleg\u00edt\u00e9s\u00e9t, mik\u00f6zben a f\u00f6l\u00f6tte l\u00e9v\u0151 hatalmas l\u00e9gt\u00f6megek \u00e9rintetlenek maradnak. A k\u00e9sz\u00fcl\u00e9kek r\u00e1ad\u00e1sul sokkal gyorsabban reag\u00e1lnak, mint a hagyom\u00e1nyos csarnokf\u0171t\u00e9s, mivel a h\u0151 nem a viszonylag inert v\u00edzen \u00e9s a leveg\u0151n kereszt\u00fcl veszi az elterel\u0151 utakat.<\/div>\n<div><\/div>\n<div>Amikor a kezel\u0151 bekapcsolja az infrav\u00f6r\u00f6s f\u0171t\u0151berendez\u00e9st, a h\u0151 szinte azonnal rendelkez\u00e9sre \u00e1ll. A kikapcsol\u00e1s ugyanilyen gyors. Ha intelligens vez\u00e9rl\u0151rendszerekkel eg\u00e9sz\u00edtj\u00fck ki a rendszert, a f\u0171t\u0151berendez\u00e9sek t\u00f6k\u00e9letesen alkalmazkodnak a mindennapi \u00e9let v\u00e1ltoz\u00f3 h\u0151ig\u00e9nyeihez. Energiapazarl\u00e1s n\u00e9lk\u00fcl. R\u00e1ad\u00e1sul a j\u00e1rul\u00e9kos energiak\u00f6lts\u00e9gek is alacsonyak, mivel a csarnokf\u0171t\u00e9s decentraliz\u00e1lt k\u00e9sz\u00fcl\u00e9kei csak a gy\u00fajt\u00e1shoz, a vez\u00e9rl\u00e9shez \u00e9s a kipufog\u00f3g\u00e1zok elt\u00e1vol\u00edt\u00e1s\u00e1hoz ig\u00e9nyelnek villamos energi\u00e1t - a h\u0151eloszt\u00e1shoz nincs sz\u00fcks\u00e9g energi\u00e1ra!<\/div>\n<div><\/div>\n<div>Az energiamegtakar\u00edt\u00e1s leny\u0171g\u00f6z\u0151: ak\u00e1r 70 sz\u00e1zal\u00e9kos is lehet. Ez a megtakar\u00edt\u00e1s \u00e9vekig kompenz\u00e1lja a fosszilis t\u00fczel\u0151anyagok emelked\u0151 \u00e1rait. Emellett a dolgoz\u00f3k el\u00e9gedetts\u00e9ge is n\u0151. Mi\u00e9rt? K\u00fcl\u00f6n\u00f6sen kellemesnek tal\u00e1lj\u00e1k a meleget, mert az megfelel a nap term\u00e9szetes f\u0171t\u00e9si elv\u00e9nek - b\u00facs\u00fa a sz\u00e1raz f\u0171t\u0151leveg\u0151t\u0151l, a kavarg\u00f3 port\u00f3l \u00e9s a huzatt\u00f3l. Ez cs\u00f6kkenti a betegs\u00e9ggel kapcsolatos hi\u00e1nyz\u00e1sokat \u00e9s n\u00f6veli a termel\u00e9kenys\u00e9get.<\/div>\n<h2>P<strong>Pont, szett \u00e9s gy\u0151zelem \u2013 hogyan cs\u00f6kkenti a f\u0171t\u00e9si k\u00f6lts\u00e9geket egy teniszklub, \u00e9s takar\u00edt meg \u00e9vente 35 000 liter f\u0171t\u0151olajat<\/strong><\/h2>\n<div>A Gr\u00fcn-Weiss Mannheim az egyik legnagyobb badeni teniszklub. A hagyom\u00e1nyos klub k\u00e9t 6,8 m\u00e9teres belmagass\u00e1g\u00fa \u00e9s 1400 n\u00e9gyzetm\u00e9ter alapter\u00fclet\u0171 csarnokot \u00fczemeltet. A m\u00faltban a klub olajjal f\u0171t\u00f6tte a csarnokokat, hogy a teniszez\u0151knek elegend\u0151 meleget tudjon biztos\u00edtani. \u00c9s \u00e9vente ak\u00e1r 35 000 litert is elfogyasztott. P\u00e9nzt, amelyet a klub ink\u00e1bb olyan fontos dolgokba fektetne, mint p\u00e9ld\u00e1ul az ifj\u00fas\u00e1gi munka.<\/div>\n<div><\/div>\n<div>Az illet\u00e9kesek ez\u00e9rt \u00fagy d\u00f6nt\u00f6ttek, hogy kicser\u00e9lik az olajf\u0171t\u00e9si rendszert. Helyette infrav\u00f6r\u00f6s f\u0171t\u0151testeket szereltek be. A p\u00e1lya \u00e9s a j\u00e1t\u00e9kosok mostant\u00f3l c\u00e9lzottan melegedhetnek. A f\u0171t\u00e9si h\u0151m\u00e9rs\u00e9kletet \u00e9s a kapcsol\u00e1si id\u0151ket a csarnok el\u0151ter\u00e9ben l\u00e9v\u0151 LCD-kijelz\u0151n kereszt\u00fcl szab\u00e1lyozz\u00e1k - p\u00e1ly\u00e1nk\u00e9nt k\u00fcl\u00f6n-k\u00fcl\u00f6n.<\/div>\n<div><\/div>\n<div>A klub m\u00e9g t\u00f6bb energi\u00e1t takar\u00edt meg azzal, hogy a f\u0171t\u00e9si rendszerekb\u0151l sz\u00e1rmaz\u00f3 hullad\u00e9kh\u0151t kondenz\u00e1ci\u00f3s kaz\u00e1ntechnol\u00f3gi\u00e1val hasznos\u00edtja a v\u00edzmeleg\u00edt\u00e9shez. \u00d6sszess\u00e9g\u00e9ben az energiatakar\u00e9kos csarnokf\u0171t\u00e9s, az intelligens vez\u00e9rl\u00e9s \u00e9s a marad\u00e9kh\u0151-hasznos\u00edt\u00e1s 47 sz\u00e1zal\u00e9kos megtakar\u00edt\u00e1st eredm\u00e9nyez. P\u00e9nzt, amely most az ifj\u00fas\u00e1gi munk\u00e1t szolg\u00e1lja. Pont, k\u00e9sz, gyufa a Gr\u00fcn-Weiss Mannheim sz\u00e1m\u00e1ra.<\/div>\n<h2><strong>A g\u00e9pipari v\u00e1llalat 71 600 eur\u00f3r\u00f3l 25 000 eur\u00f3ra cs\u00f6kkenti a f\u0171t\u00e9si k\u00f6lts\u00e9geket<\/strong><\/h2>\n<p>A m\u00f6nchengladbachi Reiners + F\u00fcrst textilipari g\u00e9pgy\u00e1rt\u00f3 v\u00e1llalatnak is szembe kellett n\u00e9znie a f\u0171t\u00e9si k\u00f6lts\u00e9gek cs\u00f6kkent\u00e9s\u00e9nek kih\u00edv\u00e1s\u00e1val. A r\u00e9gi f\u0171t\u00e9si rendszer: k\u00e9t, egyenk\u00e9nt 465 kW teljes\u00edtm\u00e9ny\u0171 olajt\u00fczel\u00e9s\u0171 rendszer, amelyek az 1980-as \u00e9vek \u00f3ta l\u00e9gf\u0171t\u00e9ssel f\u0171t\u00f6tt\u00e9k az \u00f6sszes \u00e9p\u00fcletet - a 6300 n\u00e9gyzetm\u00e9ter alapter\u00fclet\u0171 \u00f6t gy\u00e1rt\u00f3- \u00e9s rakt\u00e1rcsarnokot, valamint az 1200 n\u00e9gyzetm\u00e9teres adminisztr\u00e1ci\u00f3s \u00e9p\u00fcletet. A f\u0171t\u00e9si rendszer szomjas volt, \u00e9s \u00e9vente 103 000 liter f\u0171t\u0151olajat fogyasztott. A t\u00e9li h\u00f3napokban naponta ak\u00e1r 1000 liter olajat is. Ez a helyzet a fosszilis alap\u00fa csarnokf\u0171t\u00e9s n\u00f6vekv\u0151 \u00e1rai idej\u00e9n m\u00e1r nem volt elfogadhat\u00f3.<\/p>\n<div>\u00cdgy a Reiners + F\u00fcrst \u00fagy d\u00f6nt\u00f6tt, hogy kidobja a r\u00e9gi olajf\u0171t\u00e9si rendszert. Az alternat\u00edva: a K\u00dcBLER H.Y.B.R.I.D. infrav\u00f6r\u00f6s f\u0171t\u00e9si rendszer. A nagy hat\u00e9konys\u00e1g\u00fa infrav\u00f6r\u00f6s f\u0171t\u0151testek, kieg\u00e9sz\u00edtve a hagyom\u00e1nyos k\u00e9sz\u00fcl\u00e9kekkel, az\u00f3ta is ell\u00e1tj\u00e1k a f\u0171t\u00e9si feladatokat. Az infrav\u00f6r\u00f6s f\u0171t\u0151berendez\u00e9sek itt is csak azokat a ter\u00fcleteket f\u0171tik, ahol a csarnok haszn\u00e1lati profilj\u00e1nak megfelel\u0151en sz\u00fcks\u00e9g van a h\u0151re.<\/div>\n<div><\/div>\n<div>Az intelligens vez\u00e9rl\u0151rendszer gondoskodik a mindennapi \u00e9lethez val\u00f3 alkalmazkod\u00e1sr\u00f3l. \u00d6n\u00e1ll\u00f3an hat\u00e1rozza meg az optim\u00e1lis be- \u00e9s kikapcsol\u00e1si id\u0151pontokat, \u00e9s a f\u0171t\u00e9st a maxim\u00e1lis hat\u00e9konys\u00e1gi szintre \u00e1ll\u00edtja \u2013 a m\u0171szakos \u00fczemeltet\u00e9s, valamint a h\u00e9tv\u00e9gi \u00e9s \u00fcnnepi id\u0151szakok f\u00fcggv\u00e9ny\u00e9ben. A Gr\u00fcn Weiss Mannheim teniszklubhoz hasonl\u00f3an itt sem v\u00e9sz k\u00e1rba az infrav\u00f6r\u00f6s f\u0171t\u00e9sek hullad\u00e9kh\u0151je. Csak itt m\u00e9g egy l\u00e9p\u00e9ssel tov\u00e1bb mentek, \u00e9s a csarnokok energia\u00e1raml\u00e1s\u00e1t hibrid rendszerben egyes\u00edtett\u00e9k. Nem csak a f\u0171t\u0151berendez\u00e9sek hullad\u00e9kh\u0151j\u00e9t haszn\u00e1lj\u00e1k fel, hanem p\u00e9ld\u00e1ul a kemenc\u00e9k \u00e9s kompresszorok\u00e9t is. Az O.P.U.S. X h\u0151visszanyer\u0151 rendszernek k\u00f6sz\u00f6nhet\u0151en ez fedezi az 1200 m\u00b2-es ter\u00fclet h\u0151ig\u00e9ny\u00e9t.<sup>2<\/sup> nagy irodater\u00fcletet foglal el.<\/div>\n<div><\/div>\n<div>A Reiners + F\u00fcrst sz\u00e1m\u00e1ra gyorsan megt\u00e9r\u00fclt a r\u00e9gi olajf\u0171t\u00e9si rendszernek val\u00f3 b\u00facs\u00fa. A tervez\u00e9si f\u00e1zisban a v\u00e1llalat val\u00f3j\u00e1ban 40 sz\u00e1zal\u00e9kos energiak\u00f6lts\u00e9g-cs\u00f6kken\u00e9ssel sz\u00e1molt. V\u00e9g\u00fcl a v\u00e9geredm\u00e9ny 65 sz\u00e1zal\u00e9kos volt. A f\u0171t\u00e9si k\u00f6lts\u00e9gek 71 500 eur\u00f3r\u00f3l 25 000 eur\u00f3ra cs\u00f6kkentek.<\/div>","protected":false},"excerpt":{"rendered":"<p>A fosszilis t\u00fczel\u0151anyagok \u00e1ra emelkedik. A megemelt CO\u2082-ad\u00f3 miatt is. A csarnok\u00fczemeltet\u0151k sz\u00e1m\u00e1ra egyre fontosabb\u00e1 v\u00e1lik a h\u0151 energiatakar\u00e9kos m\u00f3don t\u00f6rt\u00e9n\u0151 h\u0151termel\u00e9s. Tudja meg, hogyan seg\u00edthet a megfelel\u0151 csarnokf\u0171t\u00e9si rendszer a n\u00f6vekv\u0151 k\u00f6lts\u00e9gek elvisel\u00e9s\u00e9ben.<\/p>","protected":false},"author":15,"featured_media":17945,"comment_status":"open","ping_status":"open","sticky":false,"template":"","format":"standard","meta":{"_acf_changed":false,"_seopress_robots_primary_cat":"none","_seopress_titles_title":"Heizkosten senken in Ihrem Betrieb l K\u00dcBLER GmbH","_seopress_titles_desc":"Wie Sie enorme Heizkosten in Ihren Industriehallen senken k\u00f6nnen  \u2713 wie K\u00dcBLER Sie dabei unterst\u00fctzt \u2713 erfolgreiche Praxisbeispiele  \u27a4 Jetzt lesen!","_seopress_robots_index":"","footnotes":""},"categories":[1],"tags":[140,208,412,401,413],"class_list":["post-18697","post","type-post","status-publish","format-standard","has-post-thumbnail","hentry","category-allgemein","tag-energiekosten","tag-heizkosten","tag-infrarotheizung","tag-infrarotstrahler","tag-waermerueckgewinnungssystem"],"acf":[],"_links":{"self":[{"href":"https:\/\/www.kuebler-hallenheizungen.de\/hu\/wp-json\/wp\/v2\/posts\/18697","targetHints":{"allow":["GET"]}}],"collection":[{"href":"https:\/\/www.kuebler-hallenheizungen.de\/hu\/wp-json\/wp\/v2\/posts"}],"about":[{"href":"https:\/\/www.kuebler-hallenheizungen.de\/hu\/wp-json\/wp\/v2\/types\/post"}],"author":[{"embeddable":true,"href":"https:\/\/www.kuebler-hallenheizungen.de\/hu\/wp-json\/wp\/v2\/users\/15"}],"replies":[{"embeddable":true,"href":"https:\/\/www.kuebler-hallenheizungen.de\/hu\/wp-json\/wp\/v2\/comments?post=18697"}],"version-history":[{"count":0,"href":"https:\/\/www.kuebler-hallenheizungen.de\/hu\/wp-json\/wp\/v2\/posts\/18697\/revisions"}],"wp:featuredmedia":[{"embeddable":true,"href":"https:\/\/www.kuebler-hallenheizungen.de\/hu\/wp-json\/wp\/v2\/media\/17945"}],"wp:attachment":[{"href":"https:\/\/www.kuebler-hallenheizungen.de\/hu\/wp-json\/wp\/v2\/media?parent=18697"}],"wp:term":[{"taxonomy":"category","embeddable":true,"href":"https:\/\/www.kuebler-hallenheizungen.de\/hu\/wp-json\/wp\/v2\/categories?post=18697"},{"taxonomy":"post_tag","embeddable":true,"href":"https:\/\/www.kuebler-hallenheizungen.de\/hu\/wp-json\/wp\/v2\/tags?post=18697"}],"curies":[{"name":"wp","href":"https:\/\/api.w.org\/{rel}","templated":true}]}}