{"id":18699,"date":"2021-09-15T07:00:18","date_gmt":"2021-09-15T05:00:18","guid":{"rendered":"https:\/\/kuebler.werbe-sofa.de\/heizungsplanung-im-hallenneubau\/"},"modified":"2025-10-15T16:36:20","modified_gmt":"2025-10-15T14:36:20","slug":"futesi-tervezes-uj-csarnokok-epitesenel","status":"publish","type":"post","link":"https:\/\/www.kuebler-hallenheizungen.de\/hu\/heizungsplanung-im-hallenneubau\/","title":{"rendered":"Hat hiba, amit el kell ker\u00fclni az \u00faj csarnokok f\u0171t\u00e9si rendszereinek tervez\u00e9sekor"},"content":{"rendered":"<p>A csarnokf\u0171t\u00e9s minden eddigin\u00e9l jobban befoly\u00e1solja a v\u00e1llalatok j\u00f6vedelmez\u0151s\u00e9g\u00e9t \u00e9s cselekv\u00e9si szabads\u00e1g\u00e1t. Hogy mi\u00e9rt? Mert az energia\u00e1rak emelkednek \u00e9s a k\u00f6rnyezetv\u00e9delmi el\u0151\u00edr\u00e1sok egyre szigor\u00fabbak. De melyik f\u0171t\u00e9si megold\u00e1s a leghat\u00e9konyabb \u00e9s legj\u00f6v\u0151\u00e1ll\u00f3bb? A v\u00e1llalatoknak nincs sok lehet\u0151s\u00e9g\u00fck a k\u00eds\u00e9rletez\u00e9sre. A f\u0171t\u00e9si rendszerek a beszerel\u00e9st k\u00f6vet\u0151en \u00e1ltal\u00e1ban ak\u00e1r 20 \u00e9vig is \u00fczemben maradnak. Ez m\u00e9g fontosabb\u00e1 teszi, hogy a beruh\u00e1z\u00e1s el\u0151tt sok id\u0151t fektessenek a f\u0171t\u00e9s tervez\u00e9s\u00e9be. Egy olyan f\u00e1zis, amelyben el kell ker\u00fclni a k\u00f6vetkez\u0151 hib\u00e1kat.<\/p>\n<h2>1. hiba: Az \u00faj csarnokok \u00e9p\u00edt\u00e9s\u00e9re vonatkoz\u00f3 t\u00f6rv\u00e9nyek csak fel\u00fcletesen tanulm\u00e1nyozz\u00e1k a vonatkoz\u00f3 jogszab\u00e1lyokat.<\/h2>\n<p>A jogszab\u00e1lyok \u00e1ltal\u00e1ban \u00f6sszetettek. A fel\u00fcletes tanulm\u00e1nyoz\u00e1s itt buktat\u00f3v\u00e1 v\u00e1lhat. Ez vonatkozik az \u00faj \u00e9p\u00fcletenergetikai t\u00f6rv\u00e9nyre (GEG) is, amely 2020 november\u00e9t\u0151l hat\u00e1lyos. B\u00e1r egyszer\u0171s\u00edti \u00e9s \u00f6sszefoglalja a kor\u00e1bbi jogszab\u00e1lyokat - nevezetesen <a href=\"https:\/\/www.effizienzhaus-online.de\/energieeinspargesetz\/\">az energiatakar\u00e9koss\u00e1gi t\u00f6rv\u00e9ny (EnEG)<\/a>, <a href=\"https:\/\/www.verbraucherzentrale.de\/wissen\/energie\/energetische-sanierung\/geg-was-steht-im-neuen-gebaeudeenergiegesetz-13886\" target=\"_blank\" rel=\"noopener\">az energiatakar\u00e9koss\u00e1gi rendelet (EnEV)<\/a> \u00e9s <a href=\"https:\/\/www.erneuerbare-energien.de\/EE\/Navigation\/DE\/Recht-Politik\/Das_EEWaermeG\/das_eewaermeg.html#:~:text=Das%20Gesetz%20zur%20F%C3%B6rderung%20Erneuerbarer,F%C3%B6rdersystem%20f%C3%BCr%20erneuerbare%20Energien%20dar.&amp;text=So%20muss%20ein%20bestimmter%20Mindestanteil,mit%20erneuerbaren%20Energien%20erzeugt%20werden.\" target=\"_blank\" rel=\"noopener\">a meg\u00fajul\u00f3 energi\u00e1kr\u00f3l sz\u00f3l\u00f3 t\u00f6rv\u00e9ny (EEW\u00e4rmeG)<\/a> - gyakran \u00f6sszezavarja a v\u00e1llalatokat. Sok vezet\u0151 p\u00e9ld\u00e1ul azt felt\u00e9telezi, hogy csak \u00faj csarnokok \u00e9p\u00edt\u00e9s\u00e9n\u00e9l haszn\u00e1lhatnak meg\u00fajul\u00f3 energi\u00e1t. Ez egy t\u00e9vhit, amely korl\u00e1tozza a technol\u00f3giav\u00e1laszt\u00e1st. \u00c9s gyakran vezet olyan kompromisszumokhoz, amelyek bizony\u00edthat\u00f3an t\u00fal dr\u00e1g\u00e1k - mind a beszerz\u00e9s, mind az \u00fczemeltet\u00e9s szempontj\u00e1b\u00f3l. K\u00f6zelebbr\u0151l megvizsg\u00e1lva ez der\u00fcl ki: A csarnokok \u00fczemeltet\u0151inek nem kell meg\u00fajul\u00f3 energi\u00e1t haszn\u00e1lniuk a n\u00e9gy m\u00e9tern\u00e9l magasabb belmagass\u00e1g\u00fa, decentraliz\u00e1ltan f\u0171t\u00f6tt z\u00f3n\u00e1k eset\u00e9ben. Haszn\u00e1lhatnak g\u00e1z\u00fczem\u0171 infrav\u00f6r\u00f6s f\u0171t\u0151berendez\u00e9seket is, felt\u00e9ve, hogy azok hat\u00e9konys\u00e1ga \u00e9s energiahat\u00e9konys\u00e1ga el\u00e9g magas.<\/p>\n<h2>2. hiba: A csarnokot irodah\u00e1zk\u00e9nt kezelni<\/h2>\n<p>Az irod\u00e1k \u00e1ltal\u00e1ban j\u00f3l szigetelt, alacsony mennyezet\u0171 helyis\u00e9gek. T\u00e9rfogatuk szinte azonos a hasznos z\u00f3n\u00e1val. Ez\u00e9rt nem jelent energiapazarl\u00e1st az eg\u00e9sz helyis\u00e9g f\u0171t\u00e9se. Az ipari \u00e9s kereskedelmi \u00e9p\u00fcletekben azonban teljesen m\u00e1s a helyzet. Aki t\u00f6bbszintes \u00e9p\u00fcletek f\u0171t\u00e9si megk\u00f6zel\u00edt\u00e9s\u00e9t alkalmazza, az h\u0151t \u00e9s p\u00e9nzt pazarol. Ennek oka, hogy \u00e1ltal\u00e1ban elegend\u0151, ha a munkater\u00fclet meleg. Ez \u00e1ltal\u00e1ban a csarnok als\u00f3 k\u00e9t m\u00e9ter\u00e9t jelenti - egy t\u00edz m\u00e9teres belmagass\u00e1g\u00fa csarnok eset\u00e9ben a helyis\u00e9g t\u00e9rfogat\u00e1nak mind\u00f6ssze 20 sz\u00e1zal\u00e9k\u00e1t. Vagy ak\u00e1r csak azt a r\u00e9szt, ahol az emberek dolgoznak.<\/p>\n<p>Ilyen c\u00e9lzott f\u0171t\u00e9si megk\u00f6zel\u00edt\u00e9s eset\u00e9n a k\u00f6vetkez\u0151 elv \u00e9rv\u00e9nyes\u00fcl: min\u00e9l kisebb a hasznos ter\u00fclet \u00e9s a teljes t\u00e9rfogat ar\u00e1nya, ann\u00e1l fontosabb a h\u0151\u00e1tad\u00e1s min\u0151s\u00e9ge. Az infrav\u00f6r\u00f6s f\u0171t\u0151berendez\u00e9sek itt magas min\u0151s\u00e9gi szintet \u00e9rnek el. A decentraliz\u00e1lt f\u0171t\u0151berendez\u00e9sek ahelyett, hogy \u00f6nmag\u00e1ban a leveg\u0151t meleg\u00edten\u00e9k, elektrom\u00e1gneses hull\u00e1mokat gener\u00e1lnak, amelyek csak akkor alakulnak \u00e1t h\u0151v\u00e9, amint szil\u00e1rd t\u00e1rgyakkal \u00e9rintkeznek. Intelligens vez\u00e9rl\u0151rendszerekkel kombin\u00e1lva ak\u00e1r 70 sz\u00e1zal\u00e9kos energiamegtakar\u00edt\u00e1s is el\u00e9rhet\u0151 a hagyom\u00e1nyos f\u0171t\u00e9si rendszerekhez k\u00e9pest. Ez jelent\u0151s t\u00e9nyez\u0151, mivel felt\u00e9telezhet\u0151, hogy az energia az elk\u00f6vetkez\u0151 \u00e9vekben dr\u00e1gulni fog.<\/p>\n<h2>3. hiba: A haszn\u00e1lati profil \u00e9s a k\u00f6vetelm\u00e9nyek nincsenek megadva<\/h2>\n<p>Egyszer\u0171en telep\u00edts\u00fcnk egy f\u0171t\u00e9si rendszert, \u00e9s kapcsoljuk be, am\u00edg mindenhol f\u00e9lig-meddig meleg van? A v\u00e1llalatok \u00e9vtizedek \u00f3ta \u00edgy pazarolj\u00e1k az energi\u00e1t. Olyan pazarl\u00e1s, amely az emelked\u0151 energia\u00e1rak idej\u00e9n versenyh\u00e1tr\u00e1nyt jelenthet. Ez\u00e9rt gondolja \u00e1t el\u0151re, hogy mi jellemzi az \u00faj csarnok\u00e9p\u00edt\u00e9s\u00e9t: A csarnokban pontosan hol van sz\u00fcks\u00e9ge a dolgoz\u00f3knak melegre, hol maradhat h\u0171v\u00f6sebb? Mennyi l\u00e9gcsere t\u00f6rt\u00e9nik a csarnokban \u00e9s mikor? Mennyi hullad\u00e9kh\u0151t termelnek m\u00e1r most is a g\u00e9pek \u00e9s rendszerek? Hogyan lehet ezt intelligensen hasznos\u00edtani?<\/p>\n<p>Ha ismeri ezeket a param\u00e9tereket, meghat\u00e1rozza az ig\u00e9nyeket \u00e9s r\u00e9szletes haszn\u00e1lati profilt k\u00e9sz\u00edt, akkor egy intelligens vez\u00e9rl\u0151rendszerrel ell\u00e1tott, \u00e9rz\u00e9keny f\u0171t\u00e9si rendszer \u00fagy alkalmazkodik a csarnokhoz, mint egy testreszabott ruha. \u00c9s rengeteg energi\u00e1t takar\u00edthat meg. Mert a fogyaszt\u00e1s szempontj\u00e1b\u00f3l az a leggazdas\u00e1gosabb f\u0171t\u00e9s, amelyet az \u00fczemeltet\u0151nek be sem kell kapcsolnia.<\/p>\n<h2>4. hiba: H\u00e1l\u00f3zat \u00e9s intelligens vez\u00e9rl\u00e9s mell\u0151z\u00e9se egy \u00faj csarnok \u00e9p\u00edt\u00e9s\u00e9n\u00e9l<\/h2>\n<p>Az intelligens vez\u00e9rl\u00e9s luxus? A h\u00e1l\u00f3zat\u00e9p\u00edt\u00e9s felesleges tr\u00fckk? Nem, a digitaliz\u00e1l\u00e1s elengedhetetlen a csarnokok energiahat\u00e9kony f\u0171t\u00e9s\u00e9hez \u00e9s a j\u00f6v\u0151beni hatalmas megtakar\u00edt\u00e1sokhoz. Ez\u00e9rt elengedhetetlen, hogy az \u00d6n \u00faj csarnok\u00e1nak f\u0171t\u00e9si rendszere meg\u00e9rkezzen a digitaliz\u00e1ci\u00f3 kor\u00e1ba. A h\u00e1l\u00f3zatba kapcsolt eszk\u00f6z\u00f6k, a modern vez\u00e9rl\u0151rendszerek \u00e9s az elemz\u0151 szoftverek lehet\u0151v\u00e9 teszik, hogy a f\u0171t\u00e9si rendszereket a csarnok dinamik\u00e1j\u00e1hoz igaz\u00edts\u00e1k, \u00e9s ez\u00e1ltal energi\u00e1t takar\u00edtsanak meg. Ezenk\u00edv\u00fcl a csarnok\u00fczemeltet\u0151k a szoftverrel t\u00e1mogatott f\u0171t\u00e9si rendszerekkel jobban teljes\u00edthetik a DIN 50001 szabv\u00e1ny k\u00f6vetelm\u00e9nyeit. Ezzel a tan\u00fas\u00edtv\u00e1nnyal (vagy egy regisztr\u00e1lt k\u00f6rnyezetir\u00e1ny\u00edt\u00e1si rendszerrel az al\u00e1bbiak szerint. <strong>EMAS-rendelet<\/strong>), \u00d6n teljes\u00edti az EEG-j\u00e1rul\u00e9k al\u00f3li r\u00e9szleges mentess\u00e9g vagy a villamosenergia- \u00e9s energiaad\u00f3 al\u00f3li j\u00f6v\u0151beni mentess\u00e9g felt\u00e9teleit.<\/p>\n<h2>5. hiba: Csak a beruh\u00e1z\u00e1si k\u00f6lts\u00e9geket n\u00e9zz\u00fck<\/h2>\n<p>Csak a kezdeti beruh\u00e1z\u00e1si k\u00f6lts\u00e9gekre koncentr\u00e1lni a d\u00f6nt\u00e9shozatal sor\u00e1n? Ez is hiba lehet. Sokkal fontosabbak ugyanis a f\u0171t\u00e9s teljes \u00e9letciklusa alatt felmer\u00fcl\u0151 \u00f6sszk\u00f6lts\u00e9gek \u2013 bele\u00e9rtve a szervizel\u00e9si, karbantart\u00e1si \u00e9s jav\u00edt\u00e1si k\u00f6lts\u00e9geket is. A teljes tulajdonl\u00e1si k\u00f6lts\u00e9g (TCO) egyik k\u00fcl\u00f6n\u00f6sen \u00e9rdekes eleme: a fogyaszt\u00e1si k\u00f6lts\u00e9gek. Ebben az esetben semmik\u00e9ppen sem szabad hagyni, hogy a szolg\u00e1ltat\u00f3 egy nagyj\u00e1b\u00f3l becs\u00fclt \u00e9rt\u00e9kkel meg\u00fassza. Ma ugyanis m\u00e1r k\u00f6nnyen lehet r\u00e9szletes \u00e9s megb\u00edzhat\u00f3 adatokat szolg\u00e1ltatni a DIN V 18599 szabv\u00e1nynak megfelel\u0151en \u2013 t\u00f6bbek k\u00f6z\u00f6tt az \u00e9ves primer energiaig\u00e9nyr\u0151l, az energiak\u00f6lts\u00e9gekr\u0151l \u00e9s a CO\u2082-kibocs\u00e1t\u00e1sr\u00f3l. Ezek az adatok biztons\u00e1got ny\u00fajtanak a tervez\u00e9shez \u00e9s a d\u00f6nt\u00e9shozatalhoz.<\/p>\n<h2>6. hiba: Nem vizsg\u00e1lja meg alaposan a szolg\u00e1ltat\u00f3kat<\/h2>\n<p>Az \u00faj csarnok\u00e9p\u00edt\u00e9shez sz\u00fcks\u00e9ges gazdas\u00e1gos f\u0171t\u00e9si rendszerhez vezet\u0151 \u00faton nemcsak a k\u00e9sz\u00fcl\u00e9kek min\u0151s\u00e9g\u00e9t, hanem a gy\u00e1rt\u00f3 szak\u00e9rtelm\u00e9t is alaposan meg kell vizsg\u00e1lnia. Vizsg\u00e1lja meg, hogy a c\u00e9g tud-e hiteles referenci\u00e1kat felmutatni. Ugyanilyen fontos: a hossz\u00fa \u00e1ll\u00e1sid\u0151k elker\u00fcl\u00e9se \u00e9rdek\u00e9ben felt\u00e9tlen\u00fcl gy\u0151z\u0151dj\u00f6n meg arr\u00f3l, hogy a sz\u00e1ll\u00edt\u00f3 tizen\u00f6t \u00e9v m\u00falva is k\u00edn\u00e1l-e m\u00e9g szervizszolg\u00e1ltat\u00e1st \u00e9s alkatr\u00e9szell\u00e1t\u00e1st. Elv\u00e9gre bosszant\u00f3, ha n\u00e9h\u00e1ny \u00e9v m\u00falva mag\u00e1ra marad a csarnok f\u0171t\u00e9si rendszer\u00e9nek karbantart\u00e1sa. Arr\u00f3l is \u00e9rdekl\u0151dhet, hogy a v\u00e1llalatnak van-e saj\u00e1t kutat\u00e1si \u00e9s fejleszt\u00e9si r\u00e9szlege. Egy ilyen r\u00e9szleg - k\u00fcl\u00f6n\u00f6sen meggy\u0151z\u0151 referenci\u00e1kkal egy\u00fctt - \u00e1ltal\u00e1ban megb\u00edzhat\u00f3an jelzi a szak\u00e9rtelmet \u00e9s a tapasztalatot. K\u00e9t olyan pont, amely fontos a gazdas\u00e1gos \u00e9s j\u00f6v\u0151biztos csarnokf\u0171t\u00e9si rendszer megtal\u00e1l\u00e1sa \u00e9s \u00fczemeltet\u00e9se szempontj\u00e1b\u00f3l.<\/p>","protected":false},"excerpt":{"rendered":"<p>Gazdas\u00e1gos \u00e9s fenntarthat\u00f3 f\u0171t\u00e9si rendszert keres \u00faj \u00e9p\u00fclete sz\u00e1m\u00e1ra? Akkor elegend\u0151 id\u0151t kell ford\u00edtania a tervez\u00e9sre. \u00c9s ker\u00fclje el a k\u00f6vetkez\u0151 hib\u00e1kat.<\/p>","protected":false},"author":15,"featured_media":17953,"comment_status":"open","ping_status":"open","sticky":false,"template":"","format":"standard","meta":{"_acf_changed":false,"_seopress_robots_primary_cat":"none","_seopress_titles_title":"Vermeidbare Fehler bei Heizungsplanung im Hallenneubau","_seopress_titles_desc":"Sie suchen eine wirtschaftliche und zukunftsf\u00e4hige Heizung f\u00fcr Ihren Hallenneubau? Dann sollten Sie gen\u00fcgend Zeit in die Planung investieren.","_seopress_robots_index":"","footnotes":""},"categories":[1,91],"tags":[416,417,418,125,419],"class_list":["post-18699","post","type-post","status-publish","format-standard","has-post-thumbnail","hentry","category-allgemein","category-technologie","tag-buerogebaeude","tag-hallenbau","tag-hallenneubau","tag-heizsysteme","tag-investitionskosten"],"acf":[],"_links":{"self":[{"href":"https:\/\/www.kuebler-hallenheizungen.de\/hu\/wp-json\/wp\/v2\/posts\/18699","targetHints":{"allow":["GET"]}}],"collection":[{"href":"https:\/\/www.kuebler-hallenheizungen.de\/hu\/wp-json\/wp\/v2\/posts"}],"about":[{"href":"https:\/\/www.kuebler-hallenheizungen.de\/hu\/wp-json\/wp\/v2\/types\/post"}],"author":[{"embeddable":true,"href":"https:\/\/www.kuebler-hallenheizungen.de\/hu\/wp-json\/wp\/v2\/users\/15"}],"replies":[{"embeddable":true,"href":"https:\/\/www.kuebler-hallenheizungen.de\/hu\/wp-json\/wp\/v2\/comments?post=18699"}],"version-history":[{"count":0,"href":"https:\/\/www.kuebler-hallenheizungen.de\/hu\/wp-json\/wp\/v2\/posts\/18699\/revisions"}],"wp:featuredmedia":[{"embeddable":true,"href":"https:\/\/www.kuebler-hallenheizungen.de\/hu\/wp-json\/wp\/v2\/media\/17953"}],"wp:attachment":[{"href":"https:\/\/www.kuebler-hallenheizungen.de\/hu\/wp-json\/wp\/v2\/media?parent=18699"}],"wp:term":[{"taxonomy":"category","embeddable":true,"href":"https:\/\/www.kuebler-hallenheizungen.de\/hu\/wp-json\/wp\/v2\/categories?post=18699"},{"taxonomy":"post_tag","embeddable":true,"href":"https:\/\/www.kuebler-hallenheizungen.de\/hu\/wp-json\/wp\/v2\/tags?post=18699"}],"curies":[{"name":"wp","href":"https:\/\/api.w.org\/{rel}","templated":true}]}}