{"id":18705,"date":"2021-12-08T08:46:47","date_gmt":"2021-12-08T07:46:47","guid":{"rendered":"https:\/\/kuebler.werbe-sofa.de\/auf-dem-weg-zur-klimaneutralitaet-was-sie-ueber-die-hallenheizung-der-zukunft-wissen-sollten\/"},"modified":"2025-10-15T16:23:42","modified_gmt":"2025-10-15T14:23:42","slug":"a-klimasemlegesseg-fele-vezeto-uton-mit-kell-tudni-a-joevo-csarnokfuteserol","status":"publish","type":"post","link":"https:\/\/www.kuebler-hallenheizungen.de\/hu\/auf-dem-weg-zur-klimaneutralitaet-was-sie-ueber-die-hallenheizung-der-zukunft-wissen-sollten\/","title":{"rendered":"\u00daton a kl\u00edmasemlegess\u00e9g fel\u00e9 - amit a j\u00f6v\u0151 csarnokf\u0171t\u00e9s\u00e9r\u0151l tudni kell"},"content":{"rendered":"<h2><strong>A kl\u00edmav\u00e1ltoz\u00e1s meg\u00e1ll\u00edt\u00e1sa - hogyan lehet a kl\u00edmasemleges f\u0171t\u00e9s az els\u0151 l\u00e9p\u00e9s a helyes ir\u00e1nyba?<\/strong><\/h2>\n<p>Aligha k\u00e9telkedik b\u00e1rki is abban, hogy valaminek t\u00f6rt\u00e9nnie kell ahhoz, hogy az ember okozta kl\u00edmav\u00e1ltoz\u00e1st ellen\u0151rz\u00e9s al\u00e1 vonjuk. A m\u00f3dos\u00edtott \u00e9ghajlatv\u00e9delmi t\u00f6rv\u00e9ny ambici\u00f3zus c\u00e9lja ez\u00e9rt a k\u00f6vetkez\u0151: N\u00e9metorsz\u00e1g nem 2050-re, hanem 2045-re akarja el\u00e9rni a kl\u00edmasemlegess\u00e9get. Ez azt jelenti, hogy az \u00f6sszes \u00fcvegh\u00e1zhat\u00e1s\u00fa g\u00e1z (\u00dcHG) kibocs\u00e1t\u00e1s\u00e1t a villamosenergia-termel\u00e9s \u00e9s az ipar, az \u00e9p\u00fcletek, a k\u00f6zleked\u00e9s \u00e9s a mez\u0151gazdas\u00e1g ter\u00fclet\u00e9n a lehet\u0151 legnagyobb m\u00e9rt\u00e9kben cs\u00f6kkenteni kell. Az elker\u00fclhetetlen kibocs\u00e1t\u00e1sokat az \u00fcvegh\u00e1zhat\u00e1s\u00fa g\u00e1zok elnyel\u0151ivel kell ellens\u00falyozni. Ennek el\u00e9r\u00e9se \u00e9rdek\u00e9ben az \u00e9ghajlatv\u00e9delmi t\u00f6rv\u00e9ny konkr\u00e9t id\u0151k\u00f6zi c\u00e9lt t\u0171z ki az \u00fcvegh\u00e1zhat\u00e1s\u00fa g\u00e1zok kibocs\u00e1t\u00e1s\u00e1nak 2030-ig t\u00f6rt\u00e9n\u0151 cs\u00f6kkent\u00e9s\u00e9re, m\u00e9gpedig legal\u00e1bb 65 %-tal az 1990-es szinthez k\u00e9pest. A c\u00e9l teh\u00e1t egy\u00e9rtelm\u0171. Az is vil\u00e1gos, hogy itt fontos l\u00e9p\u00e9s a hidrog\u00e9nnel vagy m\u00e1s alternat\u00edv\u00e1kkal t\u00f6rt\u00e9n\u0151, hossz\u00fa t\u00e1von kl\u00edmasemleges f\u0171t\u00e9sre val\u00f3 \u00e1tt\u00e9r\u00e9s.<\/p>\n<h2><strong>V\u00e9gre t\u00f6bb egy\u00e9rtelm\u0171s\u00e9g az \u00e9ghajlat-semlegess\u00e9ghez vezet\u0151 \u00faton<\/strong><\/h2>\n<p>Az \u00e9ghajlati semlegess\u00e9ghez vezet\u0151 \u00fat sok k\u00e9rd\u00e9st vet fel \u00e9s nagyfok\u00fa bizonytalans\u00e1got okoz. K\u00fcl\u00f6n\u00f6sen azok sz\u00e1m\u00e1ra, akiknek messze a j\u00f6v\u0151be ny\u00fal\u00f3 beruh\u00e1z\u00e1sokkal kapcsolatos d\u00f6nt\u00e9seket kell hozniuk. Az ilyen beruh\u00e1z\u00e1sok egyik p\u00e9ld\u00e1ja az iparilag hasznos\u00edtott <a title=\"Tov\u00e1bbi inform\u00e1ci\u00f3k az optim\u00e1lis csarnokf\u0171t\u00e9sr\u0151l\" href=\"\/de\/optimale-hallenheizung\/\">Csarnok f\u0171t\u00e9si rendszerek<\/a> 15 \u00e9ves vagy ann\u00e1l hosszabb \u00e9letciklussal. Aki ma ilyen v\u00e1s\u00e1rl\u00e1st fontolgat, mindenk\u00e9ppen n\u00e9zzen ut\u00e1na a kl\u00edmasemleges f\u0171t\u00e9st biztos\u00edt\u00f3 f\u0171t\u00e9si rendszereknek. De mi is \u00e1ll pontosan a kl\u00edmasemleges f\u0171t\u00e9s \u00e9s a kl\u00edmasemlegess\u00e9g c\u00e9lja m\u00f6g\u00f6tt?<\/p>\n<p>A Kopernikusz projekt Ariadne1) \u00e1ltal 2021. okt\u00f3ber 11-\u00e9n k\u00f6zz\u00e9tett jelent\u00e9s tiszt\u00e1zhatja a helyzetet. Ebben a tanulm\u00e1nyban 10 int\u00e9zet t\u00f6bb mint 50 kutat\u00f3ja elemezte \u00e9s \u00e9rt\u00e9kelte a kl\u00edmasemlegess\u00e9g k\u00fcl\u00f6nb\u00f6z\u0151 \u00e1talakul\u00e1si forgat\u00f3k\u00f6nyveit. Ez az els\u0151 \u00e1tfog\u00f3 \u00e9s r\u00e9szletes modell-\u00f6sszehasonl\u00edt\u00e1s, amely az \u00e1talakul\u00e1si utakra, a mozg\u00e1st\u00e9rre \u00e9s a sz\u0171k keresztmetszetekre vonatkoz\u00f3 megalapozott meg\u00e1llap\u00edt\u00e1sokkal szolg\u00e1l. Az al\u00e1bbi kulcsfontoss\u00e1g\u00fa meg\u00e1llap\u00edt\u00e1sok valamennyi forgat\u00f3k\u00f6nyv \u00e9s modell eset\u00e9ben levezethet\u0151k:<\/p>\n<ol>\n<li>Egy kl\u00edmasemleges energiarendszer kulcsfontoss\u00e1g\u00fa energiaforr\u00e1sai els\u0151sorban a meg\u00fajul\u00f3 villamos energia, a z\u00f6ld hidrog\u00e9n \u00e9s a z\u00f6ld e-\u00fczemanyagok, valamint a fenntarthat\u00f3 m\u00f3don el\u0151\u00e1ll\u00edtott biomassza.<\/li>\n<li>Az egyre ink\u00e1bb meg\u00fajul\u00f3 villamosenergia-ell\u00e1t\u00e1s az energiarendszer tov\u00e1bbi sz\u00e9n-dioxid-mentes\u00edt\u00e9s\u00e9nek f\u0151 pill\u00e9re.<\/li>\n<li>A c\u00e9lforgat\u00f3k\u00f6nyvekben az energiahat\u00e9konys\u00e1g n\u00f6vel\u00e9se \u00f6nmag\u00e1ban a v\u00e9gs\u0151 energiafogyaszt\u00e1s 34-59 % cs\u00f6kken\u00e9s\u00e9t eredm\u00e9nyezi 2045-re 2019-hez k\u00e9pest.<br \/>\n\u00c9s az is vil\u00e1gos, az utols\u00f3 pont szerint: a 2030-ra \u00e9s 2045-re kit\u0171z\u00f6tt \u00e9ghajlatv\u00e9delmi c\u00e9lok rendk\u00edv\u00fcl nagy kih\u00edv\u00e1st jelentenek, \u00e9s csak hatalmas beruh\u00e1z\u00e1sokkal, tov\u00e1bbi politikai int\u00e9zked\u00e9sekkel \u00e9s az infrastrukt\u00fara fejleszt\u00e9s\u00e9vel \u00e9rhet\u0151k el minden \u00e1gazatban.<\/li>\n<\/ol>\n<p>1) Forr\u00e1s: N\u00e9metorsz\u00e1g a 2045-\u00f6s kl\u00edmasemlegess\u00e9g fel\u00e9 vezet\u0151 \u00faton: forgat\u00f3k\u00f6nyvek \u00e9s \u00fatvonalak modell-\u00f6sszehasonl\u00edt\u00e1sban. <a href=\"https:\/\/ariadneprojekt.de\/publikation\/deutschland-auf-dem-weg-zur-klimaneutralitat-2045-szenarienreport\/\">https:\/\/ariadneprojekt.de\/publikation\/deutschland-auf-dem-weg-zur-klimaneutralitat-2045-szenarienreport\/<\/a><\/p>\n<h2><strong>A legfontosabb t\u00e9nyek a kl\u00edmasemleges f\u0171t\u00e9sr\u0151l a k\u00f6zleked\u00e9si l\u00e1mp\u00e1s koal\u00edci\u00f3 koal\u00edci\u00f3s meg\u00e1llapod\u00e1s\u00e1b\u00f3l<\/strong><\/h2>\n<p>Az \"Ampel\" koal\u00edci\u00f3 \"Merj\u00fcnk nagyobb el\u0151rel\u00e9p\u00e9st\" c\u00edm\u0171 koal\u00edci\u00f3s meg\u00e1llapod\u00e1sa m\u00e1r r\u00f6vid ideje az asztalon van. A j\u00f6v\u0151re vonatkoz\u00f3 konstrukt\u00edv szellemis\u00e9g ellen\u00e9re m\u00e9g mindig sok bizonytalans\u00e1got rejt mag\u00e1ban, a DIHK els\u0151 el\u0151zetes \u00e1tfog\u00f3 \u00e9rt\u00e9kel\u00e9s\u00e9ben2) foglaltak szerint. Ennek ellen\u00e9re mostanra egyre vil\u00e1gosabb\u00e1 v\u00e1lik, hogy mik\u00e9nt szervezhet\u0151 meg a kl\u00edmasemlegess\u00e9ghez vezet\u0151 \u00fat. A koal\u00edci\u00f3s meg\u00e1llapod\u00e1s legfontosabb meg\u00e1llap\u00edt\u00e1sai k\u00fcl\u00f6n\u00f6sen fontosak az energiaig\u00e9nyes technol\u00f3gi\u00e1kba, p\u00e9ld\u00e1ul a csarnokf\u0171t\u00e9si rendszerekbe t\u00f6rt\u00e9n\u0151 beruh\u00e1z\u00e1sok szempontj\u00e1b\u00f3l. Ezeket a koal\u00edci\u00f3s meg\u00e1llapod\u00e1s oldalaira \u00e9s bekezd\u00e9seire hivatkozva foglaltuk \u00f6ssze az \u00d6n sz\u00e1m\u00e1ra:<\/p>\n<p>27. oldal - \"Gazdas\u00e1g\" fejezet \"Ipari\" kulcssz\u00f3<\/p>\n<ul>\n<li>T\u00e1mogatjuk a z\u00f6ld hidrog\u00e9n Eur\u00f3pai Uni\u00f3j\u00e1nak l\u00e9trehoz\u00e1s\u00e1t.<\/li>\n<li>Ennek \u00e9rdek\u00e9ben p\u00e9nz\u00fcgyileg t\u00e1mogatni k\u00edv\u00e1njuk a hidrog\u00e9nh\u00e1l\u00f3zati infrastrukt\u00fara fejleszt\u00e9s\u00e9re ir\u00e1nyul\u00f3 beruh\u00e1z\u00e1sokat.<\/li>\n<li>2030-ra a hidrog\u00e9ntechnol\u00f3gi\u00e1k vezet\u0151 piac\u00e1v\u00e1 k\u00edv\u00e1nunk v\u00e1lni.<\/li>\n<li>egy kezdem\u00e9nyez\u00e9s\u00e9rt, amelynek c\u00e9lja egy minden \u00e1llam sz\u00e1m\u00e1ra nyitott nemzetk\u00f6zi kl\u00edmaklub l\u00e9trehoz\u00e1sa, egys\u00e9ges minim\u00e1lis CO\u2082-\u00e1rral \u00e9s k\u00f6z\u00f6s CO\u2082-hat\u00e1rkiigaz\u00edt\u00e1ssal.<\/li>\n<\/ul>\n<p>59f. o. - \"\u00c9ghajlat, energia, \u00e1talakul\u00e1s\" fejezet Kulcssz\u00f3: \"G\u00e1z \u00e9s hidrog\u00e9n\"<\/p>\n<ul>\n<li>A meg\u00fajul\u00f3 villamos energi\u00e1t \u00e9s hidrog\u00e9nt el\u0151felt\u00e9tele annak, hogy Eur\u00f3pa k\u00e9pes legyen cselekedni \u00e9s versenyk\u00e9pes maradjon a 21. sz\u00e1zadban.<\/li>\n<li>Felgyors\u00edtjuk a meg\u00fajul\u00f3 energi\u00e1k t\u00f6meges b\u0151v\u00edt\u00e9s\u00e9t \u00e9s a korszer\u0171 g\u00e1zt\u00fczel\u00e9s\u0171 er\u0151m\u0171vek \u00e9p\u00edt\u00e9s\u00e9t annak \u00e9rdek\u00e9ben, hogy az elk\u00f6vetkez\u0151 \u00e9vekben versenyk\u00e9pes \u00e1ron kiel\u00e9g\u00edthess\u00fck a n\u00f6vekv\u0151 villamosenergia- \u00e9s energiaig\u00e9nyt.<\/li>\n<li>A meg\u00fajul\u00f3 energi\u00e1kkal val\u00f3 ell\u00e1t\u00e1sbiztons\u00e1g el\u00e9r\u00e9s\u00e9hez sz\u00fcks\u00e9ges g\u00e1zt\u00fczel\u00e9s\u0171 er\u0151m\u0171veket \u00fagy kell meg\u00e9p\u00edteni, hogy azok kl\u00edmasemleges g\u00e1zokra (H\u2082-ready) \u00e1t\u00e1ll\u00edthat\u00f3k legyenek.<\/li>\n<li>A f\u00f6ldg\u00e1z n\u00e9lk\u00fcl\u00f6zhetetlen az \u00e1tmeneti id\u0151szakban.<\/li>\n<li>A lehet\u0151 leggyorsabban szeretn\u00e9nk el\u0151mozd\u00edtani a hat\u00e9kony hidrog\u00e9ngazdas\u00e1g, valamint a sz\u00fcks\u00e9ges import- \u00e9s sz\u00e1ll\u00edt\u00e1si infrastrukt\u00fara fejleszt\u00e9s\u00e9t.<\/li>\n<\/ul>\n<p>60. oldal - \"\u00c9ghajlat, energia, \u00e1talakul\u00e1s\" fejezet Kulcssz\u00f3: \"H\u00e1l\u00f3zatok\"<\/p>\n<ul>\n<li>A villamosenergia- \u00e9s hidrog\u00e9nh\u00e1l\u00f3zatok a j\u00f6v\u0151 energiarendszer\u00e9nek gerinc\u00e9t alkotj\u00e1k<\/li>\n<\/ul>\n<p>S. 90 - \"\u00c9p\u00edt\u00e9s \u00e9s lakhat\u00e1s\" fejezet Kulcssz\u00f3: \"\u00c9ghajlatv\u00e9delem az \u00e9p\u00edt\u0151iparban\"<\/p>\n<ul>\n<li>az \u00e9p\u00fcletenergetikai t\u00f6rv\u00e9ny (GEG) m\u00f3dos\u00edt\u00e1sa a k\u00f6vetkez\u0151k\u00e9ppen: janu\u00e1r 1-j\u00e9ig minden \u00fajonnan telep\u00edtett f\u0171t\u00e9si rendszert 65 sz\u00e1zal\u00e9kban meg\u00fajul\u00f3 energi\u00e1val kell \u00fczemeltetni3).<\/li>\n<li>A GEG-ben az \u00faj \u00e9p\u00edt\u00e9si szabv\u00e1nyok 2025. janu\u00e1r 1-j\u00e9t\u0151l a KfW-EH 40-es norm\u00e1khoz igazodnak.<\/li>\n<li>Ezenk\u00edv\u00fcl az innov\u00e1ci\u00f3s z\u00e1rad\u00e9k r\u00e9szek\u00e9nt az \u00fcvegh\u00e1zhat\u00e1s\u00fa g\u00e1zok kibocs\u00e1t\u00e1s\u00e1nak cs\u00f6kkent\u00e9s\u00e9re vonatkoz\u00f3 c\u00e9lkit\u0171z\u00e9ssel egyen\u00e9rt\u00e9k\u0171 int\u00e9zked\u00e9sek is alkalmazhat\u00f3k.<\/li>\n<li>A szem\u00e9lyre szabott \u00e9s technol\u00f3giasemleges int\u00e9zked\u00e9sekre \u00f6sszpontos\u00edtunk.<\/li>\n<\/ul>\n<p>A finansz\u00edroz\u00e1si programokat a c\u00e9lkit\u0171z\u00e9sekkel \u00e9s k\u00f6vetelm\u00e9nyekkel \u00f6sszhangban tov\u00e1bbfejlesztj\u00fck \u00e9s \u00e1talak\u00edtjuk.<\/p>\n<p>Koal\u00edci\u00f3s meg\u00e1llapod\u00e1s a sz\u00f6vets\u00e9gi korm\u00e1nyban 2021. Els\u0151, el\u0151zetes \u00e1tfog\u00f3 \u00e9rt\u00e9kel\u00e9s \u00a9 Deutscher Industrie- und Handelskammertag e.V. (DIHK) | Berlin | Br\u00fcsszel, 2021. novemberi \u00e1llapot: 2021. november.<\/p>\n<p>A 4 m-n\u00e9l nagyobb belmagass\u00e1g\u00fa, decentraliz\u00e1ltan f\u0171t\u00f6tt csarnokok (z\u00f3n\u00e1k) mentes\u00fclnek a meg\u00fajul\u00f3 energiaforr\u00e1sok felhaszn\u00e1l\u00e1s\u00e1nak k\u00f6telezetts\u00e9ge al\u00f3l a f\u0171t\u00e9si \u00e9s h\u0171t\u00e9si energiasz\u00fcks\u00e9glet fedez\u00e9s\u00e9re (GEG).<\/p>\n<h3><strong>\u00d6sszefoglalva, a kl\u00edmasemleges f\u0171t\u00e9s eset\u00e9ben ez azt jelenti, hogy... <\/strong><\/h3>\n<p>... a z\u00f6ld villamos energia \u00e9s a z\u00f6ld g\u00e1z (hidrog\u00e9n) az \u00e9ghajlat-semlegess\u00e9g fel\u00e9 vezet\u0151 \u00fat energiaforr\u00e1sai. A f\u00f6ldg\u00e1z mint \u00e1thidal\u00f3 technol\u00f3gia fontoss\u00e1ga meger\u0151s\u00edt\u00e9st nyert - a legkisebb sz\u00e9nl\u00e1bnyom\u00fa fosszilis t\u00fczel\u0151anyagot \u00e1tmeneti megold\u00e1sk\u00e9nt tov\u00e1bbra is haszn\u00e1lni fogj\u00e1k, am\u00edg nem tudunk teljesen kl\u00edmasemlegesen, hidrog\u00e9nnel f\u0171teni. \u00c9s ezt is hangs\u00falyozz\u00e1k: a meg\u00fajul\u00f3 energi\u00e1k mellett elismerik az \u00fcvegh\u00e1zhat\u00e1s\u00fa g\u00e1zok kibocs\u00e1t\u00e1s\u00e1nak cs\u00f6kkent\u00e9s\u00e9re ir\u00e1nyul\u00f3 c\u00e9lt k\u00f6vet\u0151 egyen\u00e9rt\u00e9k\u0171 int\u00e9zked\u00e9seket, p\u00e9ld\u00e1ul az energiahat\u00e9konys\u00e1g n\u00f6vel\u00e9s\u00e9t, ami el\u0151ny\u00f6s a decentraliz\u00e1lt g\u00e1z\u00fczem\u0171 csarnokf\u0171t\u00e9si rendszereink sz\u00e1m\u00e1ra, \u00e9s a kl\u00edmasemleges f\u0171t\u00e9s lehet\u0151s\u00e9g\u00e9v\u00e9 teszi \u0151ket.<\/p>\n<h3>Rendk\u00edv\u00fcl hat\u00e9kony \u00e9s rugalmas: a decentraliz\u00e1lt g\u00e1z\u00fczem\u0171 csarnokf\u0171t\u00e9si rendszerek a kl\u00edmasemleges f\u0171t\u00e9s fel\u00e9 vezet\u0151 utat szeg\u00e9lyezik.<\/h3>\n<p>Ezek az \u00e1ll\u00edt\u00e1sok egy\u00e9rtelm\u0171v\u00e9 teszik, hogy a f\u00f6ldg\u00e1zzal m\u0171k\u00f6d\u0151 decentraliz\u00e1lt infrav\u00f6r\u00f6s csarnokf\u0171t\u00e9sek hossz\u00fa t\u00e1von tov\u00e1bbra is az arany standard maradnak a csarnokf\u0171t\u00e9s ter\u00e9n. Ennek j\u00f3 okai vannak, mert a kifejezetten a csarnok\u00e9p\u00fcletek \u00e9p\u00edt\u00e9szeti fizikai adotts\u00e1gaihoz kifejlesztett f\u0171t\u00e9si rendszerek 4 m-n\u00e9l magasabb helyis\u00e9gekben energiahat\u00e9konys\u00e1g \u00e9s gazdas\u00e1goss\u00e1g tekintet\u00e9ben jelent\u0151sen fel\u00fclm\u00falj\u00e1k a legt\u00f6bb m\u0171szaki alternat\u00edv\u00e1t. Magas energiahat\u00e9konys\u00e1guk \u00e9s nagyon alacsony perif\u00e9ri\u00e1s vesztes\u00e9geik miatt a K\u00dcBLER t\u00edpus\u00fa s\u00f6t\u00e9t sug\u00e1rz\u00f3 infrav\u00f6r\u00f6s f\u0171t\u00e9si technol\u00f3gi\u00e1k 30 \u00e9s 70 sz\u00e1zal\u00e9k k\u00f6z\u00f6tti energiamegtakar\u00edt\u00e1st eredm\u00e9nyeznek. M\u00e1r ma is megfelelnek a 2030-as \u00e9ghajlatv\u00e9delmi c\u00e9lok k\u00f6vetelm\u00e9nyeinek \u2013 ez ugyan nem teljesen kl\u00edmasemleges f\u0171t\u00e9s, de az alternat\u00edv\u00e1khoz k\u00e9pest l\u00e9nyegesen k\u00f6rnyezetbar\u00e1tabb, mivel az energiahat\u00e9konys\u00e1ga k\u00fcl\u00f6n\u00f6sen magas. Ehhez j\u00f6nnek m\u00e9g a viszonylag alacsony beruh\u00e1z\u00e1si k\u00f6lts\u00e9gek. Egy\u00e9bk\u00e9nt a ludwigshafeni csarnokf\u0171t\u00e9s-specialista nagy hat\u00e9konys\u00e1g\u00fa technol\u00f3gi\u00e1i m\u00e1r ma is biog\u00e1zzal4) m\u0171k\u00f6dtethet\u0151k \u00e9s H\u2082-kompatibilisek. Ez azt jelenti, hogy amint hidrog\u00e9n \u00e1ll rendelkez\u00e9sre, azt 20 t\u00e9rfogatsz\u00e1zal\u00e9kos (\u00e9s egyre n\u00f6vekv\u0151) ar\u00e1nyban probl\u00e9mamentesen hozz\u00e1adhatja, \u00edgy l\u00e9p\u00e9sr\u0151l l\u00e9p\u00e9sre k\u00f6zelebb ker\u00fclhet a kl\u00edmasemleges f\u0171t\u00e9shez.<\/p>\n<p>A s\u00f6t\u00e9t radi\u00e1toros csarnokf\u0171t\u0151testek a rugalmass\u00e1gukkal is leny\u0171g\u00f6z\u0151ek, amikor a <a title=\"Tov\u00e1bbi inform\u00e1ci\u00f3k csarnokf\u0171t\u00e9si rendszereinkr\u0151l\" href=\"\/de\/kunden\/\">Termel\u00e9si, rakt\u00e1roz\u00e1si \u00e9s egy\u00e9b csarnok\u00e9p\u00fcletek f\u0171t\u00e9se<\/a>. A decentraliz\u00e1lt g\u00e1z\u00fczem\u0171 megold\u00e1sok rendk\u00edv\u00fcl r\u00f6vid felf\u0171t\u00e9si \u00e9s kikapcsol\u00e1si id\u0151vel rendelkeznek a melegv\u00edz-alap\u00fa technol\u00f3gi\u00e1khoz k\u00e9pest. Ez azt jelenti, hogy a csarnok f\u0171t\u00e9si rendszere azonnal reag\u00e1lni tud a tov\u00e1bbi eltol\u00f3d\u00e1sokra vagy a k\u00fcls\u0151 h\u0151m\u00e9rs\u00e9klet v\u00e1ltoz\u00e1saira - \u00edgy nem kell a tegnapi id\u0151j\u00e1r\u00e1st kergetnie, ami szint\u00e9n a kl\u00edmasemleges f\u0171t\u00e9s fel\u00e9 tett helyes l\u00e9p\u00e9s. Mivel a k\u00e9sz\u00fcl\u00e9kek csak kis helyet ig\u00e9nyelnek a mennyezet alatt, b\u0151ven van hely a kihaszn\u00e1l\u00e1sra. \u00c9s a padl\u00f3f\u0171t\u00e9ssel ellent\u00e9tben a csarnokpadl\u00f3 teljes rugalmass\u00e1got biztos\u00edt \u00d6nnek, p\u00e9ld\u00e1ul a g\u00e9pek elrendez\u00e9s\u00e9nek megv\u00e1ltoztat\u00e1s\u00e1hoz is.<\/p>\n<h2><strong>Kl\u00edmasemleges f\u0171t\u00e9s a K\u00dcBLERrel - \u00edgy n\u00e9z ki a j\u00f6v\u0151 csarnokf\u0171t\u00e9se<\/strong><\/h2>\n<p>A j\u00f6v\u0151 energiaforr\u00e1sai a meg\u00fajul\u00f3 villamos energia \u00e9s a z\u00f6ld hidrog\u00e9n. Mit jelent ez az iparban a kl\u00edmasemleges f\u0171t\u00e9s szempontj\u00e1b\u00f3l? A K\u00dcBLER, az energiatakar\u00e9kos csarnokf\u0171t\u00e9si rendszerek innov\u00e1ci\u00f3s vezet\u0151je k\u00e9t f\u0151 lehet\u0151s\u00e9get l\u00e1t ebben:<\/p>\n<ol>\n<li>Magas hat\u00e1sfoka \u00e9s a meg\u00fajul\u00f3 energiaforr\u00e1sok m\u00e9g mindig v\u00e1ltoz\u00e9kony el\u00e9rhet\u0151s\u00e9ge miatt a j\u00f6v\u0151 csarnokf\u0171t\u00e9se hossz\u00fa t\u00e1von tov\u00e1bbra is a f\u00f6ldg\u00e1zon vagy a foly\u00e9kony g\u00e1zon fog alapulni.<\/li>\n<li>A fosszilis g\u00e1zokhoz egyre nagyobb ar\u00e1nyban j\u00e1rulnak majd hozz\u00e1 a z\u00f6ld g\u00e1zok - mindaddig, am\u00edg a hidrog\u00e9n el\u0151\u00e1ll\u00edt\u00e1s\u00e1nak \u00e9s eloszt\u00e1s\u00e1nak technikai kih\u00edv\u00e1sait meg nem oldj\u00e1k, \u00e9s a rendszereket nem m\u0171k\u00f6dtetik 100 % hidrog\u00e9nnel.<\/li>\n<\/ol>\n<p>Hogy ez pontosan mikor lesz, m\u00e9g nem tudni. Az azonban egy\u00e9rtelm\u0171, hogy a teljes kl\u00edmasemlegess\u00e9g el\u00e9r\u00e9s\u00e9hez mind az iparnak, mind a mag\u00e1nszektornak \u00e1t kell \u00e1llnia a z\u00f6ld hidrog\u00e9nnel t\u00f6rt\u00e9n\u0151 kl\u00edmasemleges f\u0171t\u00e9sre. Addig is nagy energiahat\u00e9konys\u00e1g\u00fa f\u0171t\u00e9si rendszerekre kell t\u00e1maszkodnunk, \u00e9s fokozatosan el\u0151 kell k\u00e9sz\u00edten\u00fcnk az erre a c\u00e9lra haszn\u00e1lt fosszilis g\u00e1zokat, am\u00edg teljesen \u00e1t nem \u00e1llunk a hidrog\u00e9n haszn\u00e1lat\u00e1ra.<\/p>","protected":false},"excerpt":{"rendered":"<p>Ak\u00e1r az iparban, ak\u00e1r a mag\u00e1nlak\u00e1s\u00e9p\u00edt\u00e9sben - aki ma a j\u00f6v\u0151 f\u0171t\u00e9si rendszere vagy csarnokf\u0171t\u00e9se mellett d\u00f6nt, sok k\u00e9rd\u0151jellel szembes\u00fcl. Mely energetikai forgat\u00f3k\u00f6nyvek hat\u00e1rozz\u00e1k meg val\u00f3j\u00e1ban a j\u00f6v\u0151t? Mely technol\u00f3gi\u00e1k lesznek akkor relev\u00e1nsak? \u00c9rdemes-e m\u00e9g mindig fosszilis t\u00fczel\u00e9s\u0171 rendszerekbe beruh\u00e1zni? Mit mond a k\u00f6zleked\u00e9si l\u00e1mpa? \u00c9s mindezeket a k\u00e9rd\u00e9seket figyelembe v\u00e9ve, mi a hossz\u00fa t\u00e1von legjobban m\u0171k\u00f6d\u0151 \u00e9s gazdas\u00e1gos f\u0171t\u00e9si megold\u00e1s a csarnok\u00e9p\u00fclet sz\u00e1m\u00e1ra?<\/p>","protected":false},"author":3,"featured_media":17965,"comment_status":"open","ping_status":"open","sticky":false,"template":"","format":"standard","meta":{"_acf_changed":false,"_seopress_robots_primary_cat":"none","_seopress_titles_title":"Was Sie \u00fcber die Hallenheizung der Zukunft wissen sollten","_seopress_titles_desc":"K\u00dcBLER Systeme f\u00fcr Energiesparende und umweltfreundliche Hallenheizungen. Die K\u00dcBLER Hallenheizungen f\u00fcr die Klimaneutralit\u00e4t \u2192 jetzt mehr erfahren","_seopress_robots_index":"","footnotes":""},"categories":[1,128],"tags":[],"class_list":["post-18705","post","type-post","status-publish","format-standard","has-post-thumbnail","hentry","category-allgemein","category-energiepolitik"],"acf":[],"_links":{"self":[{"href":"https:\/\/www.kuebler-hallenheizungen.de\/hu\/wp-json\/wp\/v2\/posts\/18705","targetHints":{"allow":["GET"]}}],"collection":[{"href":"https:\/\/www.kuebler-hallenheizungen.de\/hu\/wp-json\/wp\/v2\/posts"}],"about":[{"href":"https:\/\/www.kuebler-hallenheizungen.de\/hu\/wp-json\/wp\/v2\/types\/post"}],"author":[{"embeddable":true,"href":"https:\/\/www.kuebler-hallenheizungen.de\/hu\/wp-json\/wp\/v2\/users\/3"}],"replies":[{"embeddable":true,"href":"https:\/\/www.kuebler-hallenheizungen.de\/hu\/wp-json\/wp\/v2\/comments?post=18705"}],"version-history":[{"count":0,"href":"https:\/\/www.kuebler-hallenheizungen.de\/hu\/wp-json\/wp\/v2\/posts\/18705\/revisions"}],"wp:featuredmedia":[{"embeddable":true,"href":"https:\/\/www.kuebler-hallenheizungen.de\/hu\/wp-json\/wp\/v2\/media\/17965"}],"wp:attachment":[{"href":"https:\/\/www.kuebler-hallenheizungen.de\/hu\/wp-json\/wp\/v2\/media?parent=18705"}],"wp:term":[{"taxonomy":"category","embeddable":true,"href":"https:\/\/www.kuebler-hallenheizungen.de\/hu\/wp-json\/wp\/v2\/categories?post=18705"},{"taxonomy":"post_tag","embeddable":true,"href":"https:\/\/www.kuebler-hallenheizungen.de\/hu\/wp-json\/wp\/v2\/tags?post=18705"}],"curies":[{"name":"wp","href":"https:\/\/api.w.org\/{rel}","templated":true}]}}