{"id":18707,"date":"2025-12-17T08:00:54","date_gmt":"2025-12-17T07:00:54","guid":{"rendered":"https:\/\/kuebler.werbe-sofa.de\/wie-sie-ihre-hallenheizung-in-der-weihnachtpause-regeln-und-wie-sie-damit-steigenden-energiepreisen-clever-begegnen\/"},"modified":"2025-12-17T08:54:13","modified_gmt":"2025-12-17T07:54:13","slug":"hogyan-szabalyozhatja-a-csarnok-futeset-a-karacsonyi-szuenetben-es-hogyan-lehet-okosan-fellepni-az-emelkedo-energiaarakkal-szemben","status":"publish","type":"post","link":"https:\/\/www.kuebler-hallenheizungen.de\/hu\/wie-sie-ihre-hallenheizung-in-der-weihnachtpause-regeln-und-wie-sie-damit-steigenden-energiepreisen-clever-begegnen\/","title":{"rendered":"Hogyan szab\u00e1lyozhatja a csarnok f\u0171t\u00e9s\u00e9t a kar\u00e1csonyi sz\u00fcnet alatt - \u00e9s hogyan lehet okosan fell\u00e9pni az emelked\u0151 energia\u00e1rak ellen"},"content":{"rendered":"<div>M\u00edg az ipari \u00e1ram\u00e1rak szubvenci\u00f3s int\u00e9zked\u00e9sek r\u00e9v\u00e9n cs\u00f6kkenni fognak, 2026-ra a g\u00e1z\u00e1rak jelent\u0151s emelked\u00e9se v\u00e1rhat\u00f3. Ez els\u0151sorban a n\u00f6vekv\u0151 h\u00e1l\u00f3zati d\u00edjaknak \u00e9s a geopolitikai kock\u00e1zatok miatt ingadoz\u00f3 ell\u00e1t\u00e1si helyzetnek tudhat\u00f3 be. <\/div>\n<p>&nbsp;<\/p>\n<div>Ez m\u00e9g fontosabb\u00e1 teszi az energiatakar\u00e9koss\u00e1got. \u00cdme h\u00e1rom fontos szak\u00e9rt\u0151i tipp az \u00d6n sz\u00e1m\u00e1ra:<\/div>\n<ol>\n<li>N\u00e9zze meg alaposan a csarnokf\u0171t\u00e9si rendszerek \u00fczemidej\u00e9t, \u00e9s ellen\u0151rizze, hogy a m\u0171szakid\u0151 m\u00e9g mindig szinkronban van-e a f\u0171t\u00e9si id\u0151vel. A magas \u00e1rak mellett minden egyes f\u0171t\u00e9si \u00f3ra, amelyet a norm\u00e1l \u00fczemid\u0151ben meg tud sp\u00f3rolni, igaz\u00e1n meg\u00e9ri.<\/li>\n<li>Az \u00fcnnepi id\u0151szakban id\u0151ben tiszt\u00e1zza az \u00fcnnepi \u00fczemm\u00f3dot, \u00e9s haszn\u00e1lja a vez\u00e9rl\u0151egys\u00e9gen az \"\u00dcnnepi \u00fczemm\u00f3d\" be\u00e1ll\u00edt\u00e1st. A kar\u00e1csonyi sz\u00fcnetben a f\u0171t\u00e9si rendszert 8 \u00b0C-ig szab\u00e1lyozhatja, amennyiben az \u00e1ltal\u00e1nos felt\u00e9telek ezt lehet\u0151v\u00e9 teszik. Ez a h\u0151m\u00e9rs\u00e9klet elegend\u0151 ahhoz, hogy az \u00e9p\u00fclet ne h\u0171lj\u00f6n ki teljesen, \u00e9s sz\u00fcks\u00e9g eset\u00e9n gyorsan \u00fajra el\u00e9rje az \u00fczemi h\u0151m\u00e9rs\u00e9kletet. A kar\u00e1csonyi \u00e9s a t\u00f6bbi \u00fcnnepekre vonatkoz\u00f3 be\u00e1ll\u00edt\u00e1sokat m\u00e1r most elv\u00e9gezheti.<\/li>\n<li>A munka megkezd\u00e9se el\u0151tt h\u00e9tv\u00e9g\u00e9n kapcsolja vissza a norm\u00e1l \u00fczemm\u00f3dra. A rendszer az \u00d6n be\u00e1ll\u00edt\u00e1sainak megfelel\u0151en alacsonyabb h\u0151m\u00e9rs\u00e9kleten fog m\u0171k\u00f6dni, \u00e9s h\u00e9tf\u0151n \u00fajra norm\u00e1l \u00fczemm\u00f3dba kapcsol.<\/li>\n<\/ol>\n<p>&nbsp;<\/p>\n<div>A rendszer m\u00e9ret\u00e9t\u0151l f\u00fcgg\u0151en a h\u0151m\u00e9rs\u00e9klet cs\u00f6kkent\u00e9s\u00e9vel t\u00f6bb ezer eur\u00f3t takar\u00edthat meg. Egy olyan \u00f6sszeg, amelyet a k\u00f6vetkez\u0151 p\u00e9nz\u00fcgyi \u00e9vben biztosan be tud tervezni a k\u00f6lts\u00e9gvet\u00e9s\u00e9be. Esetleg m\u00e9g arra is, hogy egy\u00fctt \u00fcnnepeljen alkalmazottaival, \u00e9s koccintson az \u00faj\u00e9vre?<\/div>\n<p>&nbsp;<\/p>\n<div>Ha seg\u00edts\u00e9gre van sz\u00fcks\u00e9ge a be\u00e1ll\u00edt\u00e1sokkal kapcsolatban, \u00e9s b\u00e1rmilyen k\u00e9rd\u00e9se van, sz\u00edvesen seg\u00edt\u00fcnk \u00d6nnek. Ha pedig t\u00f6bbet szeretne megtudni a h\u0151m\u00e9rs\u00e9kletcs\u00f6kkent\u00e9sr\u0151l \u00e9s a modern f\u0171t\u00e9sszab\u00e1lyoz\u00e1s lehet\u0151s\u00e9geir\u0151l, egyszer\u0171en vegye fel vel\u00fcnk a kapcsolatot. <a href=\"https:\/\/www.kuebler-hallenheizungen.de\/de\/kontakt\/\">Kapcsolatfelv\u00e9tel<\/a> vel\u00fcnk.<\/div>\n<div><\/div>\n<h3 style=\"text-align: center;\">\u2606 Kellemes kar\u00e1csonyi \u00fcnnepeket k\u00edv\u00e1nunk \u00d6nnek, \u00e9s boldog, sikeres 2026-os \u00e9vet! \u2606<\/h3>","protected":false},"excerpt":{"rendered":"<p>A kar\u00e1csony ism\u00e9t meglep\u0151en gyorsan k\u00f6zeledik - \u00e9s sajnos egy-k\u00e9t kih\u00edv\u00e1s is van a l\u00e1that\u00e1ron. A 3G \u00e9s a 2G pluszt\u00f3l kezdve az energia\u00e1rak k\u00f6vetkez\u0151 emelked\u00e9s\u00e9ig. Gratul\u00e1lunk, ha m\u00e1r \u00e1t\u00e1ll\u00edtotta csarnokf\u0171t\u00e9s\u00e9t a K\u00dcBLER gazdas\u00e1gos rendszer\u00e9re. Ez t\u00f6bb szempontb\u00f3l is igaz\u00e1n j\u00f3 d\u00f6nt\u00e9s.<\/p>","protected":false},"author":3,"featured_media":16916,"comment_status":"closed","ping_status":"closed","sticky":false,"template":"","format":"standard","meta":{"_acf_changed":false,"_seopress_robots_primary_cat":"none","_seopress_titles_title":"Ihre Hallenheizung in der Weihnachtpause regeln l K\u00dcBLER","_seopress_titles_desc":"Optimieren Sie Ihre Hallenheizung w\u00e4hrend der Weihnachtspause und senken Sie clever Ihre Energiekosten. Erfahren Sie jetzt, wie es geht!","_seopress_robots_index":"","footnotes":""},"categories":[1],"tags":[281,220,307,308,88,309],"class_list":["post-18707","post","type-post","status-publish","format-standard","has-post-thumbnail","hentry","category-allgemein","tag-hallenbeheizung","tag-hallenheizungen","tag-heizbetrieb","tag-heizung-fuer-hallen","tag-heizungsregelung","tag-urlaubsregelung"],"acf":[],"_links":{"self":[{"href":"https:\/\/www.kuebler-hallenheizungen.de\/hu\/wp-json\/wp\/v2\/posts\/18707","targetHints":{"allow":["GET"]}}],"collection":[{"href":"https:\/\/www.kuebler-hallenheizungen.de\/hu\/wp-json\/wp\/v2\/posts"}],"about":[{"href":"https:\/\/www.kuebler-hallenheizungen.de\/hu\/wp-json\/wp\/v2\/types\/post"}],"author":[{"embeddable":true,"href":"https:\/\/www.kuebler-hallenheizungen.de\/hu\/wp-json\/wp\/v2\/users\/3"}],"replies":[{"embeddable":true,"href":"https:\/\/www.kuebler-hallenheizungen.de\/hu\/wp-json\/wp\/v2\/comments?post=18707"}],"version-history":[{"count":0,"href":"https:\/\/www.kuebler-hallenheizungen.de\/hu\/wp-json\/wp\/v2\/posts\/18707\/revisions"}],"wp:featuredmedia":[{"embeddable":true,"href":"https:\/\/www.kuebler-hallenheizungen.de\/hu\/wp-json\/wp\/v2\/media\/16916"}],"wp:attachment":[{"href":"https:\/\/www.kuebler-hallenheizungen.de\/hu\/wp-json\/wp\/v2\/media?parent=18707"}],"wp:term":[{"taxonomy":"category","embeddable":true,"href":"https:\/\/www.kuebler-hallenheizungen.de\/hu\/wp-json\/wp\/v2\/categories?post=18707"},{"taxonomy":"post_tag","embeddable":true,"href":"https:\/\/www.kuebler-hallenheizungen.de\/hu\/wp-json\/wp\/v2\/tags?post=18707"}],"curies":[{"name":"wp","href":"https:\/\/api.w.org\/{rel}","templated":true}]}}