{"id":18727,"date":"2025-07-14T08:18:16","date_gmt":"2025-07-14T06:18:16","guid":{"rendered":"https:\/\/kuebler.werbe-sofa.de\/energiefresser-heizung-10-einspartipps-vom-experten\/"},"modified":"2026-03-11T17:39:28","modified_gmt":"2026-03-11T16:39:28","slug":"energiafalo-futes-10-megtakaritasi-tipp-a-szakertotol","status":"publish","type":"post","link":"https:\/\/www.kuebler-hallenheizungen.de\/hu\/energiefresser-heizung-10-einspartipps-vom-experten\/","title":{"rendered":"K\u00f6lts\u00e9gt\u00e9nyez\u0151 csarnokf\u0171t\u00e9s - 10 megtakar\u00edt\u00e1si tipp a szak\u00e9rt\u0151t\u0151l"},"content":{"rendered":"<p><b>Az els\u0151 j\u00f3 h\u00edr<\/b> Ha modern infrav\u00f6r\u00f6s f\u0171t\u00e9st haszn\u00e1l, akkor eleve sok energi\u00e1t takar\u00edt meg \u2013 f\u00fcggetlen\u00fcl att\u00f3l, hogy az milyen \u00e9vj\u00e1rat\u00fa. A jelenlegi modellek \u2013 intelligens vez\u00e9rl\u00e9ssel \u2013 m\u00e9g sokkal takar\u00e9kosabbak, \u00e9s meg\u00fajul\u00f3 energi\u00e1val is m\u0171k\u00f6dtethet\u0151k, \u00edgy cser\u00e9j\u00fck gazdas\u00e1gos lehet, de alapvet\u0151en j\u00f3 helyzetben van.<\/p>\n<p><strong>A m\u00e1sodik j\u00f3 h\u00edr<\/strong> Az energiafogyaszt\u00e1s tov\u00e1bb cs\u00f6kkenthet\u0151, ha optim\u00e1lisan kihaszn\u00e1lja energiatakar\u00e9kos csarnokf\u0171t\u00e9si rendszer\u00e9nek potenci\u00e1lj\u00e1t. Thomas K\u00fcbler csarnokf\u0171t\u00e9si szak\u00e9rt\u0151 szerint ugyanis \u201ea legtakar\u00e9kosabb f\u0171t\u00e9s az, amelyik nem m\u0171k\u00f6dik\u201c. Mivel az infrav\u00f6r\u00f6s f\u0171t\u00e9s gyorsan hat, a h\u0151m\u00e9rs\u00e9kletet az \u00e9p\u00fcletben le lehet cs\u00f6kkenteni, ha nem dolgoznak, \u00e9s sz\u00fcks\u00e9g eset\u00e9n a munkater\u00fcleteket c\u00e9lzottan, gyorsan \u00fajra fel lehet meleg\u00edteni. Ehhez n\u00e9h\u00e1ny fontos tippet szeretn\u00e9nk adni \u00d6nnek:<\/p>\n<h2>Tipp 1: Cs\u00f6kkentse a f\u0171t\u00e9si id\u0151t a val\u00f3ban sz\u00fcks\u00e9gesre.<\/h2>\n<p>Az infrav\u00f6r\u00f6s f\u0171t\u0151berendez\u00e9sek csak r\u00f6vid felf\u0171t\u00e9si id\u0151t ig\u00e9nyelnek, \u00e9s sz\u00fcks\u00e9g szerint be- vagy kikapcsolhat\u00f3k. Ez\u00e9rt haszn\u00e1lja ki a modern digit\u00e1lis vez\u00e9rl\u00e9s lehet\u0151s\u00e9geit. Ellen\u0151rizze a vez\u00e9rl\u0151rendszer id\u0151be\u00e1ll\u00edt\u00e1s\u00e1t, \u00e9s igaz\u00edtsa azt a csarnok t\u00e9nyleges munkaidej\u00e9hez. Egy\u00e9bk\u00e9nt, ha m\u00e9g nem haszn\u00e1l modern vez\u00e9rl\u0151rendszert, akkor ezt viszonylag k\u00f6nnyen ut\u00f3lagosan is be\u00e9p\u00edtheti megl\u00e9v\u0151 rendszer\u00e9be.<\/p>\n<h2>Tipp 2: Ellen\u0151rizze a f\u0171t\u00e9si z\u00f3n\u00e1k ig\u00e9ny szerinti be\u00e1ll\u00edt\u00e1sait.<\/h2>\n<p>Nem mindenki dolgozik ugyanannyit \u00e9s ugyanannyi ideig minden munkater\u00fcleten. Kapcsolja ki azokat a z\u00f3n\u00e1kat, ahol a m\u0171szak kor\u00e1bban \u00e9r v\u00e9get, vagy ahol bizonyos napokon egy\u00e1ltal\u00e1n nincs munka.<\/p>\n<h2>Tipp 3: Cs\u00f6kkentse a be\u00e1ll\u00edtott h\u0151m\u00e9rs\u00e9kletet 2-3 fokkal.<\/h2>\n<p>\u00cdgy kihaszn\u00e1lhatja az infrav\u00f6r\u00f6s f\u0171t\u00e9s k\u00fcl\u00f6nleges el\u0151ny\u00e9t, amely a h\u0151sug\u00e1rz\u00e1snak \u00e9s a f\u0171t\u00f6tt fel\u00fcleteknek, pl. a csarnok padl\u00f3j\u00e1nak (k\u00e9tir\u00e1ny\u00fa \u00fczemm\u00f3d) k\u00f6sz\u00f6nhet\u0151en kor\u00e1bbi komfort\u00e9rzetet biztos\u00edt. Ez azt jelenti, hogy egy nagy hat\u00e9konys\u00e1g\u00fa infrav\u00f6r\u00f6s csarnokf\u0171t\u00e9ssel a melegleveg\u0151-f\u0171t\u00e9s 18 \u00b0C-os leveg\u0151h\u0151m\u00e9rs\u00e9klet\u00e9vel megegyez\u0151 f\u0171t\u00e9si min\u0151s\u00e9get 15-16 \u00b0C-on lehet el\u00e9rni. Haszn\u00e1lja ki ezt az el\u0151nyt!<\/p>\n<h2>Tipp 4: Ellen\u0151rizze az ajt\u00f3nyit\u00e1s idej\u00e9t.<\/h2>\n<p>Cs\u00f6kkentse ezeket a sz\u00fcks\u00e9ges minimumra. A nyitott ajt\u00f3k sok energi\u00e1t pazarolnak feleslegesen. A gyakori ajt\u00f3nyit\u00e1s eset\u00e9n haszn\u00e1ljon intelligens szoftvereszk\u00f6z\u00f6ket, p\u00e9ld\u00e1ul a <a href=\"https:\/\/www.kuebler-hallenheizungen.de\/hu\/termekek\/vezerlok\/bovito-modulok\/\">TorOff,<\/a> az energiavesztes\u00e9gek elker\u00fcl\u00e9se \u00e9rdek\u00e9ben.<\/p>\n<h2>Tipp 5: Ellen\u0151rizze a szoba keret\u00e9t nyitott ablakok \u00e9s sziv\u00e1rg\u00e1sok szempontj\u00e1b\u00f3l.<\/h2>\n<p>A nyitott ablakokon vagy a sziv\u00e1rg\u00f3 \u00e9p\u00fcletburkolaton kereszt\u00fcl is sok energia veszhet el. Kellemetlen hideghidak is keletkeznek. Ellen\u0151rizze \u00e9p\u00fcleteit, \u00e9s sz\u00fcks\u00e9g eset\u00e9n v\u00e9gezzen kisebb jav\u00edt\u00e1sokat. \u00cdgy elker\u00fclhet\u0151 a felesleges energiavesztes\u00e9g.<\/p>\n<h2>Tipp 6: Tiszt\u00edtsa meg a r\u00e9gebbi f\u0171t\u0151berendez\u00e9sek f\u00e9nyvisszaver\u0151it.<\/h2>\n<p>A tiszta, rozsdamentes ac\u00e9lb\u00f3l k\u00e9sz\u00fclt reflektorok optim\u00e1lis infrav\u00f6r\u00f6s \u00e1tvitelt biztos\u00edtanak a munkater\u00fcleteken. Szennyez\u0151d\u00e9s eset\u00e9n a h\u0151sug\u00e1rz\u00e1s egy r\u00e9sze diff\u00fazi\u00f3val elv\u00e9sz. Er\u0151sen szennyezett fel\u00fcleteken ak\u00e1r 10 sz\u00e1zal\u00e9kot is! Ez a felesleges fogyaszt\u00e1s egyszer\u0171en \u00e9s hat\u00e9konyan megtakar\u00edthat\u00f3. Megjegyz\u00e9s: a modern cs\u00facsk\u00e9sz\u00fcl\u00e9kekkel, mint p\u00e9ld\u00e1ul <a href=\"\/hu\/termekek\/infravoeroes-csarnokfutesek\/optima-plus\/\">OPTIMA plus<\/a>, <a href=\"\/hu\/termekek\/infravoeroes-csarnokfutesek\/maxima\/\">MAXIMA,<\/a> <a href=\"\/hu\/termekek\/infravoeroes-csarnokfutesek\/maxima-e-hibrid\/\">MAXIMA E-Hybrid<\/a> vagy az innovat\u00edv, energiahat\u00e9kony <a href=\"https:\/\/www.kuebler-hallenheizungen.de\/hu\/electro-ir\/\">Fair.AIdH*<\/a>-csarnokf\u0171t\u00e9sek, pl. a sorozatb\u00f3l <a href=\"https:\/\/www.kuebler-hallenheizungen.de\/hu\/termekek\/csarnokfutesi-rendszerek\/futura\/\">FUTURA<\/a> a kialak\u00edt\u00e1snak k\u00f6sz\u00f6nhet\u0151en nincs sz\u00fcks\u00e9g a reflektor tiszt\u00edt\u00e1s\u00e1ra.<\/p>\n<h2>Tipp 7: Gondolkodjon r\u00e9gi f\u0171t\u00e9si rendszer\u00e9nek lecser\u00e9l\u00e9s\u00e9n.<\/h2>\n<p>Akkor ne k\u00f6vesse el azt a hib\u00e1t, hogy a csarnok f\u0171t\u00e9s\u00e9n\u00e9l visszat\u00e9rjen egy konvekt\u00edv m\u0171k\u00f6d\u00e9s\u0171 rendszerhez (vagyis olyan rendszerhez, amely meleg leveg\u0151vel vagy meleg v\u00edzzel m\u0171k\u00f6dik). Mi\u00e9rt? Mert ez nagy val\u00f3sz\u00edn\u0171s\u00e9ggel visszal\u00e9p\u00e9s lenne a f\u0171t\u00e9si energiafogyaszt\u00e1s tekintet\u00e9ben \u2013 a k\u00e9nyelem cs\u00f6kken\u00e9s\u00e9r\u0151l nem is besz\u00e9lve. Ha h\u0151szivatty\u00fa beszerz\u00e9s\u00e9n gondolkodik, tudnia kell: a h\u0151szivatty\u00fa kiv\u00e1l\u00f3an alkalmas a h\u0151 nagyon hat\u00e9kony el\u0151\u00e1ll\u00edt\u00e1s\u00e1ra alacsony h\u0151m\u00e9rs\u00e9kleti szinten \u2013 ide\u00e1lis a legt\u00f6bb emeletes \u00e9p\u00fclethez. A 4 m\u00e9ter feletti belmagass\u00e1g\u00fa csarnok\u00e9p\u00fcletekben ez a f\u0171t\u00e9si elv gyakran nem m\u0171k\u00f6dik kiel\u00e9g\u00edt\u0151en. Ezenk\u00edv\u00fcl elvesz\u00edti azt a lehet\u0151s\u00e9get, hogy a t\u00e9nyleges h\u0151ig\u00e9nyhez igazodva f\u0171ts\u00f6n, vagyis akkor \u00e9s azokban a csarnokr\u00e9szekben, ahol val\u00f3ban sz\u00fcks\u00e9g van a f\u0171t\u00e9sre. A hidraulikus h\u0151szivatty\u00fa-rendszerek rendszerinertiaja, valamint a kieg\u00e9sz\u00edt\u0151 seg\u00e9denergi\u00e1kkal t\u00f6rt\u00e9n\u0151 h\u0151eloszt\u00e1s nem igaz\u00e1n alkalmas az ipari \u00e9s kereskedelmi v\u00e1llalkoz\u00e1sok dinamikus \u00e9s v\u00e1ltoz\u00f3 ig\u00e9nyeinek kiel\u00e9g\u00edt\u00e9s\u00e9re. A nyitott kapukt\u00f3l kezdve a m\u0171szakos \u00fczemel\u00e9sig. Ha a berendez\u00e9s kora \u00e9s az \u00e1ltal\u00e1nos helyzet miatt fontol\u00f3ra veszi f\u0171t\u00e9si rendszer\u00e9nek optimaliz\u00e1l\u00e1s\u00e1t a CO\u2082-kibocs\u00e1t\u00e1s \u00e9s a f\u0171t\u00e9si k\u00f6lts\u00e9gek cs\u00f6kkent\u00e9se \u00e9rdek\u00e9ben, mindenk\u00e9ppen k\u00e9rjen tan\u00e1csot az energiahat\u00e9kony csarnokf\u0171t\u00e9s ter\u00e9n j\u00e1rtas szak\u00e9rt\u0151kt\u0151l.<\/p>\n<h2>8. tipp: Ismerje meg az \u00faj GEG- \u00e9s GMG-konform csarnokf\u0171t\u00e9si technol\u00f3gi\u00e1kat.<\/h2>\n<p>A kl\u00edmav\u00e1ltoz\u00e1s k\u00f6vetelm\u00e9nyeinek megfelel\u0151en sz\u00e1mos lehet\u0151s\u00e9get fejlesztettek ki a csarnokok energiafogyaszt\u00e1s\u00e1nak c\u00e9lzott cs\u00f6kkent\u00e9s\u00e9re. Ak\u00e1r az innovat\u00edv E-HYBRID vagy multi-energia rendszereinkkel (<a href=\"https:\/\/www.kuebler-hallenheizungen.de\/hu\/electro-ir\/\">Fair.AIdH*<\/a>-technol\u00f3gi\u00e1k) is nagyon gazdas\u00e1gosan hasznos\u00edthatj\u00e1k a meg\u00fajul\u00f3 energi\u00e1kat. A leg\u00fajabb cs\u00facstechnol\u00f3gi\u00e1k k\u00e9pesek a k\u00fcl\u00f6nb\u00f6z\u0151 energiaform\u00e1k elnyel\u00e9s\u00e9re, \u00e9s \u00edgy a f\u0171t\u00e9s tekintet\u00e9ben a sz\u00e9nmentes korszakba sug\u00e1rozz\u00e1k \u00d6nt. Ezek olyan technol\u00f3gi\u00e1k, amelyek nagyon gazdas\u00e1gosak, mert a beruh\u00e1z\u00e1s megfizethet\u0151 marad, \u00e9s mert a fogyaszt\u00e1s a sok \u00fajonnan kifejlesztett funkci\u00f3nak k\u00f6sz\u00f6nhet\u0151en ism\u00e9t jelent\u0151sen cs\u00f6kkenthet\u0151. Az energiagazd\u00e1lkod\u00e1s \u00e9s -szab\u00e1lyoz\u00e1s ter\u00e9n biztos lehet benne, hogy f\u0171t\u00e9s\u00e9nek megfelel\u0151 technol\u00f3gi\u00e1val t\u00f6rt\u00e9n\u0151 optimaliz\u00e1l\u00e1sa megt\u00e9r\u00fcl az \u00d6n sz\u00e1m\u00e1ra. \u00c9s a k\u00f6rnyezet sz\u00e1m\u00e1ra is. Aprop\u00f3: a GEG-t felv\u00e1ltja a GMG \u00e9p\u00fcletkorszer\u0171s\u00edt\u00e9si t\u00f6rv\u00e9ny, amely minden technol\u00f3giai szabads\u00e1got megad \u00d6nnek, hogy pontosan azt a f\u0171t\u00e9stechnol\u00f3gi\u00e1t haszn\u00e1lja, amely a leg\u00e9sszer\u0171bb \u00e9s leggazdas\u00e1gosabb az \u00d6n sz\u00e1m\u00e1ra.<\/p>\n<h2>Tipp 9: Haszn\u00e1lja ki az AI-t\u00e1mogatott, digit\u00e1lis vez\u00e9rl\u0151rendszerek lehet\u0151s\u00e9geit.<\/h2>\n<p>Az alacsony fogyaszt\u00e1s\u00fa f\u0171t\u00e9si \u00fczemm\u00f3d fontos t\u00e9nyez\u0151je a rendszer m\u0171k\u00f6d\u00e9se. A modern modul\u00e1ris vez\u00e9rl\u0151rendszerek, mint p\u00e9ld\u00e1ul a CELESTRA vagy a MAXTRA, sz\u00e1mos AI-t\u00e1mogatott lehet\u0151s\u00e9get k\u00edn\u00e1lnak a csarnokf\u0171t\u00e9si rendszer ide\u00e1lis vonal\u00fa automatikus m\u0171k\u00f6dtet\u00e9s\u00e9hez \u00e9s gyakorlatilag minden energiatakar\u00e9koss\u00e1gi lehet\u0151s\u00e9g kihaszn\u00e1l\u00e1s\u00e1hoz. Ilyen p\u00e9ld\u00e1ul a csarnokajt\u00f3k nyit\u00e1sakor t\u00f6rt\u00e9n\u0151 automatikus kikapcsol\u00e1s, az \u00e9p\u00fclett\u00e1rol\u00e1s, a villamosenergia-t\u0151zsd\u00e9hez val\u00f3 csatlakoz\u00e1s vagy az id\u0151j\u00e1r\u00e1si adatok integr\u00e1l\u00e1sa. Egy olyan energiagazd\u00e1lkod\u00e1si rendszer integr\u00e1l\u00e1sa, mint a kifejezetten csarnokf\u0171t\u00e9si rendszerekhez kifejlesztett \u00e9s BAFA-list\u00e1s EMMA, az egyes f\u0171t\u0151testek val\u00f3s idej\u0171 elemz\u00e9s\u00e9vel a rendszer m\u0171k\u00f6d\u00e9s\u00e9nek teljes \u00e1tl\u00e1that\u00f3s\u00e1g\u00e1t, a gyors hiba\u00e9rz\u00e9kel\u00e9st \u00e9s a min\u0151s\u00e9gir\u00e1ny\u00edt\u00e1shoz sz\u00fcks\u00e9ges dokument\u00e1ci\u00f3t is biztos\u00edtja, p\u00e9ld\u00e1ul a DIN 50001 szabv\u00e1ny szerint. Egy\u00e9bk\u00e9nt a k\u00f6vetkez\u0151, n\u00e9h\u00e1ny perc alatt el\u00e9rhet\u0151, gyors \u00e9s k\u00f6nnyen \u00e9rthet\u0151 inform\u00e1ci\u00f3forr\u00e1st tal\u00e1lja meg <a href=\"https:\/\/youtu.be\/Fiq7cItWUDk?si=kltVzhk0FaQ7UR55\">Magyar\u00e1z\u00f3 vide\u00f3<\/a>.<\/p>\n<h2>Tipp 10: K\u00e9rjen tan\u00e1csot elismert szak\u00e9rt\u0151kt\u0151l!<\/h2>\n<p>A csarnokok megb\u00edzhat\u00f3, k\u00e9nyelmes, ugyanakkor k\u00f6lts\u00e9ghat\u00e9kony \u00e9s \u00e9ghajlatbar\u00e1t f\u0171t\u00e9se minden m\u00e1s, mint trivi\u00e1lis feladat. A csarnokok ugyanis teljesen m\u00e1s k\u00f6vetelm\u00e9nyeket t\u00e1masztanak a f\u0171t\u00e9stechnik\u00e1val szemben, mint a lak\u00f3- vagy irodah\u00e1zak. Mindenk\u00e9ppen forduljon tapasztalt szakemberekhez, akik ismerik ezt a speci\u00e1lis \u00e9p\u00fcletkateg\u00f3ri\u00e1t. A K\u00dcBLER csarnokf\u0171t\u00e9si szak\u00e9rt\u0151 sok \u00e9rt\u00e9kes inform\u00e1ci\u00f3val szolg\u00e1l a k\u00f6vetkez\u0151kr\u0151l <a href=\"http:\/\/www.kuebler-hallenheizungen.de\/hu\/\">www.kuebler-hallenheizungen.de<\/a> rendelkez\u00e9sre \u00e1ll.<\/p>\n<p>\u00c9s v\u00e9g\u00fcl, de nem utols\u00f3sorban<strong> a harmadik j\u00f3 h\u00edr<\/strong>: Ha k\u00f6vetkezetesen betartja a fenti aj\u00e1nl\u00e1sokat, viszonylag kis r\u00e1ford\u00edt\u00e1ssal \u00e9rt\u00e9kes megtakar\u00edt\u00e1si lehet\u0151s\u00e9geket val\u00f3s\u00edthat meg v\u00e1llalat\u00e1nak, jelent\u0151sen hozz\u00e1j\u00e1rulhat a kl\u00edmav\u00e9delemhez, teljes\u00edtheti a t\u00f6rv\u00e9nyi el\u0151\u00edr\u00e1sokat, \u00e9s \u00e9lvezheti a k\u00fcl\u00f6n\u00f6sen kellemes h\u0151m\u00e9rs\u00e9kleti viszonyokat a csarnok\u00e1ban.<\/p>","protected":false},"excerpt":{"rendered":"<p>Az energiav\u00e1ls\u00e1g jelenleg senkit sem hagy hidegen. Mindenki k\u00e9ts\u00e9gbeesetten keresi a m\u00f3dj\u00e1t annak, hogy a fogyaszt\u00e1st \u00e9s a k\u00f6lts\u00e9geket valamilyen m\u00e9rt\u00e9kben kord\u00e1ban tartsa. A n\u00e9met korm\u00e1ny \u00e1rf\u00e9kje csak 2023 m\u00e1rcius\u00e1ban l\u00e9p \u00e9letbe, \u00e9s m\u00e9g akkor is az alapkv\u00f3ta feletti 30 sz\u00e1zal\u00e9kos ipari \u00e9s 20 sz\u00e1zal\u00e9kos kis- \u00e9s k\u00f6z\u00e9pv\u00e1llalati \u00e1rakat j\u00f6v\u0151re is a vad piaci viszonyok fogj\u00e1k befoly\u00e1solni. Mit lehet teh\u00e1t tenni?<\/p>","protected":false},"author":3,"featured_media":16911,"comment_status":"open","ping_status":"open","sticky":false,"template":"","format":"standard","meta":{"_acf_changed":false,"_seopress_robots_primary_cat":"none","_seopress_titles_title":"Energiefresser Heizung \u2013 10 Einspartipps vom Experten","_seopress_titles_desc":"Energiesparen ist brandaktuell. Erfahren Sie die hei\u00dfesten Tipps zum Sparen. -> Jetzt den neuen Blogartikel lesen!","_seopress_robots_index":"","footnotes":""},"categories":[1],"tags":[310,85,205,311,293,220,312,313,221],"class_list":["post-18727","post","type-post","status-publish","format-standard","has-post-thumbnail","hentry","category-allgemein","tag-einspartipps","tag-energie","tag-energie-sparen","tag-energiekrise","tag-energiesparen","tag-hallenheizungen","tag-heizkosten-sparen","tag-kosten-senken","tag-kuebler"],"acf":[],"_links":{"self":[{"href":"https:\/\/www.kuebler-hallenheizungen.de\/hu\/wp-json\/wp\/v2\/posts\/18727","targetHints":{"allow":["GET"]}}],"collection":[{"href":"https:\/\/www.kuebler-hallenheizungen.de\/hu\/wp-json\/wp\/v2\/posts"}],"about":[{"href":"https:\/\/www.kuebler-hallenheizungen.de\/hu\/wp-json\/wp\/v2\/types\/post"}],"author":[{"embeddable":true,"href":"https:\/\/www.kuebler-hallenheizungen.de\/hu\/wp-json\/wp\/v2\/users\/3"}],"replies":[{"embeddable":true,"href":"https:\/\/www.kuebler-hallenheizungen.de\/hu\/wp-json\/wp\/v2\/comments?post=18727"}],"version-history":[{"count":3,"href":"https:\/\/www.kuebler-hallenheizungen.de\/hu\/wp-json\/wp\/v2\/posts\/18727\/revisions"}],"predecessor-version":[{"id":123510,"href":"https:\/\/www.kuebler-hallenheizungen.de\/hu\/wp-json\/wp\/v2\/posts\/18727\/revisions\/123510"}],"wp:featuredmedia":[{"embeddable":true,"href":"https:\/\/www.kuebler-hallenheizungen.de\/hu\/wp-json\/wp\/v2\/media\/16911"}],"wp:attachment":[{"href":"https:\/\/www.kuebler-hallenheizungen.de\/hu\/wp-json\/wp\/v2\/media?parent=18727"}],"wp:term":[{"taxonomy":"category","embeddable":true,"href":"https:\/\/www.kuebler-hallenheizungen.de\/hu\/wp-json\/wp\/v2\/categories?post=18727"},{"taxonomy":"post_tag","embeddable":true,"href":"https:\/\/www.kuebler-hallenheizungen.de\/hu\/wp-json\/wp\/v2\/tags?post=18727"}],"curies":[{"name":"wp","href":"https:\/\/api.w.org\/{rel}","templated":true}]}}