{"id":18732,"date":"2022-12-06T11:05:59","date_gmt":"2022-12-06T10:05:59","guid":{"rendered":"https:\/\/kuebler.werbe-sofa.de\/novelle-des-gebaeudeenergie-gesetzes-fdp-kuendigt-umstellung-von-energie-auf-emissions-effizienz-an\/"},"modified":"2025-10-21T16:04:26","modified_gmt":"2025-10-21T14:04:26","slug":"az-epueletenergetikai-toerveny-modositasa-fdp-bejelentette-az-energiahatekonysagrol-a-kibocsatas-hatekonysagra-valo-atterest","status":"publish","type":"post","link":"https:\/\/www.kuebler-hallenheizungen.de\/hu\/novelle-gebaeudeenergie-gesetzes-fdp-kuendigt-umstellung-von-energie-auf-emissions-effizienz-an\/","title":{"rendered":"Az \u00e9p\u00fcletenergetikai t\u00f6rv\u00e9ny m\u00f3dos\u00edt\u00e1sa: az FDP bejelentette, hogy az energiahat\u00e9konys\u00e1gr\u00f3l \u00e1tt\u00e9rnek a kibocs\u00e1t\u00e1s-hat\u00e9konys\u00e1gra"},"content":{"rendered":"<p>Az ipar\u00e1g a szab\u00e1lyoz\u00e1s \u00e9s a megval\u00f3s\u00edthat\u00f3s\u00e1g, valamint a f\u00f3kusz\u00e1l\u00e1s \u00e9s a technol\u00f3giai nyitotts\u00e1g k\u00f6z\u00f6tti vit\u00e1ban \u00e1ll. Thomas K\u00fcbler 30 \u00e9vvel ezel\u0151tt alap\u00edtotta meg az azonos nev\u0171 c\u00e9get, \u00e9s hozta l\u00e9tre saj\u00e1t K+F egys\u00e9g\u00e9t. \u00d6t \u00e9vvel ezel\u0151tt a v\u00e1llalat elkezdte a FUTURA fejleszt\u00e9s\u00e9t, amely az energia\u00e1talak\u00edt\u00e1shoz kapcsol\u00f3d\u00f3 innov\u00e1ci\u00f3. Az ipari csarnokok sz\u00e1m\u00e1ra k\u00e9sz\u00fclt egyed\u00fcl\u00e1ll\u00f3 infrav\u00f6r\u00f6s f\u0171t\u0151rendszer bevezet\u00e9se alkalm\u00e1b\u00f3l szak\u00e9rt\u0151k vitatt\u00e1k meg az energetikai \u00e1t\u00e1ll\u00e1s kih\u00edv\u00e1sait. R\u00e9szlet a szak\u00e9rt\u0151i p\u00e1rbesz\u00e9db\u0151l:<\/p>\n<h3><strong>Daniel F\u00f6st MdB,<\/strong> A Bundestag FDP-frakci\u00f3j\u00e1nak \u00e9p\u00edt\u00e9s- \u00e9s lak\u00e1spolitikai sz\u00f3viv\u0151je:<\/h3>\n<p>\"Az \u00e9p\u00fcletenergetikai t\u00f6rv\u00e9nyt j\u00f6v\u0151re jelent\u0151sen m\u00f3dos\u00edtjuk. Jelenleg az a benyom\u00e1som, hogy elakadtunk.<\/p>\n<p>\u00dagy gondolom, hogy jobban meg kell oldanunk a rendszer probl\u00e9m\u00e1it. Ez\u00e9rt tartom c\u00e9lszer\u0171nek, hogy a GEG-et az energiahat\u00e9konys\u00e1gr\u00f3l a kibocs\u00e1t\u00e1shat\u00e9konys\u00e1gra \u00e1ll\u00edtsuk \u00e1t. Meg kell hat\u00e1roznunk, hogyan lehet CO\u2082-t megtakar\u00edtani, \u00e9s nem egy egyetlen technol\u00f3gi\u00e1ra kell koncentr\u00e1lnunk.<\/p>\n<p>A mi m\u00e9rc\u00e9nknek a kibocs\u00e1t\u00e1s hat\u00e9konys\u00e1g\u00e1nak kell lennie.\"<\/p>\n<h3><strong>Franz Untersteller (A Z\u00f6ldek),<\/strong> Baden-W\u00fcrttemberg tartom\u00e1ny volt k\u00f6rnyezetv\u00e9delmi minisztere:<\/h3>\n<p>\"Nem el\u00e9g azt mondani, hogy 65 sz\u00e1zal\u00e9kban meg\u00fajul\u00f3 energi\u00e1t szeretn\u00e9nk, amikor 2024-t\u0151l \u00faj f\u0171t\u00e9si rendszereket telep\u00edt\u00fcnk.<\/p>\n<p>Fontos, hogy elker\u00fclj\u00fck a CO\u2082-kibocs\u00e1t\u00e1st. Nem sz\u00e1m\u00edt, milyen technol\u00f3gi\u00e1val. N\u00e9h\u00e1ny n\u00e9metorsz\u00e1gi vit\u00e1t hallgatva azt gondolom: \u0151r\u00fclet.<\/p>\n<p>T\u00f6bb pragmatizmusra van sz\u00fcks\u00e9g\u00fcnk, ami Berlinben sem \u00e1rt. T\u00f6bb pragmatizmust szeretn\u00e9k l\u00e1tni, mert a CO\u2082-kibocs\u00e1t\u00e1s cs\u00f6kkent\u00e9s\u00e9r\u0151l van sz\u00f3 \u2013 \u00e9s m\u00e9ghozz\u00e1 k\u00f6lts\u00e9ghat\u00e9kony m\u00f3don.<\/p>\n<p>Mi\u00e9rt csak z\u00f6ld hidrog\u00e9nt \u00e9p\u00edtene Norv\u00e9gia, \u00e9s mi\u00e9rt nem k\u00e9k hidrog\u00e9nt is? Nem l\u00e1tom, hol van a probl\u00e9ma. Ha Norv\u00e9gia v\u00e9gigcsin\u00e1lja, \u00e9s mi N\u00e9metorsz\u00e1gban tov\u00e1bbra is a z\u00f6ldre koncentr\u00e1lunk, akkor el\u0151fordulhat, hogy egy energiaig\u00e9nyes v\u00e1llalat elk\u00f6lt\u00f6zik N\u00e9metorsz\u00e1gb\u00f3l.<\/p>\n<p>Nyolc \u00e9ve t\u00e1rgyalunk az intelligens fogyaszt\u00e1sm\u00e9r\u0151k bevezet\u00e9s\u00e9r\u0151l. Az a benyom\u00e1som, hogy van k\u00e9t-h\u00e1rom ember a hat\u00f3s\u00e1gokn\u00e1l, akik mindent egyre bonyolultabb\u00e1 akarnak tenni.<\/p>\n<p>S\u00fcrg\u0151sen differenci\u00e1lnunk kell a GEG-ben. Egy b\u00f6lcs\u0151de m\u00e1s, mint egy 40 m\u00e9ter magas csarnok\".<\/p>\n<h3><strong>Michael Hauer (Z\u00f6ldek),<\/strong> Rajna-vid\u00e9k-Pfalz tartom\u00e1ny \u00e9ghajlatv\u00e9delmi, k\u00f6rnyezetv\u00e9delmi, energia\u00fcgyi \u00e9s mobilit\u00e1si miniszt\u00e9rium\u00e1nak \u00e1llamtitk\u00e1ra:<\/h3>\n<p>\"A K\u00dcBLER GmbH egy jelz\u0151f\u00e9ny Rajna-vid\u00e9k-Pfalzban. Rem\u00e9lem, hogy az innen sz\u00e1rmaz\u00f3 innov\u00e1ci\u00f3kat az eg\u00e9sz tartom\u00e1ny is megval\u00f3s\u00edtja. A FUTURA fejleszt\u00e9se azt a nagyszer\u0171 lehet\u0151s\u00e9get rejti mag\u00e1ban, hogy akkor juthatunk energi\u00e1hoz, amikor arra sz\u00fcks\u00e9g van.<\/p>\n<p>Meg kell v\u00e1ltoztatnunk a viselked\u00e9s\u00fcnket \u00e9s az \u00fczleti modelljeinket. Az \u00e9ghajlatv\u00e9delmi c\u00e9lokat nem lehet tov\u00e1bb halogatni. Region\u00e1lis energetikai \u00e1t\u00e1ll\u00e1sra van sz\u00fcks\u00e9g\u00fcnk. \u00c9s nyitotts\u00e1gra van sz\u00fcks\u00e9g\u00fcnk a technol\u00f3gia ir\u00e1nt.<\/p>\n<p>Naponta dolgozunk egy\u00fctt Berlinnel, \u00e9s a GEG-t \u00fagy fogjuk el\u0151mozd\u00edtani, hogy a megk\u00fcl\u00f6nb\u00f6ztet\u00e9s a nem lak\u00f3\u00e9p\u00fcletekben is megval\u00f3suljon.\"<\/p>\n<h3><strong>apl. Prof. Dr. rer. nat. Svenja Carrigan,<\/strong> TU Kaiserslautern, az \u00e9p\u00fcletfizikai modellez\u00e9s professzora:<\/h3>\n<p>\u201eEur\u00f3pa elfordul az els\u0151dleges energiaforr\u00e1sokt\u00f3l, \u00e9s a CO\u2082-kibocs\u00e1t\u00e1s cs\u00f6kkent\u00e9se fel\u00e9 fordul: Milyen energiarendszert haszn\u00e1lhatok, \u00e9s hogyan? Nemcsak az energiaforr\u00e1sok \u00fczemeltet\u00e9s\u00e9re kell \u00f6sszpontos\u00edtanunk, hanem az eg\u00e9sz \u00e9letciklusra. Decentraliz\u00e1ltabb\u00e1 kell v\u00e1lnunk, \u00e9s nagyobb l\u00e9pt\u00e9kben kell gondolkodnunk.\u201c<\/p>\n<h3><strong>Thomas Niederhofer,<\/strong> A Knauf Interfer Steel \u00fczlet\u00e1g \u00fcgyvezet\u0151 igazgat\u00f3ja<\/h3>\n<p>\"\u00daj \u00f6szt\u00f6nz\u0151kre van sz\u00fcks\u00e9g\u00fcnk. V\u00e1llalkoz\u00e1sk\u00e9nt annyi hely\u00fcnk van, hogy a f\u00f6ldre is telep\u00edthet\u00fcnk fotovoltaik\u00e1t. De arra is sz\u00fcks\u00e9g\u00fcnk van, hogy az \u00e1ramot j\u00f3v\u00e1\u00edrhassuk, \u00e9s ne csak vakon t\u00fczelj\u00fck be egy rendszerbe. Nagyobb rugalmass\u00e1gra van sz\u00fcks\u00e9g\u00fcnk. Hollandi\u00e1ban az e-aut\u00f3kat \u00e9jszaka t\u00f6ltik, \u00e9s napk\u00f6zben, amikor nincs r\u00e1juk sz\u00fcks\u00e9g aut\u00f3sk\u00e9nt, akkumul\u00e1tor\u00e1llom\u00e1sk\u00e9nt haszn\u00e1lj\u00e1k.<\/p>\n<p>Szinte minden tartom\u00e1nyban rendelkez\u00fcnk nagy csarnokokkal. Els\u0151sorban az energiafogyaszt\u00e1s cs\u00f6kkent\u00e9s\u00e9re t\u00f6reksz\u00fcnk, hogy \u00edgy cs\u00f6kkents\u00fck a CO\u2082-kibocs\u00e1t\u00e1st. Egy nagyon nagy, most \u00e1talak\u00edtott csarnokban azonnal k\u00f6r\u00fclbel\u00fcl 76 % energi\u00e1t fogunk megtakar\u00edtani, mert a K\u00dcBLER technol\u00f3gi\u00e1j\u00e1ra t\u00e1maszkodtunk. Ezzel a beruh\u00e1z\u00e1ssal mind\u00f6ssze 2,5 \u00e9v alatt megt\u00e9r\u00fcl a befektet\u00e9s\u00fcnk (ROI)! Nem kell a gyereket a k\u00fathoz vinni, hanem ez \u00fczleti szempontb\u00f3l \u00f6nmag\u00e1ban motiv\u00e1ci\u00f3, hogy ezt megtegy\u00fck. A technol\u00f3gia m\u00e1r megvan.<\/p>\n<p>Mi magunk is kisz\u00e1moltuk a h\u0151szivatty\u00fakat. Ehhez a csarnokhoz 1000 kilowattos t\u00e1pvezet\u00e9kre lenne sz\u00fcks\u00e9g\u00fcnk. Az energiaszolg\u00e1ltat\u00f3 c\u00e9g\u00fcnk ebbe nem megy bele. H\u0151szivatty\u00faval nem fog m\u0171k\u00f6dni. Padl\u00f3f\u0171t\u00e9st sem tudunk be\u00e9p\u00edteni, mert a padl\u00f3inkat nagy terhel\u00e9sre kell tervezni, amit semmilyen padl\u00f3f\u0171t\u00e9s nem b\u00edr el. A tet\u0151n l\u00e9v\u0151 sug\u00e1rz\u00f3 mennyezeti panelek pedig 4-5-sz\u00f6r nehezebbek, mint a K\u00dcBLER-technol\u00f3gia. A csarnok statik\u00e1ja ezt nem b\u00edrja el. \u00c9s ha m\u00e9gis, akkor sem maradna statikai kapacit\u00e1s a PV sz\u00e1m\u00e1ra. A h\u0151szivatty\u00fak a csarnokokban nem m\u0171k\u00f6dnek.\"<\/p>\n<h3><strong>Dr. Robert Seguin,<\/strong> Energia- \u00e9s h\u00e1l\u00f3zati szak\u00e9rt\u0151, a THEMA Consulting Group AS vezet\u0151je Osl\u00f3ban\/Norv\u00e9gia:<\/h3>\n<p>\"Norv\u00e9gi\u00e1ban a v\u00edzenergi\u00e1nak k\u00f6sz\u00f6nhet\u0151en az energia 100 sz\u00e1zal\u00e9ka meg\u00fajul\u00f3 energia. Az energiarendszer id\u0151j\u00e1r\u00e1st\u00f3l val\u00f3 f\u00fcgg\u00e9se n\u00f6veli a rugalmass\u00e1g ir\u00e1nti ig\u00e9nyt. A rendszer rugalmass\u00e1ga n\u00e9lk\u00fcl az energiarendszer \u00e1talak\u00edt\u00e1sa dr\u00e1ga lesz. Rugalmass\u00e1gra a kereslet fedez\u00e9s\u00e9hez, a h\u00e1l\u00f3zat \u00e9s a rendszer stabilit\u00e1sa \u00e9rdek\u00e9ben van sz\u00fcks\u00e9g.\"<\/p>\n<h3><strong>Thomas K\u00fcbler,<\/strong> A K\u00dcBLER GmbH \u00fcgyvezet\u0151 partnere:<\/h3>\n<p>\"Mi mindannyian az energetikai \u00e1tmenet vagyunk. Mindenki hozz\u00e1j\u00e1rulhat. Nem kell \u00e9s nem is szabad v\u00e1rnunk senkire. Csak azt v\u00e1rhatjuk el a politikai d\u00f6nt\u00e9shoz\u00f3kt\u00f3l, hogy az \u00fczleti \u00e9s tudom\u00e1nyos szaktud\u00e1st vegy\u00e9k ig\u00e9nybe \u00e9s \u00e9p\u00edts\u00e9k be a d\u00f6nt\u00e9shozatali folyamatokba.<\/p>\n<p>A z\u00f6ld l\u00e1bnyomukat cs\u00f6kkent\u0151 v\u00e1llalatokat t\u00e1mogatni kell. Minden ott befektetett eur\u00f3 t\u00f6bbsz\u00f6r\u00f6sen visszaj\u00f6n ad\u00f3k form\u00e1j\u00e1ban. Kedves politikusok, ne legyetek ilyen fukarok.<\/p>\n<p>Nincs ideol\u00f3gi\u00e1hoz k\u00f6t\u00f6tt megold\u00e1s. Az \u00e9p\u00fcletenergetikai t\u00f6rv\u00e9nyt tegy\u00fck nyitott\u00e1 minden technol\u00f3gia sz\u00e1m\u00e1ra!<\/p>\n<p>Rossz ir\u00e1nyba megy\u00fcnk. Nem a f\u00e1jdalom ellen kell k\u00fczden\u00fcnk, hanem az okokat kell kezeln\u00fcnk. Az energia, amire nincs sz\u00fcks\u00e9g, j\u00f3 energia.<\/p>\n<p>A rugalmas tarif\u00e1k \u00e9s a volatilit\u00e1s elengedhetetlenek ahhoz, hogy az energetikai \u00e1t\u00e1ll\u00e1s sikeres legyen.<\/p>\n<p>Meg tudjuk csin\u00e1lni az energia\u00e1t\u00e1ll\u00e1st, k\u00e9szen \u00e1llunk az energia\u00e1t\u00e1ll\u00e1sra - ha hagyj\u00e1k, hogy megtegy\u00fck. Nagyobb rugalmass\u00e1ggal \u00e9s a technol\u00f3gia ir\u00e1nti nyitotts\u00e1ggal.\"<\/p>\n<p>A Thomas Ranft m\u0171sorvezet\u0151vel \u00e9s az ARD kl\u00edmaszak\u00e9rt\u0151j\u00e9vel folytatott szak\u00e9rt\u0151i p\u00e1rbesz\u00e9d teljes terjedelm\u00e9ben megtekinthet\u0151 az al\u00e1bbi weboldalon <a href=\"https:\/\/www.youtube.com\/watch?v=ej6OX0eMYWM\">https:\/\/www.youtube.com\/watch?v=ej6OX0eMYWM<\/a><\/p>\n<p>A Deutschlandfunk riportj\u00e1t is sz\u00edvesen meghallgatj\u00e1k: <a href=\"https:\/\/www.deutschlandfunk.de\/wahre-energieschleudern-wie-in-industriehallen-energie-gespart-werden-kann-dlf-d0ebf38e-100.html\">https:\/\/www.deutschlandfunk.de\/wahre-energieschleudern-wie-in-industriehallen-energie-gespart-werden-kann-dlf-d0ebf38e-100.html<\/a><\/p>\n<h2><strong>A FUTURA:<\/strong><\/h2>\n<p>A K\u00dcBLER GmbH az ipari csarnokok f\u0171t\u00e9si rendszereinek klasszikus szak\u00e9rt\u0151je. A ludwigshafeni sz\u00e9khely\u0171 v\u00e1llalat saj\u00e1t K+F egys\u00e9ggel rendelkezik. Ennek a term\u00e9kkov\u00e1csm\u0171helynek a leg\u00fajabb fejleszt\u00e9se a FUTURA, amely az energiaforr\u00e1st\u00f3l f\u00fcggetlen\u00fcl m\u0171k\u00f6dik. A csarnokok infrav\u00f6r\u00f6s f\u0171t\u0151rendszere hidrog\u00e9nnel, elektromos \u00e1rammal, g\u00e1zzal vagy ezek kever\u00e9k\u00e9vel m\u0171k\u00f6dik. Rendk\u00edv\u00fcl hat\u00e9konyan k\u00e9pes feldolgozni a z\u00f6ld \u00e9s a fosszilis t\u00fczel\u0151anyagokat, ezzel hidat \u00e9p\u00edtve a sz\u00e9nmentes korszak fel\u00e9.<\/p>\n<p>Ez mono \u00e9s vegyes \u00fczemm\u00f3dban is m\u0171k\u00f6dik. Att\u00f3l f\u00fcgg\u0151en, hogy \u00e9ppen melyik energia \u00e1ll rendelkez\u00e9sre, illetve melyik k\u00fcl\u00f6n\u00f6sen k\u00f6lts\u00e9ghat\u00e9kony. \"\u00cdgy biztos\u00edtjuk az ell\u00e1t\u00e1s biztons\u00e1g\u00e1t \u00e9s stabiliz\u00e1ljuk a h\u00e1l\u00f3zatokat\" - mondja Thomas K\u00fcbler. \"De mindenekel\u0151tt a mi megold\u00e1sunk gazdas\u00e1gos. Az infrav\u00f6r\u00f6s a nagy helyis\u00e9gek f\u0171t\u00e9s\u00e9nek ide\u00e1lis m\u00f3dja.\" Ez k\u00fcl\u00f6n\u00f6sen a legal\u00e1bb n\u00e9gy m\u00e9ter magas termekre vonatkozik. Az innovat\u00edv megold\u00e1s a csarnok\u00e9p\u00fcletek LED-es vil\u00e1g\u00edt\u00e1s\u00e1t is egyetlen k\u00e9sz\u00fcl\u00e9kbe integr\u00e1lja, \u00e9s \u00faj \u00e9p\u00fcletekn\u00e9l, valamint megl\u00e9v\u0151 \u00e9p\u00fcletek energiahat\u00e9kony fel\u00faj\u00edt\u00e1s\u00e1n\u00e1l egyar\u00e1nt alkalmazhat\u00f3.<\/p>\n<p>Rajna-vid\u00e9k-Pfalz tartom\u00e1ny a SUCCESS 2022 p\u00e1ly\u00e1zat keret\u00e9ben m\u00e1r elnyerte a FUTURA v\u00e1llalatot az \"Innovat\u00edv technol\u00f3gia az \u00e9ghajlatv\u00e9delem\u00e9rt\" innov\u00e1ci\u00f3s d\u00edjjal.<\/p>\n<h2><strong>H\u00e1tt\u00e9r:<\/strong><\/h2>\n<p>Nyilv\u00e1nval\u00f3, hogy a csarnok\u00e9p\u00fcletekben \u00f3ri\u00e1si energiamegtakar\u00edt\u00e1si potenci\u00e1l rejlik: a 4-40 m\u00e9teres belmagass\u00e1ggal \u00e9s a 10 000 n\u00e9gyzetm\u00e9teres vagy ann\u00e1l nagyobb alapter\u00fclet\u0171 \u00e9p\u00fcletek helyis\u00e9gm\u00e9retei nem hasonl\u00edthat\u00f3k \u00f6ssze a lak\u00e1sokkal, irod\u00e1kkal vagy \u00f3vod\u00e1kkal, amelyek \u00e1ltal\u00e1ban t\u00f6bbszintes, 2,50 m\u00e9ter k\u00f6r\u00fcli belmagass\u00e1g\u00fa \u00e9p\u00fcletekk\u00e9nt \u00e9p\u00fclnek. Ez vonatkozik az ilyen helyis\u00e9gkolosszusok f\u0171t\u00e9s\u00e9re is - ez \u00f6sszehasonl\u00edthatatlanul nagyobb ig\u00e9nybev\u00e9telt jelent, mint a j\u00f3val alacsonyabb emeletes \u00e9p\u00fcletekben. Ez a k\u00fcl\u00f6nbs\u00e9gt\u00e9tel azonban nem szerepel az \u00e9p\u00fcletenergetikai t\u00f6rv\u00e9nyben tervezett 65 sz\u00e1zal\u00e9kos meg\u00fajul\u00f3 energi\u00e1ra vonatkoz\u00f3 szab\u00e1lyban.<\/p>\n<p>\"Ha ilyen nagy helyis\u00e9geket energiahat\u00e9kony m\u00f3don akarunk f\u0171teni, nagyon speci\u00e1lis technol\u00f3gi\u00e1kra van sz\u00fcks\u00e9g. Ritk\u00e1n volt olyan s\u00fcrg\u0151s, mint ma, hogy az energiav\u00e1ls\u00e1g hat\u00e9kony lek\u00fczd\u00e9se \u00e9rdek\u00e9ben minden rendelkez\u00e9s\u00fcnkre \u00e1ll\u00f3 technol\u00f3giai eszk\u00f6zt kihaszn\u00e1ljunk\" - mondja Thomas K\u00fcbler. \u0150 az ipari \u00e9p\u00fcletek f\u0171t\u00e9s\u00e9nek elismert szak\u00e9rt\u0151je.<\/p>\n<p>K\u00fcbler szerint: \"A hat\u00e9kony f\u0171t\u00e9s l\u00e9nyege, hogy a csarnok azon r\u00e9szein, ahol az emberek dolgoznak \u00e9s ahol melegre van sz\u00fcks\u00e9g\u00fck, a lehet\u0151 legkisebb vesztes\u00e9ggel biztos\u00edtsuk a h\u0151t. Ez \u00e1ltal\u00e1ban nem a 10 vagy 20 m\u00e9teres belmagass\u00e1gban van, hanem a csarnok padl\u00f3ja f\u00f6l\u00f6tt kb. 2,00 m\u00e9ter magasan.\" Ezt h\u0151szivatty\u00faval sem lehet biztos\u00edtani. A technol\u00f3gia nem erre van kital\u00e1lva.<\/p>\n<p>A speci\u00e1lis csarnokf\u0171t\u00e9si technol\u00f3gi\u00e1k hat\u00e9konys\u00e1ga az ipari csarnokok energetikai fel\u00faj\u00edt\u00e1si projektjeiben is megmutatkozik. Ak\u00e1r 70 sz\u00e1zal\u00e9kos megtakar\u00edt\u00e1s is re\u00e1lis. Ez a projekt m\u00e9ret\u00e9t\u0151l f\u00fcgg\u0151en \u00e9vi t\u00f6bb t\u00edz- vagy ak\u00e1r t\u00f6bb sz\u00e1zezer eur\u00f3s k\u00f6lts\u00e9gmegtakar\u00edt\u00e1ssal tehermentes\u00edti a v\u00e1llalatokat. Az \u00fcvegh\u00e1zhat\u00e1s\u00fa g\u00e1zok kibocs\u00e1t\u00e1s\u00e1nak cs\u00f6kken\u00e9se ennek megfelel\u0151en magas.<\/p>\n<p>Ez\u00e9rt sz\u00fcks\u00e9g van az \u00e9p\u00fcletenergetikai t\u00f6rv\u00e9ny fel\u00fclvizsg\u00e1lat\u00e1ra, amelyben a technol\u00f3giai nyitotts\u00e1gnak \u00e9s a nem lak\u00f3\u00e9p\u00fcletek k\u00fcl\u00f6nb\u00f6z\u0151 t\u00edpusai k\u00f6z\u00f6tti k\u00fcl\u00f6nbs\u00e9gt\u00e9telnek alapvet\u0151nek kell lennie.<\/p>\n<p>&nbsp;<\/p>","protected":false},"excerpt":{"rendered":"<p>Ez csak egy kis szegmens, de nagy jelent\u0151s\u00e9g\u0171: az energetikai \u00e1t\u00e1ll\u00e1sr\u00f3l sz\u00f3l\u00f3 jelenlegi vit\u00e1ban az ipari \u00e9p\u00fcleteket elhanyagolj\u00e1k. N\u00e9metorsz\u00e1gban az \u00e9p\u00fclet\u00e1llom\u00e1nynak mind\u00f6ssze k\u00e9t sz\u00e1zal\u00e9k\u00e1t teszik ki. Ugyanakkor az \u00e9p\u00fcletekhez kapcsol\u00f3d\u00f3 energiafogyaszt\u00e1s \u00e9s a kapcsol\u00f3d\u00f3 \u00fcvegh\u00e1zhat\u00e1s\u00fa g\u00e1zok (\u00dcHG) kibocs\u00e1t\u00e1s\u00e1nak mintegy 15 sz\u00e1zal\u00e9k\u00e1\u00e9rt felel\u0151sek. A jelenlegi \u00e9p\u00fcletenergetikai t\u00f6rv\u00e9ny (GEG) azonban az ipari \u00e9p\u00fcleteket ugyan\u00fagy kezeli, mint az \u00f3vod\u00e1kat - \u00e9s egy t\u00f6rv\u00e9nytervezetben vannak arra utal\u00f3 jelek, hogy a sz\u00f6vets\u00e9gi korm\u00e1ny kiz\u00e1r\u00f3lag a h\u0151szivatty\u00fakra mint technol\u00f3gi\u00e1ra k\u00edv\u00e1n \u00f6sszpontos\u00edtani. Ennek megvitat\u00e1s\u00e1ra a K\u00dcBLER GmbH szak\u00e9rt\u0151ket h\u00edvott meg egy p\u00e1rbesz\u00e9dre Ludwigshafenbe. Daniel F\u00f6st, a Bundestag FDP-frakci\u00f3j\u00e1nak \u00e9p\u00edt\u00e9spolitikai sz\u00f3viv\u0151je bejelentette, hogy v\u00e1ltoztatni k\u00edv\u00e1n a jogalkot\u00e1si rendszeren.<\/p>","protected":false},"author":3,"featured_media":18009,"comment_status":"open","ping_status":"open","sticky":false,"template":"","format":"standard","meta":{"_acf_changed":false,"_seopress_robots_primary_cat":"none","_seopress_titles_title":"Umstellung auf Emissionseffizienz im Geb\u00e4udeenergiegesetz","_seopress_titles_desc":"Novelle des Geb\u00e4udeenergie-Gesetzes: Die FDP k\u00fcndigt Ende 2022 die Umstellung von Energie- auf Emissions-Effizienz an - K\u00dcBLER GmbH","_seopress_robots_index":"","footnotes":""},"categories":[1],"tags":[227,217,228,218,220,229,221,223,230],"class_list":["post-18732","post","type-post","status-publish","format-standard","has-post-thumbnail","hentry","category-allgemein","tag-emissionen","tag-energiwende","tag-experten-dialog","tag-futura","tag-hallenheizungen","tag-infrarot","tag-kuebler","tag-multienergie","tag-politik"],"acf":[],"_links":{"self":[{"href":"https:\/\/www.kuebler-hallenheizungen.de\/hu\/wp-json\/wp\/v2\/posts\/18732","targetHints":{"allow":["GET"]}}],"collection":[{"href":"https:\/\/www.kuebler-hallenheizungen.de\/hu\/wp-json\/wp\/v2\/posts"}],"about":[{"href":"https:\/\/www.kuebler-hallenheizungen.de\/hu\/wp-json\/wp\/v2\/types\/post"}],"author":[{"embeddable":true,"href":"https:\/\/www.kuebler-hallenheizungen.de\/hu\/wp-json\/wp\/v2\/users\/3"}],"replies":[{"embeddable":true,"href":"https:\/\/www.kuebler-hallenheizungen.de\/hu\/wp-json\/wp\/v2\/comments?post=18732"}],"version-history":[{"count":0,"href":"https:\/\/www.kuebler-hallenheizungen.de\/hu\/wp-json\/wp\/v2\/posts\/18732\/revisions"}],"wp:featuredmedia":[{"embeddable":true,"href":"https:\/\/www.kuebler-hallenheizungen.de\/hu\/wp-json\/wp\/v2\/media\/18009"}],"wp:attachment":[{"href":"https:\/\/www.kuebler-hallenheizungen.de\/hu\/wp-json\/wp\/v2\/media?parent=18732"}],"wp:term":[{"taxonomy":"category","embeddable":true,"href":"https:\/\/www.kuebler-hallenheizungen.de\/hu\/wp-json\/wp\/v2\/categories?post=18732"},{"taxonomy":"post_tag","embeddable":true,"href":"https:\/\/www.kuebler-hallenheizungen.de\/hu\/wp-json\/wp\/v2\/tags?post=18732"}],"curies":[{"name":"wp","href":"https:\/\/api.w.org\/{rel}","templated":true}]}}