{"id":18734,"date":"2023-02-14T10:11:10","date_gmt":"2023-02-14T09:11:10","guid":{"rendered":"https:\/\/kuebler.werbe-sofa.de\/hallen-heizen-mit-65-prozent-erneuerbaren-energien-aber-richtig\/"},"modified":"2025-10-15T15:48:23","modified_gmt":"2025-10-15T13:48:23","slug":"a-csarnokok-futese-65-szazalekban-megujulo-energiaval-de-a-megfelelo-modon","status":"publish","type":"post","link":"https:\/\/www.kuebler-hallenheizungen.de\/hu\/hallen-heizen-mit-65-prozent-erneuerbaren-energien-aber-richtig\/","title":{"rendered":"A csarnokok f\u0171t\u00e9se 65 sz\u00e1zal\u00e9kban meg\u00fajul\u00f3 energi\u00e1val - de a megfelel\u0151 m\u00f3don"},"content":{"rendered":"<p>Mir\u0151l sz\u00f3l a \"65 sz\u00e1zal\u00e9kos meg\u00fajul\u00f3 energia az \u00faj f\u0171t\u00e9si rendszerek telep\u00edt\u00e9s\u00e9hez 2024-t\u0151l\" c\u00edm\u0171 koncepci\u00f3s dokumentum? \u00c9s mi k\u00f6ze van ennek a csarnok\u00e9p\u00fcletek megl\u00e9v\u0151 f\u0171t\u00e9si rendszereinek fel\u00faj\u00edt\u00e1s\u00e1hoz? Ebben a koncepci\u00f3ban a n\u00e9met korm\u00e1ny azt tervezi, hogy 2024-t\u0151l k\u00f6telez\u0151v\u00e9 teszi a 65 sz\u00e1zal\u00e9kos meg\u00fajul\u00f3 energia haszn\u00e1lat\u00e1t. 2026-t\u00f3l pedig a tiszt\u00e1n fosszilis t\u00fczel\u00e9s\u0171 f\u0171t\u00e9si rendszerek maxim\u00e1lis \u00fczemidej\u00e9t is le akarj\u00e1k r\u00f6vid\u00edteni. Ez azt jelenti, hogy a f\u0171t\u00e9si rendszereket 20 \u00e9ves korukban le kell majd cser\u00e9lni.<\/p>\n<p>Mit jelent az \u00d6n \u00e9s a csarnok\u00e9p\u00fcletek m\u00e1s \u00fczemeltet\u0151i sz\u00e1m\u00e1ra, ha ez a koncepci\u00f3terv megval\u00f3sul? A fenntarthat\u00f3 csarnokf\u0171t\u00e9s szak\u00e9rt\u0151ik\u00e9nt h\u00e1rom lehet\u0151s\u00e9g k\u00f6z\u00fcl v\u00e1laszthatunk:<\/p>\n<h2><strong>1. lehet\u0151s\u00e9g:<\/strong><\/h2>\n<p>Cser\u00e9lje le megl\u00e9v\u0151 f\u0171t\u00e9si rendszer\u00e9t 2023-ban a K\u00dcBLER egyik bev\u00e1lt energiatakar\u00e9kos rendszer\u00e9re, haszn\u00e1lja a kondenz\u00e1ci\u00f3s kaz\u00e1ntechnol\u00f3gi\u00e1t ott, ahol annak \u00e9rtelme van, de el\u0151bb sp\u00f3rolja meg mag\u00e1nak a t\u00f6bbletk\u00f6lts\u00e9geket egy hibrid multi-energia rendszerrel.<br \/>\nEredm\u00e9ny: Tapasztalataink szerint a moderniz\u00e1ci\u00f3s int\u00e9zked\u00e9s 50-70 sz\u00e1zal\u00e9kkal cs\u00f6kkenti a f\u0171t\u00e9si energiafogyaszt\u00e1s\u00e1t. Ez jelent\u0151sen cs\u00f6kkenti a CO\u2082-l\u00e1bnyomot \u00e9s a fogyaszt\u00e1si k\u00f6lts\u00e9geket, \u00edgy a beruh\u00e1z\u00e1s \u00e1ltal\u00e1ban k\u00e9t-h\u00e1rom \u00e9v alatt megt\u00e9r\u00fcl. A j\u00f6v\u0151ben lehet\u0151s\u00e9g van a f\u0171t\u00e9si rendszer egyszer\u0171 \u00e1talak\u00edt\u00e1s\u00e1ra, amint elegend\u0151 mennyis\u00e9g\u0171 hidrog\u00e9n \u00e1ll rendelkez\u00e9sre megfizethet\u0151 \u00e1ron.<\/p>\n<h2><strong>2. lehet\u0151s\u00e9g:<\/strong><\/h2>\n<p>\u00d6n a K\u00dcBLER nagy hat\u00e9konys\u00e1g\u00fa rendszere mellett d\u00f6nt, \u00edgy kihaszn\u00e1lva a hidrog\u00e9n opci\u00f3t \u00e9s a f\u0171t\u00e9si rendszer b\u00e1rmikor \u00e9s egyszer\u0171en korszer\u0171s\u00edthet\u0151 az ut\u00f3lagos felszerel\u00e9si k\u00e9szlettel elektromos vagy fotovoltaikus felhaszn\u00e1l\u00e1sra. Ennek eredm\u00e9nyek\u00e9ppen ugyanazokra az el\u0151ny\u00f6kre sz\u00e1m\u00edthat, mint az 1. lehet\u0151s\u00e9gn\u00e9l.<\/p>\n<h2><strong>3. lehet\u0151s\u00e9g:<\/strong><\/h2>\n<p>A K\u00dcBLER t\u00f6bbenergia-rendszer\u00e9vel azonnal befektet a CO\u2082-mentess\u00e9gbe, amely lehet\u0151v\u00e9 teszi k\u00fcl\u00f6nb\u00f6z\u0151 meg\u00fajul\u00f3 energiaforr\u00e1sok, p\u00e9ld\u00e1ul villamos energia vagy hidrog\u00e9n, de g\u00e1z vagy biog\u00e1z v\u00e1ltozatos felhaszn\u00e1l\u00e1s\u00e1t \u2013 kombin\u00e1ltan vagy alternat\u00edvak\u00e9nt.<br \/>\n\u00d6sszess\u00e9g\u00e9ben ez az opci\u00f3 szabads\u00e1got ad \u00d6nnek, p\u00e9ld\u00e1ul azonnal saj\u00e1t fotovoltaikus \u00e1ramra \u00e1llhat \u00e1t, \u00e9s ezzel egy kis energiaf\u00fcggetlens\u00e9get teremthet mag\u00e1nak. Az akt\u00edv energiagazd\u00e1lkod\u00e1s seg\u00edts\u00e9g\u00e9vel a vez\u00e9rl\u0151n kereszt\u00fcl sk\u00e1l\u00e1zhat\u00f3v\u00e1 teheti a f\u0171t\u00e9si k\u00f6lts\u00e9geket \u00e9s a CO\u2082-kibocs\u00e1t\u00e1st a k\u00fcl\u00f6nb\u00f6z\u0151 energiaforr\u00e1sok haszn\u00e1lat\u00e1val \u2013 micsoda el\u0151rel\u00e9p\u00e9s!<\/p>\n<p>\u00d6sszefoglalva: soha nem volt m\u00e9g ilyen egyszer\u0171 a sz\u00e9nmentes korszakra val\u00f3 \u00e1t\u00e1ll\u00e1s megval\u00f3s\u00edt\u00e1sa a csarnok\u00e9p\u00fcletekben. M\u00e9ghozz\u00e1 gazdas\u00e1gos k\u00f6r\u00fclm\u00e9nyek k\u00f6z\u00f6tt. A beruh\u00e1z\u00e1s ugyanis viszonylag alacsony - k\u00f6r\u00fclbel\u00fcl h\u00e1romszor alacsonyabb, mint p\u00e9ld\u00e1ul a h\u0151szivatty\u00fak eset\u00e9ben. Ha a j\u00f6vedelmez\u0151 HeizWerk b\u00e9rleti modellt is ig\u00e9nybe veszi, akkor a legmodernebb \u00e9s rendk\u00edv\u00fcl funkcion\u00e1lis csarnokf\u0171t\u00e9si technol\u00f3gi\u00e1t ak\u00e1r m\u00e9rlegen k\u00edv\u00fcl - azaz saj\u00e1t beruh\u00e1z\u00e1si \u00e9s \u00e9rt\u00e9kcs\u00f6kken\u00e9si k\u00f6lts\u00e9gek n\u00e9lk\u00fcl - is \u00e9lvezheti. Ugyanakkor az \u00d6n fogyaszt\u00e1si k\u00f6lts\u00e9gei olyan jelent\u0151sen cs\u00f6kkennek (\u00e1ltal\u00e1ban 50-70 sz\u00e1zal\u00e9kkal), hogy m\u00e9g b\u00e9rl\u00e9s eset\u00e9n is k\u00f6lts\u00e9gel\u0151nybe ker\u00fcl.<\/p>\n<h2><strong>Egy\u00e9bk\u00e9nt:<\/strong><\/h2>\n<p>Az innovat\u00edv multi-energia rendszer a SUCCESS technol\u00f3giai versenyen 2022 v\u00e9g\u00e9n elnyerte az \"Innovat\u00edv technol\u00f3gi\u00e1k az \u00e9ghajlatv\u00e9delem\u00e9rt\" k\u00fcl\u00f6nd\u00edjat, \u00e9s 2023-ban jel\u00f6lt\u00e9k a N\u00e9met Innov\u00e1ci\u00f3s D\u00edjra.<\/p>\n<p>&nbsp;<\/p>","protected":false},"excerpt":{"rendered":"<p>A BMWK m\u00e9g 2022 j\u00falius\u00e1ban tette k\u00f6zz\u00e9 az \u00e9p\u00fcletenergetikai t\u00f6rv\u00e9ny (GEG) m\u00f3dos\u00edt\u00e1s\u00e1ra vonatkoz\u00f3 koncepci\u00f3j\u00e1t, \u00e9s ezzel nemcsak rem\u00e9nytelen bizonytalans\u00e1got okozott, hanem megakad\u00e1lyozta a sz\u00fcks\u00e9ges energiahat\u00e9kony fel\u00faj\u00edt\u00e1sokba t\u00f6rt\u00e9n\u0151 beruh\u00e1z\u00e1sokat is. El\u0151sz\u00f6r is: a m\u00f3dos\u00edt\u00e1st m\u00e9g nem fogadt\u00e1k el - \u00e9s k\u00e9rd\u00e9ses, hogy val\u00f3ban 1:1-ben \u00e1t is fogj\u00e1k-e venni. Mert ha b\u00edzhatunk Struck t\u00f6rv\u00e9ny\u00e9ben, egy t\u00f6rv\u00e9ny \u00e1ltal\u00e1ban nem abban a form\u00e1ban hagyja el a parlamentet, ahogyan azt beterjesztett\u00e9k.<\/p>","protected":false},"author":3,"featured_media":18014,"comment_status":"open","ping_status":"open","sticky":false,"template":"","format":"standard","meta":{"_acf_changed":false,"_seopress_robots_primary_cat":"none","_seopress_titles_title":"Hallen heizen mit 65 Prozent erneuerbaren Energien","_seopress_titles_desc":"Um was geht es im Konzeptpapier \u201e65 Prozent erneuerbare Energien beim Einbau von neuen Heizungen ab 2024\u201c? \u25ba erfahren Sie jetzt mehr!","_seopress_robots_index":"","footnotes":""},"categories":[1],"tags":[141,270,85,127,271,272,273,274,275,225],"class_list":["post-18734","post","type-post","status-publish","format-standard","has-post-thumbnail","hentry","category-allgemein","tag-CO","tag-einsparung","tag-energie","tag-energieeffizienz","tag-energiesparende-hallenheizungen","tag-energiesparsysteme","tag-erneuerbare-energien","tag-kuebler-hallenheizungen","tag-sanierung","tag-wasserstoff"],"acf":[],"_links":{"self":[{"href":"https:\/\/www.kuebler-hallenheizungen.de\/hu\/wp-json\/wp\/v2\/posts\/18734","targetHints":{"allow":["GET"]}}],"collection":[{"href":"https:\/\/www.kuebler-hallenheizungen.de\/hu\/wp-json\/wp\/v2\/posts"}],"about":[{"href":"https:\/\/www.kuebler-hallenheizungen.de\/hu\/wp-json\/wp\/v2\/types\/post"}],"author":[{"embeddable":true,"href":"https:\/\/www.kuebler-hallenheizungen.de\/hu\/wp-json\/wp\/v2\/users\/3"}],"replies":[{"embeddable":true,"href":"https:\/\/www.kuebler-hallenheizungen.de\/hu\/wp-json\/wp\/v2\/comments?post=18734"}],"version-history":[{"count":0,"href":"https:\/\/www.kuebler-hallenheizungen.de\/hu\/wp-json\/wp\/v2\/posts\/18734\/revisions"}],"wp:featuredmedia":[{"embeddable":true,"href":"https:\/\/www.kuebler-hallenheizungen.de\/hu\/wp-json\/wp\/v2\/media\/18014"}],"wp:attachment":[{"href":"https:\/\/www.kuebler-hallenheizungen.de\/hu\/wp-json\/wp\/v2\/media?parent=18734"}],"wp:term":[{"taxonomy":"category","embeddable":true,"href":"https:\/\/www.kuebler-hallenheizungen.de\/hu\/wp-json\/wp\/v2\/categories?post=18734"},{"taxonomy":"post_tag","embeddable":true,"href":"https:\/\/www.kuebler-hallenheizungen.de\/hu\/wp-json\/wp\/v2\/tags?post=18734"}],"curies":[{"name":"wp","href":"https:\/\/api.w.org\/{rel}","templated":true}]}}