{"id":18747,"date":"2023-07-26T06:57:44","date_gmt":"2023-07-26T04:57:44","guid":{"rendered":"https:\/\/kuebler.werbe-sofa.de\/jetzt-die-heizungswartung-planen-und-sicher-in-den-winter-starten\/"},"modified":"2025-10-15T15:38:18","modified_gmt":"2025-10-15T13:38:18","slug":"tervezze-meg-futeskarbantartasat-most-es-kezdje-biztonsagosan-a-telet","status":"publish","type":"post","link":"https:\/\/www.kuebler-hallenheizungen.de\/hu\/jetzt-die-heizungswartung-planen-und-sicher-in-den-winter-starten\/","title":{"rendered":"Tervezze meg f\u0171t\u00e9skarbantart\u00e1s\u00e1t most, \u00e9s kezdje biztons\u00e1gosan a telet!"},"content":{"rendered":"<h2>Mi\u00e9rt fontos m\u00e1r most megtervezni a f\u0171t\u00e9skarbantart\u00e1st?<\/h2>\n<div>Igaz, amint kint meleg lesz, senki sem gondol a belt\u00e9ri f\u0171t\u00e9sre. Pedig a tavaszi \u00e9s ny\u00e1ri h\u00f3napok a legjobb id\u0151szak a f\u0171t\u00e9s karbantart\u00e1s\u00e1ra. Teh\u00e1t ha nem most, akkor mikor? Elegend\u0151 id\u0151vel el\u0151re \u00e9s nyugalomban ellen\u0151rizni, tiszt\u00edtani \u00e9s esetleg jav\u00edtani lehet a csarnok f\u0171t\u00e9si rendszereit. Vagy ak\u00e1r a leg\u00fajabb energiatakar\u00e9kos technol\u00f3gi\u00e1ra is fel lehet \u0151ket \u00faj\u00edtani. \u00cdgy nem \u00e9rheti kellemetlen meglepet\u00e9s, amikor egyik napr\u00f3l a m\u00e1sikra bek\u00f6sz\u00f6nt a hideg. \u00c9s v\u00e9g\u00fcl, egyszer\u0171en j\u00f3 \u00e9rz\u00e9s biztons\u00e1gosan felk\u00e9sz\u00fcltnek lenni. Mert: a k\u00f6vetkez\u0151 t\u00e9l biztosan elj\u00f6n.<\/div>\n<h2>Hogyan biztos\u00edtja a f\u0171t\u00e9s karbantart\u00e1sa a csarnok f\u0171t\u00e9si rendszer\u00e9nek \u00fczembiztons\u00e1g\u00e1t \u00e9s megb\u00edzhat\u00f3s\u00e1g\u00e1t?<\/h2>\n<div>A csarnok f\u0171t\u00e9si rendszer\u00e9nek \u00e9ves karbantart\u00e1sa biztos\u00edtja, hogy a rendszer megb\u00edzhat\u00f3an \u00e9s probl\u00e9mamentesen m\u0171k\u00f6dj\u00f6n. A kisebb probl\u00e9m\u00e1k m\u00e9g azel\u0151tt felismerhet\u0151k \u00e9s kor\u00e1n orvosolhat\u00f3k, miel\u0151tt nagyobb meghib\u00e1sod\u00e1shoz vezetn\u00e9nek. Egy j\u00f3l karbantartott csarnokf\u0171t\u00e9si rendszer lehet\u0151v\u00e9 teszi v\u00e1llalkoz\u00e1sa zavartalan m\u0171k\u00f6d\u00e9s\u00e9t, \u00e9s optim\u00e1lis termel\u00e9kenys\u00e9get biztos\u00edt a hideg \u00e9vszakban. Gondoljon a f\u0171t\u00e9skarbantart\u00e1sra m\u00e1r most, miel\u0151tt a k\u00f6vetkez\u0151 f\u0171t\u00e9si peri\u00f3dus hidegen kapja \u00d6nt.<\/div>\n<h2>A f\u0171t\u00e9s karbantart\u00e1sa magas energiahat\u00e9konys\u00e1got \u00e9s alacsony k\u00f6lts\u00e9geket biztos\u00edt<\/h2>\n<div>Tudta, hogy 1 \u00b0C h\u0151m\u00e9rs\u00e9klet-elt\u00e9r\u00e9s m\u00e1r 6 %-tal t\u00f6bb energiafogyaszt\u00e1st eredm\u00e9nyez? Egy optim\u00e1lisan be\u00e1ll\u00edtott \u00e9s tiszt\u00edtott f\u0171t\u00e9si rendszer hat\u00e9konyabban m\u0171k\u00f6dik \u00e9s kevesebb energi\u00e1t fogyaszt. A f\u0171t\u00e9s karbantart\u00e1s\u00e1val elt\u00e1vol\u00edthat\u00f3k a szennyez\u0151d\u00e9sek \u00e9s lerak\u00f3d\u00e1sok. Egy tanulm\u00e1ny szerint a reflektorok er\u0151s szennyez\u0151d\u00e9se ak\u00e1r 10 %-tal is cs\u00f6kkentheti az energiatakar\u00e9kos csarnokf\u0171t\u0151testek hasznos infrav\u00f6r\u00f6s komponens\u00e9t. M\u00e1r csak ez\u00e9rt is er\u0151sen aj\u00e1nlott a f\u0171t\u00e9s rendszeres karbantart\u00e1sa. Ennek elmulaszt\u00e1sa a f\u0171t\u00e9si k\u00f6lts\u00e9gek emelked\u00e9s\u00e9hez vezet, mivel kevesebb h\u0151 jut el oda, ahol sz\u00fcks\u00e9g van r\u00e1. R\u00e1ad\u00e1sul ennek ellens\u00falyoz\u00e1s\u00e1hoz az infrav\u00f6r\u00f6s k\u00e9sz\u00fcl\u00e9kek t\u00falm\u00e9retez\u00e9s\u00e9re lenne sz\u00fcks\u00e9g. Ez viszont a f\u0171t\u00e9si k\u00f6lts\u00e9gek tov\u00e1bbi n\u00f6veked\u00e9s\u00e9hez vezet.<\/div>\n<div><\/div>\n<div><strong>Egy\u00e9bk\u00e9nt:<\/strong> Melyik <strong>A hat\u00e9konys\u00e1g cs\u00f6kken\u00e9se<\/strong> Te <strong>rendszeres karbantart\u00e1s n\u00e9lk\u00fcl<\/strong> A tanulm\u00e1ny: A reflektor szennyez\u0151d\u00e9s\u00e9nek hat\u00e1sa a s\u00f6t\u00e9t reflektorokra. Szeretne t\u00f6bbet megtudni? Akkor egyszer\u0171en k\u00e9rje a tanulm\u00e1nyt. <a href=\"https:\/\/www.kuebler-hallenheizungen.de\/de\/kontakt\/\">K\u00e9rj\u00fck, forduljon hozz\u00e1nk bizalommal.<\/a><\/div>\n<h2>A f\u0171t\u00e9skarbantart\u00e1s megv\u00e9di a beruh\u00e1z\u00e1st \u00e9s meghosszabb\u00edtja a csarnok f\u0171t\u00e9si rendszer\u00e9nek \u00e9lettartam\u00e1t.<\/h2>\n<div>A rendszeres f\u0171t\u00e9skarbantart\u00e1s n\u00f6veli a csarnok f\u0171t\u00e9si rendszer\u00e9nek \u00e9lettartam\u00e1t. A kop\u00f3 alkatr\u00e9szek id\u0151ben kicser\u00e9lhet\u0151k, miel\u0151tt nagyobb k\u00e1rokat okozn\u00e1nak. A j\u00f3l karbantartott csarnokf\u0171t\u00e9si rendszer hosszabb \u00e9lettartam\u00fa, \u00e9s \u00edgy minim\u00e1lisra cs\u00f6kkenti a k\u00f6lts\u00e9ges jav\u00edt\u00e1sok vagy a teljes rendszer cser\u00e9j\u00e9nek sz\u00fcks\u00e9gess\u00e9g\u00e9t. Ha karbantart\u00e1si szerz\u0151d\u00e9ssel rendelkezik, a csarnokf\u0171t\u00e9s karbantart\u00e1sa \u00e1ltal\u00e1ban alapesetben \u00e9vente esed\u00e9kes. Ne felejtse el betartani ezt az id\u0151pontot, hogy \u00e9lvezhesse a garancia el\u0151nyeit, \u00e9s meg\u00f3vhassa biztos\u00edt\u00e1si fedezet\u00e9t. Mert a f\u0171t\u00e9s karbantart\u00e1sa nem v\u00e1rhat.<\/div>\n<div>Szervezze meg karbantart\u00e1si id\u0151pontj\u00e1t m\u00e9g ma, vagy k\u00f6ss\u00f6n karbantart\u00e1si szerz\u0151d\u00e9st: <a href=\"https:\/\/www.kuebler-hallenheizungen.de\/de\/wartungsvertrag\/\">https:\/\/www.kuebler-hallenheizungen.de\/de\/wartungsvertrag\/<\/a><\/div>\n<h2>\u00c9s v\u00e9g\u00fcl: a f\u0171t\u00e9s karbantart\u00e1sa k\u00f6telez\u0151 (m\u00e9g akkor is, ha nem musz\u00e1j).<\/h2>\n<div>Az energiatakar\u00e9kos g\u00e1z\u00fczem\u0171 csarnokf\u0171t\u00e9si rendszerek gy\u00e1rt\u00f3jak\u00e9nt fel kell h\u00edvnunk a figyelmet a f\u0171t\u00e9s karbantart\u00e1s\u00e1nak \u00e9ves k\u00f6telezetts\u00e9g\u00e9re. V\u00e9g\u00fcl is ez teszi lehet\u0151v\u00e9 a hossz\u00fa \u00e9s probl\u00e9mamentes \u00e9lettartamot. Fontos azonban a biztos\u00edt\u00e1si fedezetr\u0151l sem megfeledkezni. Az infrav\u00f6r\u00f6s alap\u00fa csarnokf\u0171t\u00e9si rendszerekre k\u00fcl\u00f6nb\u00f6z\u0151 el\u0151\u00edr\u00e1sok \u00e9s jogi ir\u00e1nyelvek vonatkoznak. Ilyen p\u00e9ld\u00e1ul a k\u00f6vetkez\u0151:<\/div>\n<div><\/div>\n<ul>\n<li>G\u00e1zk\u00e9sz\u00fcl\u00e9kekr\u0151l sz\u00f3l\u00f3 ir\u00e1nyelv (az \u00e1ltal\u00e1nos term\u00e9kbiztons\u00e1gr\u00f3l \u00e9s a g\u00e1zk\u00e9sz\u00fcl\u00e9kekr\u0151l sz\u00f3l\u00f3 ir\u00e1nyelvek)<\/li>\n<li>DIN EN 416-1, 416-2 \u00e9s EN 777 szabv\u00e1nyok<\/li>\n<li>TRGI (G\u00e1zipari l\u00e9tes\u00edtm\u00e9nyek m\u0171szaki szab\u00e1lyai)<\/li>\n<li>DVGW-el\u0151\u00edr\u00e1sok G 638-1 \u00e9s G 638-2<\/li>\n<li>VOB\/B (n\u00e9met \u00e9p\u00edt\u00e9si szerz\u0151d\u00e9ses elj\u00e1r\u00e1sok)<\/li>\n<li>K\u00dcO (a l\u00e9tes\u00edtm\u00e9nyek s\u00f6pr\u00e9s\u00e9r\u0151l \u00e9s ellen\u0151rz\u00e9s\u00e9r\u0151l sz\u00f3l\u00f3 rendelet)<\/li>\n<li>\u00dczembe helyez\u00e9si \u00e9s karbantart\u00e1si utas\u00edt\u00e1sok<\/li>\n<li>T\u0171zparancs (FeuVo)<\/li>\n<li>A sz\u00f6vets\u00e9gi bev\u00e1ndorl\u00e1s-ellen\u0151rz\u00e9si t\u00f6rv\u00e9ny (BImSchV) v\u00e9grehajt\u00e1s\u00e1r\u00f3l sz\u00f3l\u00f3 rendelet<\/li>\n<\/ul>\n<h2>Hat\u00e9konys\u00e1gn\u00f6vel\u00e9s vagy korszer\u0171s\u00edt\u00e9s? Mit tehet, ha a f\u0171t\u00e9s karbantart\u00e1sa m\u00e1r nem elegend\u0151?<\/h2>\n<div>F\u0171t\u00e9si rendszere m\u00e1r \u00e9vek \u00f3ta m\u0171k\u00f6dik? T\u00fal sok energi\u00e1t fogyaszt? Megszaporodtak a meghib\u00e1sod\u00e1sok \u00e9s a jav\u00edt\u00e1si k\u00f6lts\u00e9gek? A f\u0171t\u00e9skarbantart\u00e1s mellett lehet\u0151s\u00e9ge van energiatakar\u00e9kos csarnokf\u0171t\u00e9si rendszereinek korszer\u0171s\u00edt\u00e9s\u00e9re vagy ut\u00f3lagos felszerel\u00e9s\u00e9re is. Egy korszer\u0171s\u00edtett f\u0171t\u00e9si rendszer jelent\u0151sen cs\u00f6kkentheti az energiak\u00f6lts\u00e9geket, jav\u00edthatja a csarnok komfort\u00e9rzet\u00e9t, \u00e9s megfelelhet az \u00faj jogszab\u00e1lyi el\u0151\u00edr\u00e1soknak. Milyen lehet\u0151s\u00e9gek \u00e1llnak rendelkez\u00e9s\u00e9re? \u00cdme n\u00e9h\u00e1ny tipp.<\/div>\n<h2>A digit\u00e1lis vez\u00e9rl\u00e9si technol\u00f3gia el\u0151nyei<\/h2>\n<div>A modern csarnokf\u0171t\u00e9si rendszerek teljesen digitaliz\u00e1lt vez\u00e9rl\u00e9si technol\u00f3gi\u00e1val vannak felszerelve, amely lehet\u0151v\u00e9 teszi a f\u0171t\u00e9si teljes\u00edtm\u00e9ny ig\u00e9ny szerinti szab\u00e1lyoz\u00e1s\u00e1t \u00e9s a teljes f\u0171t\u00e9si m\u0171velet optimaliz\u00e1l\u00e1s\u00e1t. Sok esetben k\u00f6nnyen ut\u00f3lagosan is felszerelhet\u0151k. Az intelligens rendszerek gyors be- \u00e9s kikapcsol\u00e1st, egyenletes f\u0171t\u00e9si komfortot \u00e9s minim\u00e1lis energiafogyaszt\u00e1st biztos\u00edtanak. A K\u00dcBLER szavaival \u00e9lve: A leggazdas\u00e1gosabb f\u0171t\u00e9si rendszer az, amelyre nincs sz\u00fcks\u00e9g! Ez\u00e9rt \u00fcgyeljen arra, hogy a f\u0171t\u00e9s csak akkor hozza l\u00e9tre a k\u00edv\u00e1nt h\u0151m\u00e9rs\u00e9kletet a csarnokr\u00e9szekben, amikor ott t\u00e9nylegesen munka folyik.<\/div>\n<h2>A multi-energi\u00e1s csarnokf\u0171t\u00e9si rendszerek megfizethet\u0151 h\u0151\u00e1tvitelt biztos\u00edtanak a csarnok sz\u00e1m\u00e1ra<\/h2>\n<div>A csarnokf\u0171t\u00e9sre specializ\u00e1l\u00f3dott K\u00dcBLER a k\u00f6zelm\u00faltban kezdte el k\u00edn\u00e1lni a meg\u00fajul\u00f3 energi\u00e1k felhaszn\u00e1l\u00e1s\u00e1t lehet\u0151v\u00e9 tev\u0151, energiatakar\u00e9kos csarnokf\u0171t\u00e9si rendszereket. Ismeri m\u00e1r a <a href=\"https:\/\/www.kuebler-hallenheizungen.de\/hu\/termekek\/csarnokfutesi-rendszerek\/futura\/\">FUTURA multi-energi\u00e1s infrav\u00f6r\u00f6s rendszer<\/a>? \u00d6n d\u00f6nti el, hogy melyik energiaforr\u00e1s jelenleg a legkedvez\u0151bb az \u00d6n sz\u00e1m\u00e1ra. Legyen az elektromos \u00e1ram, hidrog\u00e9n vagy (biog\u00e9n) g\u00e1zok. Ez a rugalmass\u00e1g \u00faj dimenzi\u00f3kat nyit meg a csarnokf\u0171t\u00e9s ter\u00e9n. A FUTURA a hab a tort\u00e1n a be\u00e9p\u00edtett LED vil\u00e1g\u00edt\u00e1ssal. Ez a t\u00f6bbsz\u00f6r\u00f6sen d\u00edjazott vil\u00e1g\u00fajdons\u00e1g nemcsak f\u00e9nyt hoz a csarnokba, hanem egy tov\u00e1bbi, sok szempontb\u00f3l kifizet\u0151d\u0151, relev\u00e1ns hozz\u00e1j\u00e1rul\u00e1st is jelent a fenntarthat\u00f3s\u00e1ghoz. Mert a 2 az 1-ben innov\u00e1ci\u00f3 csak egy k\u00e1belez\u00e9st, csak egy vez\u00e9rl\u0151rendszert, csak egy szervizpontot jelent.<\/div>\n<h2>Ne felejtsd el: Haszn\u00e1lja ki a finansz\u00edroz\u00e1si lehet\u0151s\u00e9geket<\/h2>\n<div>Gyakran l\u00e9teznek \u00e1llami t\u00e1mogat\u00e1si programok az energiatakar\u00e9kos csarnokf\u0171t\u00e9si rendszerekre val\u00f3 \u00e1t\u00e1ll\u00e1shoz. A<a href=\"https:\/\/www.kuebler-hallenheizungen.de\/hu\/termekek\/vezerlok\/e-m-m-a-hogazdalkodas\/\"> Energiagazd\u00e1lkod\u00e1si rendszer EMMA<\/a> p\u00e9ld\u00e1ul a BAFA-list\u00e1n szerepel. T\u00e1j\u00e9koz\u00f3djon az aktu\u00e1lis finansz\u00edroz\u00e1si lehet\u0151s\u00e9gekr\u0151l, hogy p\u00e9nz\u00fcgyi t\u00e1mogat\u00e1st kaphasson a beruh\u00e1z\u00e1s\u00e1hoz. A K\u00dcBLER t\u00f6bb szemin\u00e1riumot is szervezett a \"Csarnokf\u0171t\u00e9si rendszerek \u00faj t\u00e1mogat\u00e1sai\" t\u00e9m\u00e1ban. Iratkozzon fel a h\u00edrlev\u00e9lre, hogy ne maradjon le semmilyen esem\u00e9nyr\u0151l.<\/div>\n<h2>K\u00f6vetkeztet\u00e9s:<\/h2>\n<div>Fontos a csarnok f\u0171t\u00e9si rendszer\u00e9nek rendszeres karbantart\u00e1sa. Csak \u00edgy biztos\u00edthat\u00f3 a f\u0171t\u00e9si rendszer megb\u00edzhat\u00f3 m\u0171k\u00f6d\u00e9se, magas energiahat\u00e9konys\u00e1ga \u00e9s hossz\u00fa \u00e9lettartama. Egyszer\u0171en ig\u00e9nyeljen karbantart\u00e1si szerz\u0151d\u00e9st a : <a href=\"mailto:service@kuebler-hallenheizungen.de\">service@kuebler-hallenheizungen.de<\/a>. Ez lehet\u0151v\u00e9 teszi a lehets\u00e9ges probl\u00e9m\u00e1k korai felismer\u00e9s\u00e9t \u00e9s a \"forr\u00f3\" t\u00e9li h\u00f3napokban a hosszabb v\u00e1rakoz\u00e1si id\u0151 - vagy ak\u00e1r a k\u00f6lts\u00e9ges le\u00e1ll\u00e1sok - elker\u00fcl\u00e9s\u00e9t.<\/div>\n<div><\/div>\n<div>Van m\u00e1r karbantart\u00e1si szerz\u0151d\u00e9se? Akkor a legjobb, ha most egyeztet egy karbantart\u00e1si id\u0151pontot: <a href=\"https:\/\/www.kuebler-hallenheizungen.de\/de\/wartungsvertrag\/\">https:\/\/www.kuebler-hallenheizungen.de\/de\/wartungsvertrag\/<\/a>. Tipp\u00fcnk: Haszn\u00e1lja ki az alkalmat, hogy megtudja, hogyan korszer\u0171s\u00edtheti csarnokf\u0171t\u00e9si rendszer\u00e9nek energiahat\u00e9konys\u00e1g\u00e1t \u00e9s haszn\u00e1lhat\u00f3s\u00e1g\u00e1t - vagy ak\u00e1r azt, hogyan teheti f\u0171t\u00e9si rendszer\u00e9t megfizethet\u0151 \u00e9s fenntarthat\u00f3an gazdas\u00e1gos m\u00f3don alkalmass\u00e1 a h\u0151\u00e1t\u00e1ll\u00e1sra. A kulcssz\u00f3: t\u00f6bbsz\u00f6r\u00f6sen d\u00edjnyertes multi-energi\u00e1s infrav\u00f6r\u00f6s rendszer. Vagy egyszer\u0171en: FUTURA.<\/div>","protected":false},"excerpt":{"rendered":"<p>Senki sem gondol a csarnok f\u0171t\u00e9s\u00e9re, amikor a nap s\u00fct, az aszfalt izzik, \u00e9s mindenki h\u00e1l\u00e1s a legkisebb leh\u0171l\u00e9s\u00e9rt. Vagy m\u00e9gis? Mert aki el\u0151rel\u00e1t\u00f3, az tudja, hogy a ny\u00e1r a karbantart\u00e1s ideje. Ha teh\u00e1t biztons\u00e1gosan akarja kezdeni a telet a gy\u00e1rt\u00f3csarnokokkal vagy rakt\u00e1rakkal, j\u00f3, ha felk\u00e9sz\u00fclt. Hiszen a k\u00f6vetkez\u0151 f\u0171t\u00e9si id\u0151szak gyakran hamarabb a sarkon van, mint gondoln\u00e1, ami felveti a k\u00e9rd\u00e9st: Az \u00d6n csarnokf\u0171t\u00e9si rendszere alkalmas-e a k\u00f6vetkez\u0151 szezonra?<\/p>","protected":false},"author":3,"featured_media":16931,"comment_status":"open","ping_status":"open","sticky":false,"template":"","format":"standard","meta":{"_acf_changed":false,"_seopress_robots_primary_cat":"none","_seopress_titles_title":"Heizungswartung planen und sicher in den Winter starten","_seopress_titles_desc":"Ist Ihre Hallenheizung fit f\u00fcr die n\u00e4chste Saison? -> Fit f\u00fcr die Heizperiode: Jetzt Wartungstermin vereinbaren","_seopress_robots_index":"","footnotes":""},"categories":[1,128],"tags":[299,300,127,271,294,137,220,301,134,274,302,303],"class_list":["post-18747","post","type-post","status-publish","format-standard","has-post-thumbnail","hentry","category-allgemein","category-energiepolitik","tag-betriebssicherheit","tag-effizienzverlust","tag-energieeffizienz","tag-energiesparende-hallenheizungen","tag-energieverbrauch","tag-hallenheizung","tag-hallenheizungen","tag-heizperiode","tag-heizungswartung","tag-kuebler-hallenheizungen","tag-wartung","tag-zuverlaessigkeit"],"acf":[],"_links":{"self":[{"href":"https:\/\/www.kuebler-hallenheizungen.de\/hu\/wp-json\/wp\/v2\/posts\/18747","targetHints":{"allow":["GET"]}}],"collection":[{"href":"https:\/\/www.kuebler-hallenheizungen.de\/hu\/wp-json\/wp\/v2\/posts"}],"about":[{"href":"https:\/\/www.kuebler-hallenheizungen.de\/hu\/wp-json\/wp\/v2\/types\/post"}],"author":[{"embeddable":true,"href":"https:\/\/www.kuebler-hallenheizungen.de\/hu\/wp-json\/wp\/v2\/users\/3"}],"replies":[{"embeddable":true,"href":"https:\/\/www.kuebler-hallenheizungen.de\/hu\/wp-json\/wp\/v2\/comments?post=18747"}],"version-history":[{"count":0,"href":"https:\/\/www.kuebler-hallenheizungen.de\/hu\/wp-json\/wp\/v2\/posts\/18747\/revisions"}],"wp:featuredmedia":[{"embeddable":true,"href":"https:\/\/www.kuebler-hallenheizungen.de\/hu\/wp-json\/wp\/v2\/media\/16931"}],"wp:attachment":[{"href":"https:\/\/www.kuebler-hallenheizungen.de\/hu\/wp-json\/wp\/v2\/media?parent=18747"}],"wp:term":[{"taxonomy":"category","embeddable":true,"href":"https:\/\/www.kuebler-hallenheizungen.de\/hu\/wp-json\/wp\/v2\/categories?post=18747"},{"taxonomy":"post_tag","embeddable":true,"href":"https:\/\/www.kuebler-hallenheizungen.de\/hu\/wp-json\/wp\/v2\/tags?post=18747"}],"curies":[{"name":"wp","href":"https:\/\/api.w.org\/{rel}","templated":true}]}}