{"id":18748,"date":"2025-10-21T07:24:17","date_gmt":"2025-10-21T05:24:17","guid":{"rendered":"https:\/\/kuebler.werbe-sofa.de\/keine-angst-vor-dem-heizungsgesetz-bei-hallenheizungen\/"},"modified":"2025-10-21T17:53:56","modified_gmt":"2025-10-21T15:53:56","slug":"nem-kell-felni-a-futesi-toervenytol-a-belteri-futesi-rendszereknel","status":"publish","type":"post","link":"https:\/\/www.kuebler-hallenheizungen.de\/hu\/keine-angst-vor-dem-heizungsgesetz-bei-hallenheizungen\/","title":{"rendered":"F\u0171t\u00e9si t\u00f6rv\u00e9ny (GEG) csarnokf\u0171t\u00e9sek eset\u00e9n"},"content":{"rendered":"<h3>Ipari csarnokok GEG-nek megfelel\u0151 f\u0171t\u00e9se. Most. \u00c9s 2045 ut\u00e1n is.<\/h3>\n<h3>El\u0151sz\u00f6r a legfontosabb dolgok<\/h3>\n<ul>\n<li>A nagy hat\u00e9konys\u00e1g\u00fa decentraliz\u00e1lt infrav\u00f6r\u00f6s f\u0171t\u00e9sek tov\u00e1bbra is az els\u0151 sz\u00e1m\u00fa v\u00e1laszt\u00e1s a csarnokf\u0171t\u00e9s ter\u00fclet\u00e9n. Ez a GEG-m\u00f3dos\u00edt\u00e1s hat\u00e1lybal\u00e9p\u00e9se ut\u00e1n is \u00edgy van. Innovat\u00edv, energiahat\u00e9kony, t\u00f6bbf\u00e9le energi\u00e1t felhaszn\u00e1l\u00f3 vagy e-hibrid rendszerekk\u00e9nt (Fair.AIdH-technol\u00f3gia) minden k\u00f6vetelm\u00e9nynek megfelelnek a meg\u00fajul\u00f3 energi\u00e1k felhaszn\u00e1l\u00e1sa ter\u00e9n.<\/li>\n<li>A kl\u00edmasemleges f\u0171t\u00e9shez vezet\u0151 \u00fat fokozatos. A jogalkot\u00f3 a GEG-ben nagyvonal\u00fa \u00e1tmeneti id\u0151szakokat, technol\u00f3giai nyitotts\u00e1got \u00e9s pragmatikus, megfizethet\u0151 szab\u00e1lyoz\u00e1st ir\u00e1nyzott el\u0151.<\/li>\n<li>2026. j\u00fanius 30-ig (vagy 2028. j\u00fanius 30-ig) k\u00f6lts\u00e9ghat\u00e9konyan fel\u00faj\u00edthatja megl\u00e9v\u0151 rendszer\u00e9t, \u00e9s minden tov\u00e1bbi n\u00e9lk\u00fcl \u00e1t\u00e1ll\u00edthatja a j\u00f6v\u0151be mutat\u00f3, energiatakar\u00e9kos infrav\u00f6r\u00f6s technol\u00f3gi\u00e1ra.<\/li>\n<\/ul>\n<h2>I. \u00c1ltal\u00e1nos szab\u00e1lyok<\/h2>\n<h3>Mi az a GEG?<\/h3>\n<p>Az \u00e9p\u00fcletenergetikai t\u00f6rv\u00e9ny (GEG) - m\u00e1s n\u00e9ven f\u0171t\u00e9si t\u00f6rv\u00e9ny - a n\u00e9met f\u0171t\u00e9si \u00e1t\u00e1ll\u00e1s k\u00f6zponti eleme. Ez hat\u00e1rozza meg azokat az energetikai k\u00f6vetelm\u00e9nyeket, amelyeket a f\u0171t\u00f6tt \u00e9s l\u00e9gkondicion\u00e1lt \u00e9p\u00fcleteknek teljes\u00edteni\u00fck kell. A t\u00f6rv\u00e9ny 2020. november 1-j\u00e9n l\u00e9pett hat\u00e1lyba, \u00e9s az energiatakar\u00e9koss\u00e1gi t\u00f6rv\u00e9ny (EnEG), az energiatakar\u00e9koss\u00e1gi rendelet (EnEV) \u00e9s a meg\u00fajul\u00f3 energi\u00e1kr\u00f3l sz\u00f3l\u00f3 h\u0151t\u00f6rv\u00e9ny (EEW\u00e4rmeG) hely\u00e9be l\u00e9p. Kisebb v\u00e1ltoztat\u00e1s 2023. janu\u00e1r 1-j\u00e9n t\u00f6rt\u00e9nt (az \u00faj \u00e9p\u00fcletek megengedett \u00e9ves primerenergia-sz\u00fcks\u00e9glet\u00e9nek cs\u00f6kkent\u00e9se a kor\u00e1bbi 75 sz\u00e1zal\u00e9kr\u00f3l 55 sz\u00e1zal\u00e9kra a referencia\u00e9p\u00fcletre vonatkoz\u00f3an). A GEG \u00e1tfog\u00f3 m\u00f3dos\u00edt\u00e1s\u00e1t hosszas \u00e9s ellentmond\u00e1sos vit\u00e1k ut\u00e1n 2023. szeptember 8-\u00e1n fogadta el a Bundestag.<\/p>\n<p>Az \u00faj f\u0171t\u00e9si t\u00f6rv\u00e9nnyel a koal\u00edci\u00f3s korm\u00e1ny megkezdte az \u00e1t\u00e1ll\u00e1st a kl\u00edmabar\u00e1t f\u0171t\u00e9si rendszerekre. A t\u00f6rv\u00e9nym\u00f3dos\u00edt\u00e1s c\u00e9lja, hogy gyors\u00edtsa a f\u0171t\u00e9si \u00e1t\u00e1ll\u00e1st N\u00e9metorsz\u00e1gban. Ugyanakkor cs\u00f6kkenteni k\u00edv\u00e1nja a fosszilis energia importt\u00f3l val\u00f3 f\u00fcgg\u0151s\u00e9get.<\/p>\n<h3>Milyen k\u00f6vetelm\u00e9nyeket t\u00e1maszt az \u00faj GEG?<\/h3>\n<p>A f\u0171t\u00e9si t\u00f6rv\u00e9ny \u00faj k\u00f6vetelm\u00e9nyeket t\u00e1maszt a f\u0171t\u00e9si \u00e9s l\u00e9gkondicion\u00e1l\u00e1si technol\u00f3gi\u00e1val szemben a k\u00f6vetkez\u0151k tekintet\u00e9ben:<\/p>\n<ol>\n<li>Meg\u00fajul\u00f3 energi\u00e1k (RE) felhaszn\u00e1l\u00e1sa<\/li>\n<li>Energiahat\u00e9konys\u00e1g<\/li>\n<\/ol>\n<p>Az \u00e9ghajlatbar\u00e1t h\u0151ell\u00e1t\u00e1sra val\u00f3 \u00e1t\u00e1ll\u00e1snak fokozatosan kell t\u00f6rt\u00e9nnie, k\u00f6z\u00e9p- \u00e9s hossz\u00fa t\u00e1von tervezhet\u0151nek, k\u00f6lts\u00e9ghat\u00e9konynak \u00e9s stabilnak kell lennie. A c\u00e9l az, hogy legk\u00e9s\u0151bb 2045-ig megsz\u0171nj\u00f6n a fosszilis t\u00fczel\u0151anyagok haszn\u00e1lata az \u00e9p\u00fcletekben, \u00e9s el\u00e9rj\u00fck az \u00e9ghajlati semlegess\u00e9get.<\/p>\n<h3>Kit \u00e9rint az \u00faj f\u0171t\u00e9si t\u00f6rv\u00e9ny?<\/h3>\n<p>Az \u00faj GEG szinte minden f\u0171t\u00f6tt vagy l\u00e9gkondicion\u00e1lt \u00e9p\u00fcletre vonatkozik. A lak\u00f3\u00e9p\u00fcletek mellett a nem lak\u00f3\u00e9p\u00fcletek, p\u00e9ld\u00e1ul a csarnokok is ide tartoznak. Kiv\u00e9telt k\u00e9peznek<\/p>\n<ul>\n<li>\u00dcvegh\u00e1zak<\/li>\n<li>Stabil l\u00e9tes\u00edtm\u00e9nyek<\/li>\n<li>S\u00e1trak<\/li>\n<li>et al.<\/li>\n<\/ul>\n<h3>Mi\u00f3ta van hat\u00e1lyban a f\u0171t\u00e9si t\u00f6rv\u00e9ny \u2013 milyen \u00e1tmeneti id\u0151szakok vannak \u00e9rv\u00e9nyben?<\/h3>\n<p>M\u00e1s hat\u00e1rid\u0151k vonatkoznak arra az alapvet\u0151 c\u00e9lkit\u0171z\u00e9sre, hogy lehet\u0151s\u00e9g szerint csak 65 sz\u00e1zal\u00e9kban meg\u00fajul\u00f3 energi\u00e1n alapul\u00f3 f\u0171t\u00e9si rendszereket telep\u00edtsenek. Fontos megjegyezni, hogy a 2024.01.01-i hat\u00e1rid\u0151 az al\u00e1bbiakra vonatkozik <strong>csak \u00faj \u00e9p\u00fcletek az \u00faj fejleszt\u00e9si ter\u00fcleteken<\/strong>. Mindenki m\u00e1snak:<\/p>\n<ul>\n<li>2026.06.30. - \u00daj \u00e9p\u00fcletek az \u00faj fejleszt\u00e9si ter\u00fcleteken k\u00edv\u00fcl \u00e9s a nagyv\u00e1rosokban (t\u00f6bb mint 100 000 lakos) a megl\u00e9v\u0151 \u00e9p\u00fcletek eset\u00e9ben)<\/li>\n<li>30\/06\/2028 - \u00daj \u00e9p\u00fcletek az \u00faj fejleszt\u00e9si ter\u00fcleteken k\u00edv\u00fcl \u00e9s a kisebb v\u00e1rosokban megl\u00e9v\u0151 \u00e9p\u00fcletek eset\u00e9ben<\/li>\n<\/ul>\n<p>A 2023. janu\u00e1r 1-j\u00e9t\u0151l m\u00e1r hat\u00e1lyos m\u00f3dos\u00edt\u00e1sok k\u00fcl\u00f6n\u00f6sen az \u00faj \u00e9p\u00edt\u00e9s\u0171 \u00e9p\u00fcletek megengedett \u00e9ves primer energiaig\u00e9ny\u00e9nek a referencia\u00e9p\u00fclet 55 sz\u00e1zal\u00e9k\u00e1ra t\u00f6rt\u00e9n\u0151 cs\u00f6kkent\u00e9s\u00e9t, valamint a h\u0151h\u00e1l\u00f3zatra kapcsolt nagy teljes\u00edtm\u00e9ny\u0171 h\u0151szivatty\u00fak m\u0171k\u00f6dtet\u00e9s\u00e9hez sz\u00fcks\u00e9ges villamos energia primer energiafaktor\u00e1nak bevezet\u00e9s\u00e9t (1,2 a nem meg\u00fajul\u00f3 r\u00e9sz eset\u00e9ben; \u00a7 22 (2) bekezd\u00e9s 3. mondat) tartalmazz\u00e1k.<\/p>\n<h3>Mi vonatkozik a megl\u00e9v\u0151 f\u0171t\u00e9si rendszerekre?<\/h3>\n<p>A megl\u00e9v\u0151 f\u0171t\u00e9si rendszereket nem \u00e9rinti az \u00faj f\u0171t\u00e9si t\u00f6rv\u00e9ny. Ez minden olyan rendszerre vonatkozik, amelyet 2024. janu\u00e1r 1-je el\u0151tt telep\u00edtettek vagy fognak telep\u00edteni az \u00faj fejleszt\u00e9si ter\u00fcleteken, illetve az \u00faj fejleszt\u00e9si ter\u00fcleteken k\u00edv\u00fcl a legal\u00e1bb 100 000 lakos\u00fa telep\u00fcl\u00e9seken a 2026. j\u00fanius 30-i, kisebb telep\u00fcl\u00e9seken a 2028. j\u00fanius 30-i hat\u00e1rnapok el\u0151tt. Elvileg tov\u00e1bbra is \u00fczemeltethet\u0151k \u00e9s jav\u00edthat\u00f3k - m\u00e9g akkor is, ha olaj- vagy g\u00e1z\u00fczem\u0171ek.<\/p>\n<p>A 30 \u00e9ves vagy ann\u00e1l id\u0151sebb rendszerek azonban \u00e9rintettek (72. \u00a7). Azonban itt is vannak kiv\u00e9telek, pl. ha a f\u0171t\u00e9si rendszerek n\u00e9vleges teljes\u00edtm\u00e9nye 4 kW-n\u00e1l kisebb vagy 400 kW-n\u00e1l nagyobb. Vagy ha alacsony h\u0151m\u00e9rs\u00e9klet\u0171 vagy kondenz\u00e1ci\u00f3s kaz\u00e1nokat haszn\u00e1lnak.<\/p>\n<p>Azt azonban, hogy \u00e9rdemes-e tov\u00e1bb m\u0171k\u00f6dtetni a rendszert, r\u00e9szletesen meg kell vizsg\u00e1lni. A sokkal hat\u00e9konyabb f\u0171t\u00e9si rendszerek vagy meg\u00fajul\u00f3 energi\u00e1val m\u0171k\u00f6d\u0151 f\u0171t\u00e9si rendszerek haszn\u00e1lat\u00e1ra vonatkoz\u00f3 \u00faj k\u00f6vetelm\u00e9nyek ugyanis nemcsak a kl\u00edmav\u00e9delmet szolg\u00e1lj\u00e1k: a r\u00e9gi rendszerek gyakran olyan magas fogyaszt\u00e1si k\u00f6lts\u00e9geket okoznak, hogy cser\u00e9j\u00fck gazdas\u00e1gi szempontb\u00f3l is c\u00e9lszer\u0171.<\/p>\n<h3>Hogyan szab\u00e1lyozz\u00e1k a r\u00e9gi f\u0171t\u00e9si rendszerek cser\u00e9j\u00e9t?<\/h3>\n<p>Fontos megjegyezni, hogy a 2024 (vagy 2026\/2028.06.30.) el\u0151tt telep\u00edtett f\u0171t\u00e9si rendszerek legk\u00e9s\u0151bb 2044. december 31-ig tov\u00e1bbra is legfeljebb 100 sz\u00e1zal\u00e9kban fosszilis f\u00f6ldg\u00e1zzal \u00fczemeltethet\u0151k. Azt, hogy a telep\u00fcl\u00e9si f\u0171t\u00e9stervez\u00e9s ebben szerepet j\u00e1tszik-e, esetr\u0151l esetre kell megvizsg\u00e1lni.<\/p>\n<p>A foly\u00e9kony vagy g\u00e1znem\u0171 t\u00fczel\u0151anyaggal m\u0171k\u00f6d\u0151, 1991 el\u0151tt telep\u00edtett vagy 30 \u00e9vn\u00e9l id\u0151sebb f\u0171t\u00e9si rendszerek \u00e1ltal\u00e1ban cser\u00e9re szorulnak. Kiv\u00e9telt k\u00e9peznek p\u00e9ld\u00e1ul az alacsony h\u0151m\u00e9rs\u00e9klet\u0171 kaz\u00e1nok \u00e9s a kondenz\u00e1ci\u00f3s kaz\u00e1nok, valamint a 4 kW-n\u00e1l kisebb vagy 400 kW-n\u00e1l nagyobb n\u00e9vleges teljes\u00edtm\u00e9ny\u0171 f\u0171t\u00e9si rendszerek (72. \u00a7).<\/p>\n<p>A technol\u00f3giai nyitotts\u00e1g a kulcssz\u00f3, ha 65 sz\u00e1zal\u00e9kban meg\u00fajul\u00f3 energi\u00e1val t\u00f6rt\u00e9n\u0151 f\u0171t\u00e9sre szeretne \u00e1t\u00e1llni. \u00d6n p\u00e9ld\u00e1ul szabadon v\u00e1laszthat a k\u00fcl\u00f6nb\u00f6z\u0151 m\u0171szaki megold\u00e1sok k\u00f6z\u00fcl:<\/p>\n<ul>\n<li>F\u0171t\u0151h\u00e1l\u00f3zathoz val\u00f3 csatlakoz\u00e1s<\/li>\n<li>Elektromos h\u0151szivatty\u00fa<\/li>\n<li>K\u00f6zvetlen elektromos f\u0171t\u00e9s<\/li>\n<li>Hibrid f\u0171t\u00e9s (meg\u00fajul\u00f3 f\u0171t\u00e9s kombin\u00e1ci\u00f3ja g\u00e1zzal vagy olajjal)<\/li>\n<li>F\u0171t\u00e9s a napenergia alapj\u00e1n<\/li>\n<li>\u201eH\u2082-Ready\u201c g\u00e1zf\u0171t\u00e9sek, azaz olyan f\u0171t\u00e9sek, amelyek 100 sz\u00e1zal\u00e9kban hidrog\u00e9nre \u00e1talak\u00edthat\u00f3k. Ennek felt\u00e9tele, hogy l\u00e9tezzen jogilag k\u00f6telez\u0151 erej\u0171 beruh\u00e1z\u00e1si \u00e9s \u00e1talak\u00edt\u00e1si terv a megfelel\u0151 hidrog\u00e9ninfrastrukt\u00fara helysz\u00edni ki\u00e9p\u00edt\u00e9s\u00e9re.<\/li>\n<\/ul>\n<h3>Mit kell figyelembe venni f\u0171t\u00e9skimarad\u00e1s eset\u00e9n?<\/h3>\n<p>A megl\u00e9v\u0151 g\u00e1z- vagy olajf\u0171t\u00e9si rendszereket az \u00faj GEG alapj\u00e1n tov\u00e1bbra is lehet \u00fczemeltetni. Ha a f\u0171t\u00e9si rendszer meghib\u00e1sodik, azt meg lehet jav\u00edtani. A f\u0171t\u00e9si rendszer meghib\u00e1sod\u00e1sa eset\u00e9n, azaz ha a rendszer jav\u00edthatatlan, a jogalkot\u00f3 pragmatikus \u00e1tmeneti megold\u00e1sokat \u00e9s t\u00f6bb\u00e9ves \u00e1tmeneti id\u0151szakokat \u00edr el\u0151. K\u00e9nyszerhelyzetben a tulajdonosok mentes\u00fclhetnek a meg\u00fajul\u00f3 energi\u00e1val val\u00f3 f\u0171t\u00e9si k\u00f6telezetts\u00e9g al\u00f3l.<\/p>\n<p>Milyen t\u00e1mogat\u00e1sok lesznek el\u00e9rhet\u0151ek?<br \/>\nAz \u00faj t\u00e1mogat\u00e1si ir\u00e1nyelvekr\u0151l m\u00e9g mindig szavaznak a parlamentben. Ezek az energiahat\u00e9kony \u00e9p\u00fcletek sz\u00f6vets\u00e9gi t\u00e1mogat\u00e1si programj\u00e1nak (BEG) r\u00e9sz\u00e9t k\u00e9pezik. A Sz\u00f6vets\u00e9gi Gazdas\u00e1gi \u00e9s \u00c9ghajlatv\u00e9delmi Miniszt\u00e9rium (BMWK) t\u00e1mogatja a \"lak\u00f3\u00e9p\u00fcletek energetikai tan\u00e1csad\u00e1s\u00e1t\", \u00e9s a tan\u00e1csad\u00e1si k\u00f6lts\u00e9gek ak\u00e1r 80 sz\u00e1zal\u00e9k\u00e1t is fedezi. A nem lak\u00f3\u00e9p\u00fcletekre vonatkoz\u00f3 t\u00e1mogat\u00e1sokat \u00e9s a \"nem lak\u00f3\u00e9p\u00fcletek energetikai tan\u00e1csad\u00e1sa\" m\u00e9g nem v\u00e9gleges\u00edtett\u00e9k.<\/p>\n<h2>II. Mi vonatkozik kifejezetten az ipari \u00e9s kereskedelmi csarnokokra?<\/h2>\n<h3>Hogyan szab\u00e1lyozz\u00e1k a csarnokf\u0171t\u00e9si rendszerek cser\u00e9j\u00e9t a megl\u00e9v\u0151 \u00e9p\u00fcletekben?<\/h3>\n<p>A nagy hat\u00e9konys\u00e1g\u00fa decentraliz\u00e1lt csarnokf\u0171t\u00e9si rendszerek eset\u00e9ben a k\u00f6vetkez\u0151kre is sz\u00fcks\u00e9g lesz <strong>Nem k\u00f6telez\u0151 a meg\u00fajul\u00f3 energi\u00e1k haszn\u00e1lata<\/strong>, ha k\u00e9t \u00e9vvel a decentraliz\u00e1lt f\u0171t\u00e9si rendszer telep\u00edt\u00e9se ut\u00e1n a csarnokokban (&gt; 4 m) az energiahat\u00e9konys\u00e1gi k\u00f6vetelm\u00e9nynek megfelel\u0151 legal\u00e1bb 40 sz\u00e1zal\u00e9kos megtakar\u00edt\u00e1s igazolhat\u00f3 egy \u00e9v alatt (\u00a7 71 m). Ez azt jelenti, hogy ezek a nagy hat\u00e9konys\u00e1g\u00fa rendszerek (pl. K\u00dcBLER technol\u00f3gi\u00e1k) elm\u00e9letileg 2044.12.31-ig meg\u00fajul\u00f3 energi\u00e1k n\u00e9lk\u00fcl is \u00fczemeltethet\u0151k.<\/p>\n<h3>Mit kell figyelembe venni egy \u00faj csarnok \u00e9p\u00edt\u00e9s\u00e9n\u00e9l?<\/h3>\n<p>A jogalkot\u00f3 \u00e1ltal\u00e1noss\u00e1gban nyitva hagyta a GEG-k\u00f6vetelm\u00e9nyek teljes\u00edt\u00e9s\u00e9t valamennyi technol\u00f3gia el\u0151tt. A csarnok\u00e9p\u00fcletek decentraliz\u00e1lt infrav\u00f6r\u00f6s f\u0171t\u0151berendez\u00e9sekkel t\u00f6rt\u00e9n\u0151 f\u0171t\u00e9s\u00e9re k\u00fcl\u00f6nb\u00f6z\u0151 teljes\u00edt\u00e9si lehet\u0151s\u00e9gek vonatkoznak:<\/p>\n<p><strong><em>A meg\u00fajul\u00f3 energi\u00e1kra vonatkoz\u00f3 k\u00f6vetelm\u00e9nyek:<\/em><\/strong><\/p>\n<ol>\n<li>K\u00f6zvetlen elektromos f\u0171t\u0151testek: K\u00f6zvetlen\u00fcl villamos energi\u00e1val m\u0171k\u00f6d\u0151 infrav\u00f6r\u00f6s f\u0171t\u0151berendez\u00e9sek, amelyek teljes m\u00e9rt\u00e9kben fedezik a h\u0151ig\u00e9nyt. A csarnok ter\u00fclet\u00e9n <strong>nincs<\/strong> A szerkezeti h\u0151szigetel\u00e9sre vonatkoz\u00f3 minimumk\u00f6vetelm\u00e9nyeket 45 sz\u00e1zal\u00e9kkal kell alulm\u00falni (71d. \u00a7 (4) bekezd\u00e9s).<\/li>\n<li>H\u2082-ready: g\u00e1z\u00fczem\u0171 infrav\u00f6r\u00f6s f\u0171t\u0151berendez\u00e9sek, amelyek legk\u00e9s\u0151bb 2045-ben k\u00e9pesek lesznek 100 sz\u00e1zal\u00e9kban hidrog\u00e9nt \u00e9getni. Addig a \u00a7 71k szerinti \u00e1t\u00e1ll\u00e1si \u00fctemterv betart\u00e1s\u00e1val tov\u00e1bbra is f\u00f6ldg\u00e1z haszn\u00e1lhat\u00f3. A f\u0171t\u0151berendez\u00e9sek a h\u0151tervez\u00e9si hat\u00e1rid\u0151k lej\u00e1rt\u00e1ig (2026. j\u00fanius 30. 100 000 lakos feletti telep\u00fcl\u00e9seken, 2028. j\u00fanius 30. 100 000 lakos alatti telep\u00fcl\u00e9seken) tov\u00e1bbra is be\u00e9p\u00edthet\u0151k. 2029-t\u0151l azonban ezeknek egyre nagyobb ar\u00e1nyban meg\u00fajul\u00f3 energi\u00e1kat, p\u00e9ld\u00e1ul biog\u00e1zt vagy hidrog\u00e9nt kell haszn\u00e1lniuk:<\/li>\n<\/ol>\n<ul>\n<li>2029: legal\u00e1bb 15 sz\u00e1zal\u00e9k<\/li>\n<li>2035: legal\u00e1bb 30 sz\u00e1zal\u00e9k<\/li>\n<li>2040: legal\u00e1bb 60 sz\u00e1zal\u00e9k<\/li>\n<li>2045: 100 sz\u00e1zal\u00e9k<\/li>\n<\/ul>\n<p><strong><em>Hat\u00e9konys\u00e1gi k\u00f6vetelm\u00e9nyek:<\/em><\/strong><\/p>\n<ul>\n<li>2023. janu\u00e1r 1-j\u00e9t\u0151l az \u00faj csarnokokat \u00fagy kell \u00e9p\u00edteni, hogy az \u00e9ves primerenergia-sz\u00fcks\u00e9glet (f\u0171t\u00e9s, melegv\u00edz, szell\u0151z\u00e9s, h\u0171t\u00e9s, vil\u00e1g\u00edt\u00e1s) ne haladja meg a referencia\u00e9p\u00fclet primerenergia-sz\u00fcks\u00e9glet\u00e9nek 0,55-sz\u00f6r\u00f6s\u00e9t. Ez k\u00f6nnyen megval\u00f3s\u00edthat\u00f3, ha modern infrav\u00f6r\u00f6s technol\u00f3gi\u00e1kat alkalmaznak, \u00e9s a t\u00f6bbi szak\u00e1g (\u00e9p\u00fcletburkolat, szell\u0151z\u00e9s, h\u0171t\u00e9s, vil\u00e1g\u00edt\u00e1s) j\u00f3l van megtervezve.<\/li>\n<li>A fotovoltaikus villamos energia ellent\u00e9telez\u00e9se: A hat\u00e9konys\u00e1gi k\u00f6vetelm\u00e9nyek teljes\u00edt\u00e9s\u00e9t t\u00e1mogatja az a szab\u00e1lyoz\u00e1s, hogy az \u00e9p\u00fclet k\u00f6zel\u00e9ben termelt fotovoltaikus villamos energia levonhat\u00f3 a primerenergia-sz\u00fcks\u00e9gletb\u0151l. A k\u00f6zvetlen villamosenergia-f\u0171t\u00e9si rendszerek eset\u00e9ben a sz\u00e1m\u00edt\u00e1s alapja a havi m\u00e9rleg (minden szak\u00e1gra vonatkoz\u00f3an). Ez azt jelenti, hogy a PV-rendszer havi hozama besz\u00e1m\u00edt\u00e1sra ker\u00fcl a t\u00e9nyleges villamosenergia-ig\u00e9nybe.<\/li>\n<\/ul>\n<h3>Milyen k\u00f6telezetts\u00e9gek vonatkoznak a csarnok\u00e9p\u00fcletekre a vez\u00e9rl\u00e9s, az energiagazd\u00e1lkod\u00e1s \u00e9s az \u00e9p\u00fcletautomatiz\u00e1l\u00e1s ter\u00e9n?<\/h3>\n<p>Nem lak\u00f3\u00e9p\u00fcletek, p\u00e9ld\u00e1ul csarnokok, a f\u0171t\u00e9si rendszer n\u00e9vleges teljes\u00edtm\u00e9ny\u00e9vel. <strong>\u2265 290 kW<\/strong> 2024. december 31-ig fel kell szerelni \u00e9p\u00fcletautomatiz\u00e1l\u00e1si \u00e9s -ir\u00e1ny\u00edt\u00e1si rendszerrel \u00e9s digit\u00e1lis energiafel\u00fcgyeleti technol\u00f3gi\u00e1val (71a. szakasz). Ezt a k\u00f6vetelm\u00e9nyt a decentraliz\u00e1lt infrav\u00f6r\u00f6s f\u0171t\u00e9si rendszerek eset\u00e9ben a CELESTRA vez\u00e9rl\u0151rendszer \u00e9s az EMMA energiagazd\u00e1lkod\u00e1si rendszer teljes\u00edti. Fontos: az EMMA a BAFA-t\u00e1mogat\u00e1sra jogosult energiagazd\u00e1lkod\u00e1si szoftverek k\u00f6z\u00f6tt szerepel.<\/p>\n<h3>Mit kell tudni a csarnokok f\u0171t\u00e9s\u00e9n\u00e9l?<\/h3>\n<p>Az ak\u00e1r 40 m\u00e9teres belmagass\u00e1g\u00fa \u00e9s t\u00f6bb ezer n\u00e9gyzetm\u00e9teres helyis\u00e9gm\u00e9ret\u0171 csarnok\u00e9p\u00fcletekre - ipari, kereskedelmi vagy \u00f6nkorm\u00e1nyzati \u00e9p\u00fcletekre - m\u00e1s \u00e9p\u00fcletfizikai jogszab\u00e1lyok vonatkoznak, mint m\u00e1s nem lak\u00f3\u00e9p\u00fcletekre (irod\u00e1k, \u00f3vod\u00e1k, \u00e9ttermek stb.) vagy ak\u00e1r lak\u00f3\u00e9p\u00fcletekre.<\/p>\n<p>A csarnokok f\u0171t\u00e9s\u00e9hez a decentraliz\u00e1lt infrav\u00f6r\u00f6s technol\u00f3gia az els\u0151 v\u00e1laszt\u00e1s. Ezen speci\u00e1lis \u00e9p\u00fcletek f\u0171t\u00e9s\u00e9ben ez a technol\u00f3gia messze fel\u00fclm\u00falja a h\u0151szivatty\u00fakat. Ennek j\u00f3 okai vannak:<\/p>\n<ol>\n<li>Kifejezetten a csarnokok\/teremhaszn\u00e1lat saj\u00e1toss\u00e1gaihoz igaz\u00edtva: Az infrav\u00f6r\u00f6s f\u0171t\u0151berendez\u00e9sek kiemelked\u0151 f\u0171t\u00e9si komfortot ny\u00fajtanak - huzat \u00e9s porfelver\u0151d\u00e9s n\u00e9lk\u00fcl. Ig\u00e9ny szerinti funkci\u00f3kkal rendelkeznek, mint p\u00e9ld\u00e1ul c\u00e9lzott z\u00f3naf\u0171t\u00e9s, automatikus kikapcsol\u00e1s ajt\u00f3nyit\u00e1skor \u00e9s m\u00e9g sok m\u00e1s.<\/li>\n<li>Ak\u00e1r 70-80 sz\u00e1zal\u00e9kkal alacsonyabb beruh\u00e1z\u00e1si k\u00f6lts\u00e9gek - hasonl\u00f3 hat\u00e9konys\u00e1g mellett: a jelent\u0151sen alacsonyabb beruh\u00e1z\u00e1si k\u00f6lts\u00e9gek \u00e9s az alacsony \u00fczemeltet\u00e9si k\u00f6lts\u00e9gek megfizethet\u0151v\u00e9 teszik az \u00e1talak\u00edt\u00e1st az ipar sz\u00e1m\u00e1ra, ami az energiafordulat siker\u00e9nek fontos kataliz\u00e1tora.<\/li>\n<li>A h\u0151szivatty\u00fakkal egyen\u00e9rt\u00e9k\u0171 (vagy ann\u00e1l jobb) energiahat\u00e9konys\u00e1g: Az IR-f\u0171t\u00e9si rendszerek ak\u00e1r 70 sz\u00e1zal\u00e9kos energiamegtakar\u00edt\u00e1st eredm\u00e9nyeznek - m\u00e9g a legnehezebb k\u00f6r\u00fclm\u00e9nyek k\u00f6z\u00f6tt is, magas csarnok\u00e9p\u00fcletekben.<\/li>\n<li>A csarnok mennyezete al\u00e1 telep\u00edtve helytakar\u00e9kos: \u00edgy a csarnok padl\u00f3j\u00e1nak szabad (\u00fajra)hasznos\u00edt\u00e1sa, pl. neh\u00e9z terhek, m\u00f3dos\u00edtott g\u00e9pi berendez\u00e9sek stb. sz\u00e1m\u00e1ra. Rugalmas b\u0151v\u00edt\u00e9sekhez vagy m\u00e1s \u00e9p\u00fclet(r\u00e9sz)ekbe t\u00f6rt\u00e9n\u0151 \u00faj telep\u00edt\u00e9sekhez.<\/li>\n<li>Energiahat\u00e9kony, meg\u00fajul\u00f3 energi\u00e1val m\u0171k\u00f6dtethet\u0151 (t\u00f6bbf\u00e9le energiaforr\u00e1s haszn\u00e1lata): a modern decentraliz\u00e1lt IR-rendszerek v\u00e1laszthatnak az \u00e1ram, hidrog\u00e9n, biog\u00e1z, (biog\u00e9n) cseppfoly\u00f3s g\u00e1z \u00e9s\/vagy met\u00e1n energiaforr\u00e1sok k\u00f6z\u00f6tt. Ez a meg\u00fajul\u00f3 energi\u00e1k bizonytalan rendelkez\u00e9sre \u00e1ll\u00e1sa \u00e9s volatilit\u00e1sa miatt rendk\u00edv\u00fcl fontos az ipari \u00fczemeltet\u00e9s biztons\u00e1ga \u00e9s termel\u00e9kenys\u00e9ge szempontj\u00e1b\u00f3l.<\/li>\n<li>Energiagazd\u00e1lkod\u00e1s \u00e9s teljes digitaliz\u00e1l\u00e1s: a digit\u00e1lis vez\u00e9rl\u00e9snek k\u00f6sz\u00f6nhet\u0151en a f\u0171t\u00e9si rendszer mindig optim\u00e1lis hat\u00e9konys\u00e1gi szinten m\u0171k\u00f6dik. Az energiagazd\u00e1lkod\u00e1s \u00e1tl\u00e1that\u00f3s\u00e1got teremt \u00e9s alapul szolg\u00e1l az auditokhoz, pl. a DIN EN ISO 50001 szabv\u00e1ny szerint.<\/li>\n<\/ol>\n<h3>Hogyan haszn\u00e1lhat\u00f3k a modern K\u00dcBLER infrav\u00f6r\u00f6s f\u0171t\u0151berendez\u00e9sek a GEG-nek megfelel\u0151en?<\/h3>\n<p>A megl\u00e9v\u0151 \u00e9p\u00fcletekben a nagy hat\u00e9konys\u00e1g\u00fa infrav\u00f6r\u00f6s f\u0171t\u0151berendez\u00e9sek, mint p\u00e9ld\u00e1ul a K\u00dcBLER MAXIMA vagy PRIMA plus technol\u00f3gi\u00e1k, a GEG-nek megfelel\u0151en k\u00f6nnyen alkalmazhat\u00f3k, mivel nagym\u00e9rt\u00e9k\u0171, 40 sz\u00e1zal\u00e9kos vagy ann\u00e1l nagyobb energiamegtakar\u00edt\u00e1st eredm\u00e9nyeznek.<\/p>\n<p>Az \u00faj \u00e9p\u00fcletekben a Fair.AIdH technol\u00f3gia \u2013 a t\u00f6bbsz\u00f6r\u00f6sen d\u00edjnyertes FUTURA infrav\u00f6r\u00f6s f\u0171t\u00e9s a K\u00dcBLER-t\u0151l \u2013 k\u00e9tf\u00e9le lehet\u0151s\u00e9get k\u00edn\u00e1l a meg\u00fajul\u00f3 energiaforr\u00e1sokra vonatkoz\u00f3 k\u00f6vetelm\u00e9nyek teljes\u00edt\u00e9s\u00e9re. Ez mindk\u00e9t funkci\u00f3t ell\u00e1tja: k\u00f6zvetlen elektromos f\u0171t\u00e9s \u00e9s H\u2082-kompatibilis. Ha f\u0171t\u00e9si strat\u00e9gi\u00e1ja az elektromos \u00e1ramon alapul, a FUTURA E \u00e9s az ELEXTRA biztos\u00edtja a j\u00f6v\u0151biztos \u00e9s gazdas\u00e1gos \u00e1t\u00e1ll\u00e1st a sz\u00e9n-dioxid-mentes korszakra.<\/p>\n<p>Az innovat\u00edv K\u00dcBLER-technol\u00f3gi\u00e1k az \u00faj \u00e9p\u00fcletek magas hat\u00e9konys\u00e1gi k\u00f6vetelm\u00e9nyeinek (55 sz\u00e1zal\u00e9k a referencia\u00e9p\u00fcletn\u00e9l) is megfelelnek az \u00f6sszes szak\u00e1g (\u00e9p\u00fcletburkolat, szell\u0151z\u00e9s, h\u0171t\u00e9s, vil\u00e1g\u00edt\u00e1s) k\u00f6lcs\u00f6nhat\u00e1s\u00e1ban.<\/p>\n<h3>\u00c9s a k\u00f6vetkeztet\u00e9s?<\/h3>\n<p>A nagy hat\u00e9konys\u00e1g\u00fa decentraliz\u00e1lt infrav\u00f6r\u00f6s f\u0171t\u0151berendez\u00e9sek az ipari csarnokok f\u0171t\u00e9s\u00e9nek arany standardj\u00e1nak sz\u00e1m\u00edtanak. Nem csoda, hiszen kifejezetten ezeknek az \u00e9p\u00fclet\u00f3ri\u00e1soknak a f\u0171t\u00e9s\u00e9re tervezt\u00e9k \u0151ket. A K\u00dcBLER infrav\u00f6r\u00f6s f\u0171t\u0151berendez\u00e9sei a piacon kaphat\u00f3 leghat\u00e9konyabb \u00e9s leggazdas\u00e1gosabb megold\u00e1soknak sz\u00e1m\u00edtanak. Az energiaforradalomhoz val\u00f3 hozz\u00e1j\u00e1rul\u00e1suk\u00e9rt sz\u00e1mos d\u00edjat kaptak, \u00e9s t\u00f6k\u00e9letesen teljes\u00edtik a modern csarnokf\u0171t\u00e9si rendszerekkel szemben t\u00e1masztott h\u00e1rom alapvet\u0151 k\u00f6vetelm\u00e9nyt:<\/p>\n<ul>\n<li>Energiahat\u00e9konys\u00e1g \u00e9s meg\u00fajul\u00f3 energi\u00e1k<\/li>\n<li>H\u0151komfort \u00e9s funkcionalit\u00e1s<\/li>\n<li>Gazdas\u00e1goss\u00e1g \u00e9s rugalmass\u00e1g<\/li>\n<\/ul>\n<p>A K\u00dcBLER technol\u00f3gi\u00e1k minden l\u00e9nyeges szempontb\u00f3l szabv\u00e1nyt teremtenek, \u00e9s befektet\u00e9si \u00e9s jogi biztons\u00e1got ny\u00fajtanak az energetikai \u00e1t\u00e1ll\u00e1s teljes folyamat\u00e1ban \u2013 mostant\u00f3l 2045-ig \u00e9s azon t\u00fal is.<\/p>\n<p>A GEG-vel kapcsolatos k\u00e9rd\u00e9seire \u00e9s arra vonatkoz\u00f3an, hogy hogyan f\u0171theti csarnokait a t\u00f6rv\u00e9nynek megfelel\u0151en, a +49 621 57000-0 telefonsz\u00e1mon vagy e-mailben kaphat v\u00e1laszt: <a href=\"mailto:kontakt@kuebler-hallenheizungen.de\">kontakt@kuebler-hallenheizungen.de<\/a> Szak\u00e9rt\u0151ink szakszer\u0171en \u00e9s k\u00f6telezetts\u00e9g n\u00e9lk\u00fcl adnak \u00d6nnek tan\u00e1csot!<\/p>\n<h3>Forr\u00e1sok:<\/h3>\n<p>BMWK - V\u00e1ltson kl\u00edmabar\u00e1t f\u0171t\u00e9sre most! (energiewechsel.de)<br \/>\nBMWK - Meg\u00fajul\u00f3 f\u0171t\u00e9s - \u00c9p\u00fcletenergetikai t\u00f6rv\u00e9ny (GEG) (energiewechsel.de)<\/p>","protected":false},"excerpt":{"rendered":"<p>A f\u0171t\u00e9si t\u00f6rv\u00e9ny (\u00e9p\u00fcletenergetikai t\u00f6rv\u00e9ny - GEG) mellett d\u00f6nt\u00f6ttek, de a k\u00e9rd\u00e9sek tov\u00e1bbra is fenn\u00e1llnak. Aggodalomra azonban semmi ok: a jogalkot\u00f3 nagyvonal\u00fa \u00e1tmeneti id\u0151szakokat, technol\u00f3giai nyitotts\u00e1got \u00e9s pragmatikus, megfizethet\u0151 szab\u00e1lyoz\u00e1st biztos\u00edtott a 2045-ig t\u00f6rt\u00e9n\u0151 fokozatos, kl\u00edmasemleges f\u0171t\u00e9sre val\u00f3 \u00e1tt\u00e9r\u00e9shez. Dr. Jens Findeisen elmagyar\u00e1zza, hogy mit kell tudnia most a kereskedelmi \u00e9s ipari \u00e9p\u00fcletek f\u0171t\u00e9s\u00e9n\u00e9l.<\/p>","protected":false},"author":3,"featured_media":16922,"comment_status":"closed","ping_status":"closed","sticky":false,"template":"","format":"standard","meta":{"_acf_changed":false,"_seopress_robots_primary_cat":"none","_seopress_titles_title":"Keine Angst vor dem Heizungsgesetz: L\u00f6sungen f\u00fcr Hallen","_seopress_titles_desc":"Keine Angst vor dem Heizungsgesetz: Erfahren Sie, wie K\u00fcbler Hallenheizungen gesetzeskonform und effizient Ihre Heizbed\u00fcrfnisse erf\u00fcllen kann.","_seopress_robots_index":"","footnotes":""},"categories":[1],"tags":[141,127,314,287,289,290,220,315,274,316,317],"class_list":["post-18748","post","type-post","status-publish","format-standard","has-post-thumbnail","hentry","category-allgemein","tag-CO","tag-energieeffizienz","tag-gebaeudeenergiegesetz","tag-geg","tag-hallen-geg-konform-heizen","tag-hallen-heizen","tag-hallenheizungen","tag-heizungsgesetz","tag-kuebler-hallenheizungen","tag-nichtwohngebaeude","tag-nwg-heizen"],"acf":[],"_links":{"self":[{"href":"https:\/\/www.kuebler-hallenheizungen.de\/hu\/wp-json\/wp\/v2\/posts\/18748","targetHints":{"allow":["GET"]}}],"collection":[{"href":"https:\/\/www.kuebler-hallenheizungen.de\/hu\/wp-json\/wp\/v2\/posts"}],"about":[{"href":"https:\/\/www.kuebler-hallenheizungen.de\/hu\/wp-json\/wp\/v2\/types\/post"}],"author":[{"embeddable":true,"href":"https:\/\/www.kuebler-hallenheizungen.de\/hu\/wp-json\/wp\/v2\/users\/3"}],"replies":[{"embeddable":true,"href":"https:\/\/www.kuebler-hallenheizungen.de\/hu\/wp-json\/wp\/v2\/comments?post=18748"}],"version-history":[{"count":0,"href":"https:\/\/www.kuebler-hallenheizungen.de\/hu\/wp-json\/wp\/v2\/posts\/18748\/revisions"}],"wp:featuredmedia":[{"embeddable":true,"href":"https:\/\/www.kuebler-hallenheizungen.de\/hu\/wp-json\/wp\/v2\/media\/16922"}],"wp:attachment":[{"href":"https:\/\/www.kuebler-hallenheizungen.de\/hu\/wp-json\/wp\/v2\/media?parent=18748"}],"wp:term":[{"taxonomy":"category","embeddable":true,"href":"https:\/\/www.kuebler-hallenheizungen.de\/hu\/wp-json\/wp\/v2\/categories?post=18748"},{"taxonomy":"post_tag","embeddable":true,"href":"https:\/\/www.kuebler-hallenheizungen.de\/hu\/wp-json\/wp\/v2\/tags?post=18748"}],"curies":[{"name":"wp","href":"https:\/\/api.w.org\/{rel}","templated":true}]}}