{"id":19278,"date":"2020-06-19T12:53:39","date_gmt":"2020-06-19T10:53:39","guid":{"rendered":"https:\/\/kuebler.werbe-sofa.de\/presse\/pressemitteilungen\/bundestag-beschliesst-geg\/"},"modified":"2024-10-31T10:10:42","modified_gmt":"2024-10-31T09:10:42","slug":"a-bundestag-ugy-doent-hogy","status":"publish","type":"pressemitteilungen","link":"https:\/\/www.kuebler-hallenheizungen.de\/hu\/presse\/pressemitteilungen\/bundestag-beschliesst-geg\/","title":{"rendered":"A k\u00e1osz v\u00e9ge - a Bundestag elfogadja az \u00e9p\u00fcletenergetikai t\u00f6rv\u00e9nyt (GEG)"},"content":{"rendered":"<p><H\u2082>A K\u00c1OSZ V\u00c9GE - A SZ\u00d6VETS\u00c9GI PARLAMENT ELFOGADJA AZ \u00c9P\u00dcLETENERGETIKAI T\u00d6RV\u00c9NYT<\/H\u2082><br \/>\n<strong>\"Ez igaz\u00e1n j\u00f3 h\u00edr az \u00e9p\u00fclettulajdonosok sz\u00e1m\u00e1ra, k\u00fcl\u00f6n\u00f6sen az \u00faj \u00e9p\u00edt\u00e9s\u0171 szektorban. A GEG v\u00e9gre figyelembe veszi azokat az energiahat\u00e9kony technol\u00f3gi\u00e1kat, amelyek t\u00f6bbet tudnak, \u00e9s ugyanakkor gazdas\u00e1gosabbak is.\"<\/strong><\/p>\n<p>mondja Thomas K\u00fcbler, a K\u00dcBLER GmbH \u00fcgyvezet\u0151 partnere. Az \u00faj t\u00f6rv\u00e9nnyel most m\u00e1r gond n\u00e9lk\u00fcl haszn\u00e1lhat\u00f3k olyan f\u0171t\u00e9si technol\u00f3gi\u00e1k is, amelyek nemcsak az energiahat\u00e9konys\u00e1g, hanem a k\u00f6nny\u0171 kezelhet\u0151s\u00e9g szempontj\u00e1b\u00f3l is egy\u00e9rtelm\u0171en jobbak.\" Emellett van egy m\u00e1sik \u00f6rvendetes hat\u00e1s is: \"\u00c1ltal\u00e1nos gazdas\u00e1gi szempontb\u00f3l a csarnok\u00e9p\u00fcletek \u00fczemeltet\u0151inek mostant\u00f3l sokkal t\u00f6bb lehet\u0151s\u00e9g\u00fck van az energiahat\u00e9konys\u00e1g megval\u00f3s\u00edt\u00e1s\u00e1ra a v\u00e1llalatukban. \u00c9s mindezt l\u00e9nyegesen alacsonyabb beruh\u00e1z\u00e1si k\u00f6lts\u00e9gek mellett\".<\/p>\n<p>Az \u00e9rintett v\u00e1llalatok \u00e9s sz\u00f6vets\u00e9gek \u00e9vek \u00f3ta k\u00fczdenek az EEW\u00e4rmeG fel\u00fclvizsg\u00e1lat\u00e1\u00e9rt. A kritika szerint a t\u00f6rv\u00e9ny megfogalmaz\u00e1sa egyszer\u0171en figyelmen k\u00edv\u00fcl hagyta a 4 m\u00e9tern\u00e9l magasabb belmagass\u00e1g\u00fa helyis\u00e9gek speci\u00e1lis \u00e9p\u00edt\u00e9si fizikai adotts\u00e1gait, \u00e9s ez\u00e9rt a hidraulikus rendszerekre \u00f6sszpontos\u00edtott, amelyek itt l\u00e9nyegesen kev\u00e9sb\u00e9 hat\u00e9konyak \u00e9s alkalmasak.<\/p>\n<p><strong>\"A GEG-vel v\u00e9gre olyan szab\u00e1lyoz\u00e1ssal rendelkez\u00fcnk, amely nyitott minden technol\u00f3gia el\u0151tt, \u00e9s t\u00f6bb\u00e9 nem z\u00e1rja ki a nagy t\u00e9rf\u0171t\u00e9s speci\u00e1lis k\u00f6vetelm\u00e9nyeihez igazod\u00f3, nagy hat\u00e9konys\u00e1g\u00fa rendszereket, csak az\u00e9rt, mert a tervez\u0151k nem differenci\u00e1ltan dolgoztak.\".<\/strong><\/p>\n<p>mondja K\u00dcBLER. A \"Hat\u00e9konys\u00e1g az els\u0151\" vez\u00e9relv v\u00e9gre egyre nagyobb jelent\u0151s\u00e9get kap. Konkr\u00e9tan, amikor a GEG hat\u00e1lyba l\u00e9p, a 4 m-n\u00e9l nagyobb belmagass\u00e1g\u00fa, decentraliz\u00e1ltan f\u0171t\u00f6tt csarnokok (z\u00f3n\u00e1k) mentes\u00fclnek a meg\u00fajul\u00f3 energiaforr\u00e1sok felhaszn\u00e1l\u00e1s\u00e1nak k\u00f6telezetts\u00e9ge al\u00f3l a f\u0171t\u00e9si \u00e9s h\u0171t\u00e9si energiasz\u00fcks\u00e9glet fedez\u00e9s\u00e9re.<\/p>\n<p>Mi a k\u00f6vetkez\u0151 l\u00e9p\u00e9s? A Bundestag 2020. j\u00fanius 18-\u00e1n a CDU\/CSU \u00e9s az SPD szavazataival elfogadta az \u00e9p\u00fcletekre vonatkoz\u00f3 energiatakar\u00e9koss\u00e1gi jogszab\u00e1lyok egys\u00e9ges\u00edt\u00e9s\u00e9r\u0151l sz\u00f3l\u00f3 t\u00f6rv\u00e9nytervezetet a Gazdas\u00e1gi \u00e9s Energia\u00fcgyi Bizotts\u00e1g aj\u00e1nl\u00e1sa alapj\u00e1n. A 2020. janu\u00e1ri t\u00f6rv\u00e9nytervezethez k\u00e9pest nem t\u00f6rt\u00e9nt jelent\u0151s v\u00e1ltoz\u00e1s. Kiemelend\u0151 azonban a PV-sapka fels\u0151 hat\u00e1r\u00e1nak elt\u00f6rl\u00e9se \u00e9s a megnyitott innov\u00e1ci\u00f3s z\u00e1rad\u00e9k (t\u00f6bbek k\u00f6z\u00f6tt a hidrog\u00e9nre vonatkoz\u00f3an). A k\u00f6vetkez\u0151 l\u00e9p\u00e9sben a t\u00f6rv\u00e9nyt most vissza kell k\u00fcldeni a Sz\u00f6vets\u00e9gi Tan\u00e1csnak, \u00e9s a sz\u00f6vets\u00e9gi eln\u00f6knek al\u00e1 kell \u00edrnia. A sz\u00f6vets\u00e9gi t\u00f6rv\u00e9nyk\u00f6zl\u00f6nyben val\u00f3 k\u00f6zz\u00e9t\u00e9telt k\u00f6vet\u0151en a GEG hat\u00e1lyba l\u00e9p. Az EnEV \u00e9s az EEW\u00e4rmeG ezut\u00e1n m\u00e1r t\u00f6rt\u00e9nelem lesz.<\/p>","protected":false},"featured_media":2436,"template":"","categories":[],"class_list":["post-19278","pressemitteilungen","type-pressemitteilungen","status-publish","has-post-thumbnail","hentry"],"acf":[],"_links":{"self":[{"href":"https:\/\/www.kuebler-hallenheizungen.de\/hu\/wp-json\/wp\/v2\/pressemitteilungen\/19278","targetHints":{"allow":["GET"]}}],"collection":[{"href":"https:\/\/www.kuebler-hallenheizungen.de\/hu\/wp-json\/wp\/v2\/pressemitteilungen"}],"about":[{"href":"https:\/\/www.kuebler-hallenheizungen.de\/hu\/wp-json\/wp\/v2\/types\/pressemitteilungen"}],"wp:featuredmedia":[{"embeddable":true,"href":"https:\/\/www.kuebler-hallenheizungen.de\/hu\/wp-json\/wp\/v2\/media\/2436"}],"wp:attachment":[{"href":"https:\/\/www.kuebler-hallenheizungen.de\/hu\/wp-json\/wp\/v2\/media?parent=19278"}],"wp:term":[{"taxonomy":"category","embeddable":true,"href":"https:\/\/www.kuebler-hallenheizungen.de\/hu\/wp-json\/wp\/v2\/categories?post=19278"}],"curies":[{"name":"wp","href":"https:\/\/api.w.org\/{rel}","templated":true}]}}